{"id":19440,"date":"2025-11-17T12:26:34","date_gmt":"2025-11-17T11:26:34","guid":{"rendered":"https:\/\/www.friedenkoeln.de\/?p=19440"},"modified":"2026-04-28T13:29:54","modified_gmt":"2026-04-28T11:29:54","slug":"es-wehen-immer-mehr-weisse-fahnen-in-koeln","status":"publish","type":"post","link":"https:\/\/www.friedenkoeln.de\/?p=19440","title":{"rendered":"Es wehen immer mehr wei\u00dfe Fahnen in K\u00f6ln"},"content":{"rendered":"<p class=\"p1\"><span class=\"s1\">Seit April 2024 stehen Mitglieder und Freundinnen der DFG-VK jede Woche auf zwei Pl\u00e4tzen in der Stadt. Die Initialz\u00fcndung zur Aktion lieferte im M\u00e4rz 2024 Papst Franziskus. Er sprach sich f\u00fcr mehr \u201eMut zur wei\u00dfen Fahne\u201c aus \u2013 doch was den Gl\u00e4ubigen eigentlich selbstverst\u00e4ndlich und heilig sein sollte, brachte ihm heftigen Widerspruch ein. Der Vatikan sah sich zu der Erl\u00e4uterung gen\u00f6tigt, dass der Papst nicht die Kapitulation der Ukraine empfohlen habe, sondern zum Gespr\u00e4ch miteinander und einer Verst\u00e4ndigung \u00fcber Verhandlungen aufruft. Schon der erste Premierminister Indiens, Jawaharlal Nehru sagte &#8222;Alle Kriege enden mit Verhandlungen. Warum also nicht gleich verhandeln?&#8220;<\/span><\/p>\n<div id=\"attachment_19443\" style=\"width: 1210px\" class=\"wp-caption aligncenter\"><img loading=\"lazy\" decoding=\"async\" aria-describedby=\"caption-attachment-19443\" class=\"wp-image-19443 size-full\" src=\"https:\/\/www.friedenkoeln.de\/wp-content\/uploads\/2025\/11\/Foto-weisse-Fahnen-Chlodwigplatz-1200.jpg\" alt=\"Weisse Fahnen auf dem Chlodwigplatz Foto: A.Erdmann\" width=\"1200\" height=\"900\" srcset=\"https:\/\/www.friedenkoeln.de\/wp-content\/uploads\/2025\/11\/Foto-weisse-Fahnen-Chlodwigplatz-1200.jpg 1200w, https:\/\/www.friedenkoeln.de\/wp-content\/uploads\/2025\/11\/Foto-weisse-Fahnen-Chlodwigplatz-1200-200x150.jpg 200w, https:\/\/www.friedenkoeln.de\/wp-content\/uploads\/2025\/11\/Foto-weisse-Fahnen-Chlodwigplatz-1200-768x576.jpg 768w\" sizes=\"auto, (max-width: 1200px) 100vw, 1200px\" \/><p id=\"caption-attachment-19443\" class=\"wp-caption-text\">Foto: A.Erdmann \u2013 Weisse Fahnen auf dem Chlodwigplatz<\/p><\/div>\n<p class=\"p1\"><span class=\"s1\">In der K\u00f6lner DFG-VK-Gruppe entstand zu der Zeit die Idee, als symbolische Ermutigung zum Frieden wei\u00dfe Fahnen zu nutzen; so wehen sie seit nunmehr \u00fcber anderthalb Jahren Woche f\u00fcr Woche an zwei stark frequentierten Pl\u00e4tzen der Stadt, In der S\u00fcdstadt mit Musik und Gesang.<\/span><\/p>\n<p class=\"p1\"><strong><span class=\"s1\">Wer sich der Aktion anschlie\u00dfen m\u00f6chte, ist herzlich willkommen.<\/span><\/strong><\/p>\n<p class=\"p1\"><span class=\"s1\"><strong>Montags<\/strong> von 17 bis 18 Uhr am Domforum (Kontakt: Michael, <a href=\"mailto:michael.strauch@netcologne.de\">michael.strauch@netcologne.de<\/a>)\u00a0<\/span><\/p>\n<p class=\"p1\"><span class=\"s1\"><strong>Mittwochs<\/strong> von 17 bis 18 Uhr auf dem Chlodwigplatz, im Winter 1 Stunde fr\u00fcher (Kontakt: Ariane, <a href=\"mailto:ariane.detloff@contraste.org\"><span class=\"s2\">ariane.detloff@contraste.org<\/span><\/a>)<\/span><\/p>\n<p class=\"p1\"><span class=\"s1\">Hier findet ihr unseren <a href=\"\/wp-content\/uploads\/2025\/11\/fahnen_flyer_winterzeit.pdf\" target=\"_blank\" rel=\"noopener\">Flyer &#8222;I come in Peace!&#8220;<\/a>, welcher von unserem Mitglied Amelie geschrieben wurde und anl\u00e4sslich der Wei\u00dfe Fahnen Aktionen verteilt wird.<\/span><\/p>\n<p class=\"p1\"><span class=\"s1\">Hier ein ausf\u00fchrlicheren <a href=\"https:\/\/www.friedenkoeln.de\/wp-content\/uploads\/2025\/11\/Aktion-Weisse-Fahne-Seiten-41-und-42-aus-der-DFG-VK-Zeitschrift-ZivilCourage-2025_03.pdf\" target=\"_blank\" rel=\"noopener\">Bericht &#8222;Aktion wei\u00dfe Fahne&#8220;<\/a> mit Hintergrundinformationen\u00a0 ver\u00f6ffentlicht in unserer Verbandszeitschrift Zivilcourage\u00a0<\/span><\/p>\n","protected":false},"excerpt":{"rendered":"<p>Seit April 2024 stehen Mitglieder und Freundinnen der DFG-VK jede Woche auf zwei Pl\u00e4tzen in der Stadt. Die Initialz\u00fcndung zur Aktion lieferte im M\u00e4rz 2024 Papst Franziskus. Er sprach sich f\u00fcr mehr \u201eMut zur&#46;&#46;&#46;<\/p>\n","protected":false},"author":110,"featured_media":19442,"comment_status":"open","ping_status":"open","sticky":false,"template":"","format":"standard","meta":{"footnotes":""},"categories":[2,105],"tags":[],"class_list":["post-19440","post","type-post","status-publish","format-standard","has-post-thumbnail","hentry","category-aktionen","category-bericht"],"_links":{"self":[{"href":"https:\/\/www.friedenkoeln.de\/index.php?rest_route=\/wp\/v2\/posts\/19440","targetHints":{"allow":["GET"]}}],"collection":[{"href":"https:\/\/www.friedenkoeln.de\/index.php?rest_route=\/wp\/v2\/posts"}],"about":[{"href":"https:\/\/www.friedenkoeln.de\/index.php?rest_route=\/wp\/v2\/types\/post"}],"author":[{"embeddable":true,"href":"https:\/\/www.friedenkoeln.de\/index.php?rest_route=\/wp\/v2\/users\/110"}],"replies":[{"embeddable":true,"href":"https:\/\/www.friedenkoeln.de\/index.php?rest_route=%2Fwp%2Fv2%2Fcomments&post=19440"}],"version-history":[{"count":8,"href":"https:\/\/www.friedenkoeln.de\/index.php?rest_route=\/wp\/v2\/posts\/19440\/revisions"}],"predecessor-version":[{"id":19641,"href":"https:\/\/www.friedenkoeln.de\/index.php?rest_route=\/wp\/v2\/posts\/19440\/revisions\/19641"}],"wp:featuredmedia":[{"embeddable":true,"href":"https:\/\/www.friedenkoeln.de\/index.php?rest_route=\/wp\/v2\/media\/19442"}],"wp:attachment":[{"href":"https:\/\/www.friedenkoeln.de\/index.php?rest_route=%2Fwp%2Fv2%2Fmedia&parent=19440"}],"wp:term":[{"taxonomy":"category","embeddable":true,"href":"https:\/\/www.friedenkoeln.de\/index.php?rest_route=%2Fwp%2Fv2%2Fcategories&post=19440"},{"taxonomy":"post_tag","embeddable":true,"href":"https:\/\/www.friedenkoeln.de\/index.php?rest_route=%2Fwp%2Fv2%2Ftags&post=19440"}],"curies":[{"name":"wp","href":"https:\/\/api.w.org\/{rel}","templated":true}]}}