{"id":19463,"date":"2025-11-27T13:11:43","date_gmt":"2025-11-27T12:11:43","guid":{"rendered":"https:\/\/www.friedenkoeln.de\/?p=19463"},"modified":"2025-11-27T13:13:32","modified_gmt":"2025-11-27T12:13:32","slug":"selbstbestimmung-statt-wehrpflicht","status":"publish","type":"post","link":"https:\/\/www.friedenkoeln.de\/?p=19463","title":{"rendered":"Selbstbestimmung statt WehrPFLICHT!"},"content":{"rendered":"<h2 class=\"p2\">Donnerstag, 4. Dezember 2025 17:00 Uhr<br \/>\n<span class=\"s1\">Hans-B\u00f6ckler-Platz, 50672 K\u00f6ln<\/span><\/h2>\n<p><img loading=\"lazy\" decoding=\"async\" class=\"aligncenter wp-image-19464\" src=\"https:\/\/www.friedenkoeln.de\/wp-content\/uploads\/2025\/11\/20251204-WehrPFLICHT-Aufruf-DGB-Jugend-Koeln-SocialMedia-1-500x500.png\" alt=\"Plakat \u2013\u00a0Selbstbestimmung statt WehrPFLICHT!\" width=\"600\" height=\"750\" srcset=\"https:\/\/www.friedenkoeln.de\/wp-content\/uploads\/2025\/11\/20251204-WehrPFLICHT-Aufruf-DGB-Jugend-Koeln-SocialMedia-1-160x200.png 160w, https:\/\/www.friedenkoeln.de\/wp-content\/uploads\/2025\/11\/20251204-WehrPFLICHT-Aufruf-DGB-Jugend-Koeln-SocialMedia-1-768x960.png 768w, https:\/\/www.friedenkoeln.de\/wp-content\/uploads\/2025\/11\/20251204-WehrPFLICHT-Aufruf-DGB-Jugend-Koeln-SocialMedia-1-1229x1536.png 1229w, https:\/\/www.friedenkoeln.de\/wp-content\/uploads\/2025\/11\/20251204-WehrPFLICHT-Aufruf-DGB-Jugend-Koeln-SocialMedia-1-1638x2048.png 1638w, https:\/\/www.friedenkoeln.de\/wp-content\/uploads\/2025\/11\/20251204-WehrPFLICHT-Aufruf-DGB-Jugend-Koeln-SocialMedia-1-scaled.png 2048w\" sizes=\"auto, (max-width: 600px) 100vw, 600px\" \/><\/p>\n<p><strong>Warum wir auf die Stra\u00dfe gehen: <\/strong><\/p>\n<p>Am Freitag, 5.12 soll im Bundestag das Wehrdienst-Modernisierungsgesetz (WDModG) beschlossen werden. Es \u00f6ffnet die Tu\u0308r zur Reaktivierung der Wehrpflicht und untergr\u00e4bt das Recht auf Selbstbestimmung. Es sieht vor:<\/p>\n<ul>\n<li><strong>Verpflichtung zum Dienst an der Waffe<\/strong> bei unklar definierter \u201everteidigungspolitischer Lage\u201c.<\/li>\n<li><strong>Pflichtfragebogen<\/strong> fu\u0308r alle Jugendlichen ab 2008er Jahrgang und verpflichtende Musterung fu\u0308r m\u00e4nnliche 18-J\u00e4hrige ab 2027.<\/li>\n<\/ul>\n<p>Das ist ein massiver Eingriff in die Freiheit junger Menschen und ein Schritt hin zur Militarisierung der Gesellschaft. Wir sagen <strong>NEIN zu Pflichtdiensten und versteckten Vorbereitungen darauf!<\/strong><\/p>\n<p>Wir fordern:<\/p>\n<ul>\n<li>Keine Einfu\u0308hrung von Wehrpflicht per Rechtsverordnung &#8211; Streichung von \u00a7 2a Wehrdienst-Modernisierungsgesetz! Keine Musterungspflicht und Datenerhebung fu\u0308r Jugendliche!<\/li>\n<li>Abschaffung von Art. 12a Grundgesetz \u2013 keine Pflichtdienste!<\/li>\n<li>Recht auf Freiwilligendienst statt Pflicht \u2013 mit fairer finanzieller Ausstattung und gesellschaftlicher Anerkennung!<\/li>\n<li>Konflikte l\u00f6sen, Kriege verhindern &#8211; Diplomatie, Friedenserziehung und Zivilklauseln statt Militarisierung!<\/li>\n<\/ul>\n<p><strong>Kommt zur Kundgebung und setzt ein Zeichen fu\u0308r Freiheit und Selbstbestimmung! Gemeinsam gegen Zwang \u2013 fu\u0308r Freiwilligkeit und Frieden!<\/strong><\/p>\n","protected":false},"excerpt":{"rendered":"<p>Donnerstag, 4. Dezember 2025 17:00 Uhr Hans-B\u00f6ckler-Platz, 50672 K\u00f6ln Warum wir auf die Stra\u00dfe gehen: Am Freitag, 5.12 soll im Bundestag das Wehrdienst-Modernisierungsgesetz (WDModG) beschlossen werden. Es \u00f6ffnet die Tu\u0308r zur Reaktivierung der Wehrpflicht&#46;&#46;&#46;<\/p>\n","protected":false},"author":110,"featured_media":19464,"comment_status":"open","ping_status":"open","sticky":false,"template":"","format":"standard","meta":{"footnotes":""},"categories":[2,104,116],"tags":[],"class_list":["post-19463","post","type-post","status-publish","format-standard","has-post-thumbnail","hentry","category-aktionen","category-ankuendigung","category-aufruf"],"_links":{"self":[{"href":"https:\/\/www.friedenkoeln.de\/index.php?rest_route=\/wp\/v2\/posts\/19463","targetHints":{"allow":["GET"]}}],"collection":[{"href":"https:\/\/www.friedenkoeln.de\/index.php?rest_route=\/wp\/v2\/posts"}],"about":[{"href":"https:\/\/www.friedenkoeln.de\/index.php?rest_route=\/wp\/v2\/types\/post"}],"author":[{"embeddable":true,"href":"https:\/\/www.friedenkoeln.de\/index.php?rest_route=\/wp\/v2\/users\/110"}],"replies":[{"embeddable":true,"href":"https:\/\/www.friedenkoeln.de\/index.php?rest_route=%2Fwp%2Fv2%2Fcomments&post=19463"}],"version-history":[{"count":2,"href":"https:\/\/www.friedenkoeln.de\/index.php?rest_route=\/wp\/v2\/posts\/19463\/revisions"}],"predecessor-version":[{"id":19467,"href":"https:\/\/www.friedenkoeln.de\/index.php?rest_route=\/wp\/v2\/posts\/19463\/revisions\/19467"}],"wp:featuredmedia":[{"embeddable":true,"href":"https:\/\/www.friedenkoeln.de\/index.php?rest_route=\/wp\/v2\/media\/19464"}],"wp:attachment":[{"href":"https:\/\/www.friedenkoeln.de\/index.php?rest_route=%2Fwp%2Fv2%2Fmedia&parent=19463"}],"wp:term":[{"taxonomy":"category","embeddable":true,"href":"https:\/\/www.friedenkoeln.de\/index.php?rest_route=%2Fwp%2Fv2%2Fcategories&post=19463"},{"taxonomy":"post_tag","embeddable":true,"href":"https:\/\/www.friedenkoeln.de\/index.php?rest_route=%2Fwp%2Fv2%2Ftags&post=19463"}],"curies":[{"name":"wp","href":"https:\/\/api.w.org\/{rel}","templated":true}]}}