{"id":19468,"date":"2025-11-27T13:26:43","date_gmt":"2025-11-27T12:26:43","guid":{"rendered":"https:\/\/www.friedenkoeln.de\/?p=19468"},"modified":"2025-11-27T13:29:19","modified_gmt":"2025-11-27T12:29:19","slug":"nein-zur-wehrpflicht-2","status":"publish","type":"post","link":"https:\/\/www.friedenkoeln.de\/?p=19468","title":{"rendered":"NEIN ZUR WEHRPFLICHT!"},"content":{"rendered":"<h2>DEMONSTRATION 6.12.<\/h2>\n<h2>14 Uhr Hans-B\u00f6ckler-Platz, K\u00f6ln<\/h2>\n<p><img loading=\"lazy\" decoding=\"async\" class=\"aligncenter wp-image-19469\" src=\"https:\/\/www.friedenkoeln.de\/wp-content\/uploads\/2025\/11\/NZW-Sharepic-500x500.png\" alt=\"Plakat \u2013 NEIN ZUR WEHRPFLICHT 6.12. 14 Uhr\" width=\"600\" height=\"750\" srcset=\"https:\/\/www.friedenkoeln.de\/wp-content\/uploads\/2025\/11\/NZW-Sharepic-160x200.png 160w, https:\/\/www.friedenkoeln.de\/wp-content\/uploads\/2025\/11\/NZW-Sharepic-768x960.png 768w, https:\/\/www.friedenkoeln.de\/wp-content\/uploads\/2025\/11\/NZW-Sharepic-1229x1536.png 1229w, https:\/\/www.friedenkoeln.de\/wp-content\/uploads\/2025\/11\/NZW-Sharepic-1638x2048.png 1638w, https:\/\/www.friedenkoeln.de\/wp-content\/uploads\/2025\/11\/NZW-Sharepic-scaled.png 2048w\" sizes=\"auto, (max-width: 600px) 100vw, 600px\" \/><\/p>\n<p>\u201eDeutschland hat, wie viele andere L\u00e4nder auch, die Wehrpflicht nach dem Ende des kalten Krieges ausgesetzt. Das war ein Fehler, die Zeiten haben sich ge\u00e4ndert. Deutschland muss jetzt eine neue Form der Wehrpflicht einf\u00fchren\u201c\u2013 Bundesverteidigungsminister Boris Pistorius (SPD)[1]<\/p>\n<p>\u201eFreiwilligkeit ist wichtig, aber es braucht perspektivisch auch eine Verpflichtung. Allen muss deutlich werden: Jeder und jede in unserer Gesellschaft muss einen Beitrag leisten.\u201c<br \/>\n\u2013 Eva H\u00f6gl Wehrbeauftragte des Bundestages (SPD)[2]<\/p>\n<p>Was Bundesverteidigungsminister Pistorius mit \u201ege\u00e4nderten Zeiten\u201c besch\u00f6nigt, bedeutet f\u00fcr uns ein Leben in den f\u00fcr viele gef\u00e4hrlichsten Jahrzehnten seit dem Zweiten Weltkriegs. Die \u00fcberw\u00e4ltigende Mehrheit der Jugendlichen hat Angst vor Krieg, 81 Prozent gaben dies in der Shell Jugendstudie 2024 an.<\/p>\n<p>Statt auf Diplomatie und Kooperation zu setzen, wird immer mehr Geld in Aufr\u00fcstung gesteckt. Deutsche Waffen werden in Kriegs- und Krisengebiete geliefert. Sparma\u00dfnahmen und Unterfinanzierung in den Bereichen Soziales, Bildung, Erziehung und Gesundheit bilden die andere Seite derselben Medaille.<\/p>\n<p>Die Wiedereinf\u00fchrung der Wehrpflicht bedeutet f\u00fcr Jugendliche, dass sie gezwungen werden, ihre individuelle Lebensgestaltung einzuschr\u00e4nken, um Befehle zu befolgen. An der Waffe ausgebildet, um im Ernstfall ihr Leben im Krieg zu riskieren und andere Menschen zu t\u00f6ten.<\/p>\n<p>Auch Ersatzdienste zur Wehrpflicht bedeuten eine Einschr\u00e4nkung der Selbstbestimmung Jugendlicher, und das bei geringer Verg\u00fctung und ohne, dass damit die Unterbesetzung mit ausgebildeten Fachkr\u00e4ften im sozialen und Gesundheitsbereich gel\u00f6st werden w\u00fcrde.<\/p>\n<p>Die Wiedereinf\u00fchrung der Wehrpflicht ist ein weiterer Schritt hin zu Kriegsvorbereitung. Wir wollen in einer Welt leben, in der Jugendliche sich frei entfalten k\u00f6nnen, statt auf andere Menschen schie\u00dfen zu lernen. Dazu braucht es eine Politik, die auf Frieden, Deeskalation und Abr\u00fcstung setzt.<\/p>\n<p>Wir sagen: Nein zur Wehrpflicht! Gegen die Wiedereinf\u00fchrung aller Zwangsdienste! Stopp des Gesetzentwurfes zur Modernisierung wehrersatzrechtlicher Vorschriften und zur Einf\u00fchrung eines neuen Wehrdienstes!<\/p>\n<p>Quelle: <a href=\"https:\/\/neinzurwehrpflicht.wordpress.com\/2024\/11\/25\/gegen-eine-wiedereinfuhrung-der-wehrpflicht-und-anderer-zwangsdienste-fur-die-selbstbestimmung-jugendlicher\/\" target=\"_blank\" rel=\"noopener\">https:\/\/neinzurwehrpflicht.wordpress.com\/2024\/11\/25\/gegen-eine-wiedereinfuhrung-der-wehrpflicht-und-anderer-zwangsdienste-fur-die-selbstbestimmung-jugendlicher\/<\/a><\/p>\n","protected":false},"excerpt":{"rendered":"<p>DEMONSTRATION 6.12. 14 Uhr Hans-B\u00f6ckler-Platz, K\u00f6ln \u201eDeutschland hat, wie viele andere L\u00e4nder auch, die Wehrpflicht nach dem Ende des kalten Krieges ausgesetzt. Das war ein Fehler, die Zeiten haben sich ge\u00e4ndert. Deutschland muss jetzt&#46;&#46;&#46;<\/p>\n","protected":false},"author":110,"featured_media":19469,"comment_status":"open","ping_status":"open","sticky":false,"template":"","format":"standard","meta":{"footnotes":""},"categories":[2,104,116],"tags":[],"class_list":["post-19468","post","type-post","status-publish","format-standard","has-post-thumbnail","hentry","category-aktionen","category-ankuendigung","category-aufruf"],"_links":{"self":[{"href":"https:\/\/www.friedenkoeln.de\/index.php?rest_route=\/wp\/v2\/posts\/19468","targetHints":{"allow":["GET"]}}],"collection":[{"href":"https:\/\/www.friedenkoeln.de\/index.php?rest_route=\/wp\/v2\/posts"}],"about":[{"href":"https:\/\/www.friedenkoeln.de\/index.php?rest_route=\/wp\/v2\/types\/post"}],"author":[{"embeddable":true,"href":"https:\/\/www.friedenkoeln.de\/index.php?rest_route=\/wp\/v2\/users\/110"}],"replies":[{"embeddable":true,"href":"https:\/\/www.friedenkoeln.de\/index.php?rest_route=%2Fwp%2Fv2%2Fcomments&post=19468"}],"version-history":[{"count":3,"href":"https:\/\/www.friedenkoeln.de\/index.php?rest_route=\/wp\/v2\/posts\/19468\/revisions"}],"predecessor-version":[{"id":19472,"href":"https:\/\/www.friedenkoeln.de\/index.php?rest_route=\/wp\/v2\/posts\/19468\/revisions\/19472"}],"wp:featuredmedia":[{"embeddable":true,"href":"https:\/\/www.friedenkoeln.de\/index.php?rest_route=\/wp\/v2\/media\/19469"}],"wp:attachment":[{"href":"https:\/\/www.friedenkoeln.de\/index.php?rest_route=%2Fwp%2Fv2%2Fmedia&parent=19468"}],"wp:term":[{"taxonomy":"category","embeddable":true,"href":"https:\/\/www.friedenkoeln.de\/index.php?rest_route=%2Fwp%2Fv2%2Fcategories&post=19468"},{"taxonomy":"post_tag","embeddable":true,"href":"https:\/\/www.friedenkoeln.de\/index.php?rest_route=%2Fwp%2Fv2%2Ftags&post=19468"}],"curies":[{"name":"wp","href":"https:\/\/api.w.org\/{rel}","templated":true}]}}