{"id":19480,"date":"2025-12-03T21:32:04","date_gmt":"2025-12-03T20:32:04","guid":{"rendered":"https:\/\/www.friedenkoeln.de\/?p=19480"},"modified":"2025-12-03T21:32:04","modified_gmt":"2025-12-03T20:32:04","slug":"motorradmesse-in-koeln-dfg-vk-mit-kuhle-wampe-gegen-bundeswehr","status":"publish","type":"post","link":"https:\/\/www.friedenkoeln.de\/?p=19480","title":{"rendered":"Motorradmesse in K\u00f6ln \u2013 DFG-VK mit Kuhle Wampe gegen Bundeswehr"},"content":{"rendered":"<p>Vom <strong>04.12<\/strong>. bis zum <strong>07.12.2025<\/strong>\u00a0findet in den Messehallen K\u00f6ln die <strong>INTERMOT<\/strong> statt, die gr\u00f6\u00dfte Messe Deutschlands f\u00fcr Motorr\u00e4der, Roller und elektrogetriebene Zweiradfahrzeuge. Die Messe richtete sich an Motorradfahrerinnen und -fahrer, aber auch an ein technikinteressiertes Publikum, dabei besonders auch an jugendliche Zielgruppen. Dabei ist auch die Bundewehr mit einem umfassenden Werbeauftritt. Die Bundewehr vermittelt hier ein Bild vom Milit\u00e4rdienst, das mit der Realit\u00e4t nur wenig \u00fcbereinstimmt. In Hochglanzkampagnen werden Abenteuer, Teamgeist und technische Faszination betont, w\u00e4hrend das eigentliche Ziel des Militarismus \u2013 das Vernichten des vermeintlichen Feindes und das T\u00f6ten von Menschen \u2013 in den Hintergrund treten.<\/p>\n<p>Dagegen steht <strong>Kuhle Wampe<\/strong> \u2013 ein bundesweiter unabh\u00e4ngiger Verband von Motorradclubs, der sich gegen Rassismus, gegen rechte Politik, f\u00fcr gesellschaftliche Gleichberechtigung und Inklusion sowie f\u00fcr Umwelt- und Naturschutz einsetzt und moderne Technologien unterst\u00fctzt, die den CO2-Fu\u00dfbadruck reduzieren k\u00f6nnen. Besonders setzt sich Kuhle Wampe f\u00fcr aktive Friedenspolitik und gegen Militarismus jeglicher Couleur ein. Auf der Intermot wirbt Kuhle Wampe deshalb f\u00fcr diese Ziele und wendet sich gegen Kampagnen, die die Normalisierung milit\u00e4rischer Mittel als zentrale L\u00f6sung globaler Konflikte sehen.<\/p>\n<p>Die Werbekampagnen der Bundewehr stellen den Dienst an der Waffe als selbstverst\u00e4ndlich notwendig dar, ohne Raum f\u00fcr die Frage zu lassen, ob zivile, diplomatische und entwicklungspolitische Ans\u00e4tze als L\u00f6sungsans\u00e4tze von Konflikten jeglicher Art herangezogen werden k\u00f6nnen. Eine offene und fortschrittliche Gesellschaft lebt aber davon, dass sicherheitspolitische Entscheidungen breit diskutiert und kritisch hinterfragt werden. Die Realit\u00e4t von milit\u00e4rischen Eins\u00e4tzen l\u00e4sst sich nicht in kurze Slogans oder dynamische Videos packen. Wer hier mit VR-Brillen, Gadgets und Rekrutierungsversprechen wirbt, pr\u00e4sentiert Milit\u00e4rtechnik als Spielzeug und den Soldatenberuf als coolen Karrierejob. Doch Krieg l\u00e4sst sich nicht spielerisch verkaufen \u2013 und er darf auch nicht als Berufsoption vermarktet werden, ohne seine d\u00fcstere Realit\u00e4t klar zu benennen.<\/p>\n<p>Deshalb kommt auf die Intermot und diskutiert und agiert gegen die verharmlosende Darstellung von Militarismus, Krieg und T\u00f6ten \u2013 Ihr findet den Stand von Kuhle Wampe in Halle 8 im Bereich E-055, direkt daneben ist der Stand der Bundeswehr (Stand E-051).<\/p>\n<p>Die INTERMOT auf der K\u00f6lner Messe (Hallen 7 und 8) ist ge\u00f6ffnet vom Donnerstag, den 04.12. bis Sonntag, den 07.12.2025, jeweils von 09:00 bis 18:00 Uhr. Der Eintritt betr\u00e4gt leider 20 Euro f\u00fcr ein Tagesticket.<\/p>\n<p style=\"text-align: right;\">Heinrich Nahr, 01.12.2025<\/p>\n","protected":false},"excerpt":{"rendered":"<p>Vom 04.12. bis zum 07.12.2025\u00a0findet in den Messehallen K\u00f6ln die INTERMOT statt, die gr\u00f6\u00dfte Messe Deutschlands f\u00fcr Motorr\u00e4der, Roller und elektrogetriebene Zweiradfahrzeuge. Die Messe richtete sich an Motorradfahrerinnen und -fahrer, aber auch an ein&#46;&#46;&#46;<\/p>\n","protected":false},"author":111,"featured_media":19482,"comment_status":"open","ping_status":"open","sticky":false,"template":"","format":"standard","meta":{"footnotes":""},"categories":[2,104],"tags":[],"class_list":["post-19480","post","type-post","status-publish","format-standard","has-post-thumbnail","hentry","category-aktionen","category-ankuendigung"],"_links":{"self":[{"href":"https:\/\/www.friedenkoeln.de\/index.php?rest_route=\/wp\/v2\/posts\/19480","targetHints":{"allow":["GET"]}}],"collection":[{"href":"https:\/\/www.friedenkoeln.de\/index.php?rest_route=\/wp\/v2\/posts"}],"about":[{"href":"https:\/\/www.friedenkoeln.de\/index.php?rest_route=\/wp\/v2\/types\/post"}],"author":[{"embeddable":true,"href":"https:\/\/www.friedenkoeln.de\/index.php?rest_route=\/wp\/v2\/users\/111"}],"replies":[{"embeddable":true,"href":"https:\/\/www.friedenkoeln.de\/index.php?rest_route=%2Fwp%2Fv2%2Fcomments&post=19480"}],"version-history":[{"count":1,"href":"https:\/\/www.friedenkoeln.de\/index.php?rest_route=\/wp\/v2\/posts\/19480\/revisions"}],"predecessor-version":[{"id":19481,"href":"https:\/\/www.friedenkoeln.de\/index.php?rest_route=\/wp\/v2\/posts\/19480\/revisions\/19481"}],"wp:featuredmedia":[{"embeddable":true,"href":"https:\/\/www.friedenkoeln.de\/index.php?rest_route=\/wp\/v2\/media\/19482"}],"wp:attachment":[{"href":"https:\/\/www.friedenkoeln.de\/index.php?rest_route=%2Fwp%2Fv2%2Fmedia&parent=19480"}],"wp:term":[{"taxonomy":"category","embeddable":true,"href":"https:\/\/www.friedenkoeln.de\/index.php?rest_route=%2Fwp%2Fv2%2Fcategories&post=19480"},{"taxonomy":"post_tag","embeddable":true,"href":"https:\/\/www.friedenkoeln.de\/index.php?rest_route=%2Fwp%2Fv2%2Ftags&post=19480"}],"curies":[{"name":"wp","href":"https:\/\/api.w.org\/{rel}","templated":true}]}}