{"id":19484,"date":"2025-12-08T14:23:06","date_gmt":"2025-12-08T13:23:06","guid":{"rendered":"https:\/\/www.friedenkoeln.de\/?p=19484"},"modified":"2025-12-08T14:23:06","modified_gmt":"2025-12-08T13:23:06","slug":"podiumsdiskussion-kriegstuechtigkeit-und-der-kampf-fuer-frieden","status":"publish","type":"post","link":"https:\/\/www.friedenkoeln.de\/?p=19484","title":{"rendered":"Podiumsdiskussion: Kriegst\u00fcchtigkeit und der Kampf f\u00fcr Frieden"},"content":{"rendered":"<p><img loading=\"lazy\" decoding=\"async\" class=\"alignleft wp-image-19485\" src=\"https:\/\/www.friedenkoeln.de\/wp-content\/uploads\/2025\/12\/Nie-wieder-Kriegstuechtig-500x500.jpeg\" alt=\"Plakat zur Podiumsdiskussion: Kriegst\u00fcchtigkeit und der Kampf f\u00fcr Frieden\" width=\"420\" height=\"525\" srcset=\"https:\/\/www.friedenkoeln.de\/wp-content\/uploads\/2025\/12\/Nie-wieder-Kriegstuechtig-160x200.jpeg 160w, https:\/\/www.friedenkoeln.de\/wp-content\/uploads\/2025\/12\/Nie-wieder-Kriegstuechtig-768x960.jpeg 768w, https:\/\/www.friedenkoeln.de\/wp-content\/uploads\/2025\/12\/Nie-wieder-Kriegstuechtig.jpeg 1080w\" sizes=\"auto, (max-width: 420px) 100vw, 420px\" \/><\/p>\n<p>die Forderung, bis sp\u00e4testens 2035 f\u00fcnf Prozent des BIP f\u00fcr Aufr\u00fcstung auszugeben, wird massive K\u00fcrzungen im sozialen Bereich, im Bildungs- und Gesundheitswesen mit sich bringen. Die \u201eKriegst\u00fcchtigkeits-Leidenschaft&#8220; von Verteidigungsminister Boris Pistorius treibt die gesamte Gesellschaft in gro\u00dfe Bedenken und Unsicherheit. Krankenh\u00e4user, unsere Jugend, unsere Hochschulen \u2013 unser gesamtes Umfeld soll f\u00fcr einen Krieg bereitstehen.<\/p>\n<p>Wir wollen mit unseren G\u00e4sten dar\u00fcber diskutieren: Braucht es diese Aufr\u00fcstung? Ist eine Wehrpflicht die L\u00f6sung? K\u00f6nnen wir die sozialen K\u00fcrzungen verkraften? Und wie k\u00f6nnte eine Alternative dazu aussehen? Was hat die Friedensbewegung als Antwort parat?<\/p>\n<p>Unsere G\u00e4ste:<\/p>\n<p><strong>Jan Dieren<\/strong>, MdB SPD<\/p>\n<p><strong>Angelika Clausen<\/strong>, Vorsitzende der IPPNW<\/p>\n<p><strong>Ulrike Eifler<\/strong>, Gewerkschafterin<\/p>\n<p><strong>Yusuf As<\/strong>, Vorsitzender des Bundesmigrationsausschusses ver.di<\/p>\n<h3><\/h3>\n<h3><\/h3>\n<h3>11.12.25, um 18 Uhr (Einlass ab 17:30 Uhr)<\/h3>\n<h3>Kulturbunker K\u00f6ln-M\u00fclheim<br \/>\nBerliner Str. 20<br \/>\n51063 K\u00f6ln<\/h3>\n","protected":false},"excerpt":{"rendered":"<p>die Forderung, bis sp\u00e4testens 2035 f\u00fcnf Prozent des BIP f\u00fcr Aufr\u00fcstung auszugeben, wird massive K\u00fcrzungen im sozialen Bereich, im Bildungs- und Gesundheitswesen mit sich bringen. Die \u201eKriegst\u00fcchtigkeits-Leidenschaft&#8220; von Verteidigungsminister Boris Pistorius treibt die gesamte&#46;&#46;&#46;<\/p>\n","protected":false},"author":110,"featured_media":19485,"comment_status":"open","ping_status":"open","sticky":false,"template":"","format":"standard","meta":{"footnotes":""},"categories":[104],"tags":[],"class_list":["post-19484","post","type-post","status-publish","format-standard","has-post-thumbnail","hentry","category-ankuendigung"],"_links":{"self":[{"href":"https:\/\/www.friedenkoeln.de\/index.php?rest_route=\/wp\/v2\/posts\/19484","targetHints":{"allow":["GET"]}}],"collection":[{"href":"https:\/\/www.friedenkoeln.de\/index.php?rest_route=\/wp\/v2\/posts"}],"about":[{"href":"https:\/\/www.friedenkoeln.de\/index.php?rest_route=\/wp\/v2\/types\/post"}],"author":[{"embeddable":true,"href":"https:\/\/www.friedenkoeln.de\/index.php?rest_route=\/wp\/v2\/users\/110"}],"replies":[{"embeddable":true,"href":"https:\/\/www.friedenkoeln.de\/index.php?rest_route=%2Fwp%2Fv2%2Fcomments&post=19484"}],"version-history":[{"count":4,"href":"https:\/\/www.friedenkoeln.de\/index.php?rest_route=\/wp\/v2\/posts\/19484\/revisions"}],"predecessor-version":[{"id":19489,"href":"https:\/\/www.friedenkoeln.de\/index.php?rest_route=\/wp\/v2\/posts\/19484\/revisions\/19489"}],"wp:featuredmedia":[{"embeddable":true,"href":"https:\/\/www.friedenkoeln.de\/index.php?rest_route=\/wp\/v2\/media\/19485"}],"wp:attachment":[{"href":"https:\/\/www.friedenkoeln.de\/index.php?rest_route=%2Fwp%2Fv2%2Fmedia&parent=19484"}],"wp:term":[{"taxonomy":"category","embeddable":true,"href":"https:\/\/www.friedenkoeln.de\/index.php?rest_route=%2Fwp%2Fv2%2Fcategories&post=19484"},{"taxonomy":"post_tag","embeddable":true,"href":"https:\/\/www.friedenkoeln.de\/index.php?rest_route=%2Fwp%2Fv2%2Ftags&post=19484"}],"curies":[{"name":"wp","href":"https:\/\/api.w.org\/{rel}","templated":true}]}}