{"id":19492,"date":"2025-12-17T10:02:11","date_gmt":"2025-12-17T09:02:11","guid":{"rendered":"https:\/\/www.friedenkoeln.de\/?p=19492"},"modified":"2025-12-17T10:03:23","modified_gmt":"2025-12-17T09:03:23","slug":"weisse-fahnen-am-heiligabend","status":"publish","type":"post","link":"https:\/\/www.friedenkoeln.de\/?p=19492","title":{"rendered":"Wei\u00dfe Fahnen am Heiligabend"},"content":{"rendered":"<h2>Am Mittwoch, 24.12.2025, 15:30 &#8211; 17:00 Uhr vor dem K\u00f6lner Dom &#8211; Mitmachen erw\u00fcnscht!<\/h2>\n<div id=\"attachment_18311\" style=\"width: 819px\" class=\"wp-caption alignright\"><img loading=\"lazy\" decoding=\"async\" aria-describedby=\"caption-attachment-18311\" class=\"size-full wp-image-18311\" src=\"https:\/\/www.friedenkoeln.de\/wp-content\/uploads\/2024\/04\/image0.jpeg\" alt=\"Zwei Frauen und ein Mann, darunter zwei auf leeren Getr\u00e4nkekisten stehend, schwenken gro\u00dfe wei\u00dfe Fahnen vor dem gro\u00dfen Portal eines gotischen Domes. Im Hintergrund Menschengruppen.\" width=\"809\" height=\"976\" srcset=\"https:\/\/www.friedenkoeln.de\/wp-content\/uploads\/2024\/04\/image0.jpeg 809w, https:\/\/www.friedenkoeln.de\/wp-content\/uploads\/2024\/04\/image0-166x200.jpeg 166w, https:\/\/www.friedenkoeln.de\/wp-content\/uploads\/2024\/04\/image0-768x927.jpeg 768w\" sizes=\"auto, (max-width: 809px) 100vw, 809px\" \/><p id=\"caption-attachment-18311\" class=\"wp-caption-text\">&#8222;Aktion Wei\u00dfe Fahne&#8220; von Mitgliedern der DFG-VK Gruppe K\u00f6ln vor dem K\u00f6lner Dom, 4.3.2024. Foto: privat<\/p><\/div>\n<p>Mitglieder und Freund*innen der DFG-VK K\u00f6ln zeigen am Mi., 24.12.2025, zum Heiligabend die wei\u00dfe Fahne als Symbol der Gespr\u00e4chs- und Friedensbereitschaft, diesmal ausnahmsweise vor dem Dom und nicht, wie sonst mittwochs, auf dem Chlodwigplatz. Das Weihnachtsfest als Friedensfest sollte Anlass geben zu verst\u00e4rkten Bem\u00fchungen um die Beilegung der aktuellen Kriege. &#8211; Alle, die sich mit einer wei\u00dfen Fahne anschlie\u00dfen m\u00f6chten, sind herzlich willkommen!<\/p>\n<p>Schon seit fast zwei Jahren stehen wir mit <a href=\"https:\/\/www.friedenkoeln.de\/?p=19440\">wei\u00dfen Fahnen<\/a> jeden Montag von 17:00 &#8211; 18:00 Uhr vor dem Dom und jeden Mittwoch von 16.00 &#8211; 17:00 Uhr (im Sommer eine Stunde sp\u00e4ter) auf dem Chlodwigplatz. Menschen, die sich uns anschlie\u00dfen wollen, sind jederzeit herzlich willkommen!<\/p>\n","protected":false},"excerpt":{"rendered":"<p>Am Mittwoch, 24.12.2025, 15:30 &#8211; 17:00 Uhr vor dem K\u00f6lner Dom &#8211; Mitmachen erw\u00fcnscht! Mitglieder und Freund*innen der DFG-VK K\u00f6ln zeigen am Mi., 24.12.2025, zum Heiligabend die wei\u00dfe Fahne als Symbol der Gespr\u00e4chs- und&#46;&#46;&#46;<\/p>\n","protected":false},"author":109,"featured_media":18311,"comment_status":"open","ping_status":"open","sticky":false,"template":"","format":"standard","meta":{"footnotes":""},"categories":[2,104,116],"tags":[],"class_list":["post-19492","post","type-post","status-publish","format-standard","has-post-thumbnail","hentry","category-aktionen","category-ankuendigung","category-aufruf"],"_links":{"self":[{"href":"https:\/\/www.friedenkoeln.de\/index.php?rest_route=\/wp\/v2\/posts\/19492","targetHints":{"allow":["GET"]}}],"collection":[{"href":"https:\/\/www.friedenkoeln.de\/index.php?rest_route=\/wp\/v2\/posts"}],"about":[{"href":"https:\/\/www.friedenkoeln.de\/index.php?rest_route=\/wp\/v2\/types\/post"}],"author":[{"embeddable":true,"href":"https:\/\/www.friedenkoeln.de\/index.php?rest_route=\/wp\/v2\/users\/109"}],"replies":[{"embeddable":true,"href":"https:\/\/www.friedenkoeln.de\/index.php?rest_route=%2Fwp%2Fv2%2Fcomments&post=19492"}],"version-history":[{"count":3,"href":"https:\/\/www.friedenkoeln.de\/index.php?rest_route=\/wp\/v2\/posts\/19492\/revisions"}],"predecessor-version":[{"id":19495,"href":"https:\/\/www.friedenkoeln.de\/index.php?rest_route=\/wp\/v2\/posts\/19492\/revisions\/19495"}],"wp:featuredmedia":[{"embeddable":true,"href":"https:\/\/www.friedenkoeln.de\/index.php?rest_route=\/wp\/v2\/media\/18311"}],"wp:attachment":[{"href":"https:\/\/www.friedenkoeln.de\/index.php?rest_route=%2Fwp%2Fv2%2Fmedia&parent=19492"}],"wp:term":[{"taxonomy":"category","embeddable":true,"href":"https:\/\/www.friedenkoeln.de\/index.php?rest_route=%2Fwp%2Fv2%2Fcategories&post=19492"},{"taxonomy":"post_tag","embeddable":true,"href":"https:\/\/www.friedenkoeln.de\/index.php?rest_route=%2Fwp%2Fv2%2Ftags&post=19492"}],"curies":[{"name":"wp","href":"https:\/\/api.w.org\/{rel}","templated":true}]}}