{"id":19501,"date":"2025-12-19T17:08:39","date_gmt":"2025-12-19T16:08:39","guid":{"rendered":"https:\/\/www.friedenkoeln.de\/?p=19501"},"modified":"2025-12-29T07:50:40","modified_gmt":"2025-12-29T06:50:40","slug":"dfg-vk-koeln-solidarisiert-sich-mit-jacques-baud-eu-sanktionen-gegen-privatpersonen-gefaehrden-die-meinungsfreiheit","status":"publish","type":"post","link":"https:\/\/www.friedenkoeln.de\/?p=19501","title":{"rendered":"DFG-VK K\u00f6ln solidarisiert sich mit Jacques Baud \u2013 EU-Sanktionen gegen Privatpersonen gef\u00e4hrden die Meinungsfreiheit"},"content":{"rendered":"<h2>Presseerkl\u00e4rung der DFG-VK Gruppe K\u00f6ln<\/h2>\n<p>Die Deutsche Friedensgesellschaft \u2013 Vereinigte KriegsdienstgegnerInnen (DFG-VK) Gruppe K\u00f6ln, erkl\u00e4rt ihre Solidarit\u00e4t mit dem ehemaligen Schweizer Nachrichtenoffizier und Oberst a. D. Jacques Baud, der von der Europ\u00e4ischen Union auf eine Sanktionsliste gesetzt wurde. Dies wirft grundlegende Fragen nach Meinungsfreiheit, Rechtsstaatlichkeit und demokratischen Grundrechten auf.<\/p>\n<p>Jacques Baud wird vorgeworfen, in Interviews und Medienauftritten eine von der EU nicht gebilligte Einsch\u00e4tzung zum Ursprung des Ukraine-Krieges ge\u00e4u\u00dfert zu haben. Konkret geht es um die Behauptung, die Ukraine habe den Konflikt bewusst provoziert, um einen NATO-Beitritt zu erreichen. Diese Einsch\u00e4tzung ist jedoch keine origin\u00e4re Aussage Bauds, sondern bezieht sich auf eine fr\u00fchere \u00f6ffentliche \u00c4u\u00dferung von Oleksij Arestowytsch, dem ehemaligen Chefberater des ukrainischen Pr\u00e4sidenten Selenskyj f\u00fcr strategische Kommunikation im Bereich der nationalen Sicherheit. Arestowytsch erkl\u00e4rte bereits 2019, mit einer Wahrscheinlichkeit von 99,9 Prozent sei der Preis f\u00fcr einen NATO-Beitritt der Ukraine ein gro\u00dfer Krieg mit Russland (<a href=\"https:\/\/www.merkur.de\/politik\/ukraine-krieg-news-konflikt-russland-putin-selenskyj-berater-voraussage-interview-nato-kiew-91444064.html\" target=\"_blank\" rel=\"noopener\">https:\/\/www.merkur.de\/politik\/ukraine-krieg-news-konflikt-russland-putin-selenskyj-berater-voraussage-interview-nato-kiew-91444064.html<\/a>, Quelle: <a href=\"https:\/\/www.youtube.com\/watch?v=DwcwGSFPqIo\" target=\"_blank\" rel=\"noopener\">https:\/\/www.youtube.com\/watch?v=DwcwGSFPqIo<\/a>)<\/p>\n<p>Die gegen Jacques Baud verh\u00e4ngten Ma\u00dfnahmen haben schwerwiegende pers\u00f6nliche Folgen: Sein Verm\u00f6gen innerhalb der EU wird eingefroren, zudem ist ihm die Ein- und Durchreise durch EU-Staaten untersagt. Damit wird ein Privatmensch ohne Gerichtsverfahren faktisch isoliert und in seinen Grundrechten massiv eingeschr\u00e4nkt.<\/p>\n<p>Die DFG-VK Gruppe K\u00f6ln sieht hierin einen eklatanten Widerspruch zu den von der Europ\u00e4ischen Union proklamierten Werten. Sanktionen gegen Einzelpersonen aufgrund politischer Meinungs\u00e4u\u00dferungen stellen einen gef\u00e4hrlichen Pr\u00e4zedenzfall dar und \u00f6ffnen der willk\u00fcrlichen Repression T\u00fcr und Tor.<\/p>\n<p>Als Friedensorganisation, die sich dem V\u00f6lkerrecht, der Gewaltfreiheit und den Menschenrechten verpflichtet f\u00fchlt, lehnt die DFG-VK Gruppe K\u00f6ln diese Praxis entschieden ab. Kritik an Regierungshandeln, auch in Fragen von Krieg und Frieden, ist ein unverzichtbarer Bestandteil demokratischer Gesellschaften.<\/p>\n<p>Die DFG-VK Gruppe K\u00f6ln fordert die Europ\u00e4ische Union auf, Privatpersonen von Sanktionslisten zu streichen, die Sanktionen gegen Jacques Baud unverz\u00fcglich aufzuheben und die Meinungsfreiheit als fundamentales Menschenrecht zu achten und zu sch\u00fctzen.<\/p>\n<p>Wir verweisen auf die Petition zur Unterst\u00fctzung Jacques Bauds: <a class=\"moz-txt-link-freetext\" href=\"https:\/\/www.change.org\/p\/soutenons-jacques-baud?signed=true\">https:\/\/www.change.org\/p\/soutenons-jacques-baud?signed=true<\/a><\/p>\n","protected":false},"excerpt":{"rendered":"<p>Presseerkl\u00e4rung der DFG-VK Gruppe K\u00f6ln Die Deutsche Friedensgesellschaft \u2013 Vereinigte KriegsdienstgegnerInnen (DFG-VK) Gruppe K\u00f6ln, erkl\u00e4rt ihre Solidarit\u00e4t mit dem ehemaligen Schweizer Nachrichtenoffizier und Oberst a. D. Jacques Baud, der von der Europ\u00e4ischen Union auf&#46;&#46;&#46;<\/p>\n","protected":false},"author":110,"featured_media":15853,"comment_status":"open","ping_status":"open","sticky":false,"template":"","format":"standard","meta":{"footnotes":""},"categories":[87],"tags":[],"class_list":["post-19501","post","type-post","status-publish","format-standard","has-post-thumbnail","hentry","category-pressemitteilung"],"_links":{"self":[{"href":"https:\/\/www.friedenkoeln.de\/index.php?rest_route=\/wp\/v2\/posts\/19501","targetHints":{"allow":["GET"]}}],"collection":[{"href":"https:\/\/www.friedenkoeln.de\/index.php?rest_route=\/wp\/v2\/posts"}],"about":[{"href":"https:\/\/www.friedenkoeln.de\/index.php?rest_route=\/wp\/v2\/types\/post"}],"author":[{"embeddable":true,"href":"https:\/\/www.friedenkoeln.de\/index.php?rest_route=\/wp\/v2\/users\/110"}],"replies":[{"embeddable":true,"href":"https:\/\/www.friedenkoeln.de\/index.php?rest_route=%2Fwp%2Fv2%2Fcomments&post=19501"}],"version-history":[{"count":2,"href":"https:\/\/www.friedenkoeln.de\/index.php?rest_route=\/wp\/v2\/posts\/19501\/revisions"}],"predecessor-version":[{"id":19504,"href":"https:\/\/www.friedenkoeln.de\/index.php?rest_route=\/wp\/v2\/posts\/19501\/revisions\/19504"}],"wp:featuredmedia":[{"embeddable":true,"href":"https:\/\/www.friedenkoeln.de\/index.php?rest_route=\/wp\/v2\/media\/15853"}],"wp:attachment":[{"href":"https:\/\/www.friedenkoeln.de\/index.php?rest_route=%2Fwp%2Fv2%2Fmedia&parent=19501"}],"wp:term":[{"taxonomy":"category","embeddable":true,"href":"https:\/\/www.friedenkoeln.de\/index.php?rest_route=%2Fwp%2Fv2%2Fcategories&post=19501"},{"taxonomy":"post_tag","embeddable":true,"href":"https:\/\/www.friedenkoeln.de\/index.php?rest_route=%2Fwp%2Fv2%2Ftags&post=19501"}],"curies":[{"name":"wp","href":"https:\/\/api.w.org\/{rel}","templated":true}]}}