{"id":19505,"date":"2025-12-29T08:13:39","date_gmt":"2025-12-29T07:13:39","guid":{"rendered":"https:\/\/www.friedenkoeln.de\/?p=19505"},"modified":"2025-12-29T08:13:39","modified_gmt":"2025-12-29T07:13:39","slug":"heiligabend-2025-mit-weissen-fahnen-am-dom-in-koeln","status":"publish","type":"post","link":"https:\/\/www.friedenkoeln.de\/?p=19505","title":{"rendered":"Heiligabend 2025 mit wei\u00dfen Fahnen am Dom in K\u00f6ln"},"content":{"rendered":"<p>Zur Christvesper (besonders f\u00fcr Familien)\u00a0 im Dom zu K\u00f6ln konnten wir gut die\u00a0 Besucher mit unserem <a href=\"https:\/\/www.friedenkoeln.de\/wp-content\/uploads\/2025\/11\/fahnen_flyer_winterzeit.pdf\">Flyer<\/a>\u00a0 und unseren Wei\u00dfen Fahnen und Friedensliedern errreichen.<\/p>\n\n\t\t<style>\n\t\t\t#gallery-1 {\n\t\t\t\tmargin: auto;\n\t\t\t}\n\t\t\t#gallery-1 .gallery-item {\n\t\t\t\tfloat: left;\n\t\t\t\tmargin-top: 10px;\n\t\t\t\ttext-align: center;\n\t\t\t\twidth: 33%;\n\t\t\t}\n\t\t\t#gallery-1 img {\n\t\t\t\tborder: 2px solid #cfcfcf;\n\t\t\t}\n\t\t\t#gallery-1 .gallery-caption {\n\t\t\t\tmargin-left: 0;\n\t\t\t}\n\t\t\t\/* see gallery_shortcode() in wp-includes\/media.php *\/\n\t\t<\/style>\n\t\t<div id='gallery-1' class='gallery galleryid-19505 gallery-columns-3 gallery-size-large'><dl class='gallery-item'>\n\t\t\t<dt class='gallery-icon landscape'>\n\t\t\t\t<a href='https:\/\/www.friedenkoeln.de\/wp-content\/uploads\/2025\/12\/photo_1_2025-12-25_17-14-15.jpg' title=\"\" data-rl_title=\"\" class=\"rl-gallery-link\" data-rl_caption=\"\" data-rel=\"lightbox-gallery-1\"><img loading=\"lazy\" decoding=\"async\" width=\"1280\" height=\"720\" src=\"https:\/\/www.friedenkoeln.de\/wp-content\/uploads\/2025\/12\/photo_1_2025-12-25_17-14-15.jpg\" class=\"attachment-large size-large\" alt=\"Heiligabend 2025 mit wei\u00dfen Fahnen am Dom in K\u00f6ln\" srcset=\"https:\/\/www.friedenkoeln.de\/wp-content\/uploads\/2025\/12\/photo_1_2025-12-25_17-14-15.jpg 1280w, https:\/\/www.friedenkoeln.de\/wp-content\/uploads\/2025\/12\/photo_1_2025-12-25_17-14-15-200x113.jpg 200w, https:\/\/www.friedenkoeln.de\/wp-content\/uploads\/2025\/12\/photo_1_2025-12-25_17-14-15-768x432.jpg 768w\" sizes=\"auto, (max-width: 1280px) 100vw, 1280px\" \/><\/a>\n\t\t\t<\/dt><\/dl><dl class='gallery-item'>\n\t\t\t<dt class='gallery-icon landscape'>\n\t\t\t\t<a href='https:\/\/www.friedenkoeln.de\/wp-content\/uploads\/2025\/12\/photo_2_2025-12-25_17-14-15.jpg' title=\"\" data-rl_title=\"\" class=\"rl-gallery-link\" data-rl_caption=\"\" data-rel=\"lightbox-gallery-1\"><img loading=\"lazy\" decoding=\"async\" width=\"1280\" height=\"720\" src=\"https:\/\/www.friedenkoeln.de\/wp-content\/uploads\/2025\/12\/photo_2_2025-12-25_17-14-15.jpg\" class=\"attachment-large size-large\" alt=\"Heiligabend 2025 mit wei\u00dfen Fahnen am Dom in K\u00f6ln\" srcset=\"https:\/\/www.friedenkoeln.de\/wp-content\/uploads\/2025\/12\/photo_2_2025-12-25_17-14-15.jpg 1280w, https:\/\/www.friedenkoeln.de\/wp-content\/uploads\/2025\/12\/photo_2_2025-12-25_17-14-15-200x113.jpg 200w, https:\/\/www.friedenkoeln.de\/wp-content\/uploads\/2025\/12\/photo_2_2025-12-25_17-14-15-768x432.jpg 768w\" sizes=\"auto, (max-width: 1280px) 100vw, 1280px\" \/><\/a>\n\t\t\t<\/dt><\/dl><dl class='gallery-item'>\n\t\t\t<dt class='gallery-icon landscape'>\n\t\t\t\t<a href='https:\/\/www.friedenkoeln.de\/wp-content\/uploads\/2025\/12\/photo_3_2025-12-25_17-14-15.jpg' title=\"\" data-rl_title=\"\" class=\"rl-gallery-link\" data-rl_caption=\"\" data-rel=\"lightbox-gallery-1\"><img loading=\"lazy\" decoding=\"async\" width=\"1280\" height=\"720\" src=\"https:\/\/www.friedenkoeln.de\/wp-content\/uploads\/2025\/12\/photo_3_2025-12-25_17-14-15.jpg\" class=\"attachment-large size-large\" alt=\"Heiligabend 2025 mit wei\u00dfen Fahnen am Dom in K\u00f6ln\" srcset=\"https:\/\/www.friedenkoeln.de\/wp-content\/uploads\/2025\/12\/photo_3_2025-12-25_17-14-15.jpg 1280w, https:\/\/www.friedenkoeln.de\/wp-content\/uploads\/2025\/12\/photo_3_2025-12-25_17-14-15-200x113.jpg 200w, https:\/\/www.friedenkoeln.de\/wp-content\/uploads\/2025\/12\/photo_3_2025-12-25_17-14-15-768x432.jpg 768w\" sizes=\"auto, (max-width: 1280px) 100vw, 1280px\" \/><\/a>\n\t\t\t<\/dt><\/dl><br style=\"clear: both\" \/><dl class='gallery-item'>\n\t\t\t<dt class='gallery-icon landscape'>\n\t\t\t\t<a href='https:\/\/www.friedenkoeln.de\/wp-content\/uploads\/2025\/12\/photo_4_2025-12-25_17-14-15.jpg' title=\"\" data-rl_title=\"\" class=\"rl-gallery-link\" data-rl_caption=\"\" data-rel=\"lightbox-gallery-1\"><img loading=\"lazy\" decoding=\"async\" width=\"1280\" height=\"720\" src=\"https:\/\/www.friedenkoeln.de\/wp-content\/uploads\/2025\/12\/photo_4_2025-12-25_17-14-15.jpg\" class=\"attachment-large size-large\" alt=\"Heiligabend 2025 mit wei\u00dfen Fahnen am Dom in K\u00f6ln\" srcset=\"https:\/\/www.friedenkoeln.de\/wp-content\/uploads\/2025\/12\/photo_4_2025-12-25_17-14-15.jpg 1280w, https:\/\/www.friedenkoeln.de\/wp-content\/uploads\/2025\/12\/photo_4_2025-12-25_17-14-15-200x113.jpg 200w, https:\/\/www.friedenkoeln.de\/wp-content\/uploads\/2025\/12\/photo_4_2025-12-25_17-14-15-768x432.jpg 768w\" sizes=\"auto, (max-width: 1280px) 100vw, 1280px\" \/><\/a>\n\t\t\t<\/dt><\/dl>\n\t\t\t<br style='clear: both' \/>\n\t\t<\/div>\n\n<p>Fotos: Herbert Sauerwein<\/p>\n","protected":false},"excerpt":{"rendered":"<p>Zur Christvesper (besonders f\u00fcr Familien)\u00a0 im Dom zu K\u00f6ln konnten wir gut die\u00a0 Besucher mit unserem Flyer\u00a0 und unseren Wei\u00dfen Fahnen und Friedensliedern errreichen. Fotos: Herbert Sauerwein<\/p>\n","protected":false},"author":110,"featured_media":19508,"comment_status":"open","ping_status":"open","sticky":false,"template":"","format":"standard","meta":{"footnotes":""},"categories":[2,105],"tags":[],"class_list":["post-19505","post","type-post","status-publish","format-standard","has-post-thumbnail","hentry","category-aktionen","category-bericht"],"_links":{"self":[{"href":"https:\/\/www.friedenkoeln.de\/index.php?rest_route=\/wp\/v2\/posts\/19505","targetHints":{"allow":["GET"]}}],"collection":[{"href":"https:\/\/www.friedenkoeln.de\/index.php?rest_route=\/wp\/v2\/posts"}],"about":[{"href":"https:\/\/www.friedenkoeln.de\/index.php?rest_route=\/wp\/v2\/types\/post"}],"author":[{"embeddable":true,"href":"https:\/\/www.friedenkoeln.de\/index.php?rest_route=\/wp\/v2\/users\/110"}],"replies":[{"embeddable":true,"href":"https:\/\/www.friedenkoeln.de\/index.php?rest_route=%2Fwp%2Fv2%2Fcomments&post=19505"}],"version-history":[{"count":2,"href":"https:\/\/www.friedenkoeln.de\/index.php?rest_route=\/wp\/v2\/posts\/19505\/revisions"}],"predecessor-version":[{"id":19511,"href":"https:\/\/www.friedenkoeln.de\/index.php?rest_route=\/wp\/v2\/posts\/19505\/revisions\/19511"}],"wp:featuredmedia":[{"embeddable":true,"href":"https:\/\/www.friedenkoeln.de\/index.php?rest_route=\/wp\/v2\/media\/19508"}],"wp:attachment":[{"href":"https:\/\/www.friedenkoeln.de\/index.php?rest_route=%2Fwp%2Fv2%2Fmedia&parent=19505"}],"wp:term":[{"taxonomy":"category","embeddable":true,"href":"https:\/\/www.friedenkoeln.de\/index.php?rest_route=%2Fwp%2Fv2%2Fcategories&post=19505"},{"taxonomy":"post_tag","embeddable":true,"href":"https:\/\/www.friedenkoeln.de\/index.php?rest_route=%2Fwp%2Fv2%2Ftags&post=19505"}],"curies":[{"name":"wp","href":"https:\/\/api.w.org\/{rel}","templated":true}]}}