{"id":19513,"date":"2026-01-06T21:20:26","date_gmt":"2026-01-06T20:20:26","guid":{"rendered":"https:\/\/www.friedenkoeln.de\/?p=19513"},"modified":"2026-01-06T21:20:26","modified_gmt":"2026-01-06T20:20:26","slug":"nein-zur-voelkerrechtswidrigen-us-agression-gegen-venezuela","status":"publish","type":"post","link":"https:\/\/www.friedenkoeln.de\/?p=19513","title":{"rendered":"Nein zur v\u00f6lkerrechtswidrigen US-Agression gegen Venezuela!"},"content":{"rendered":"<h2>Kundgebung am Do., 8.1., 17:30:<\/h2>\n<p>&nbsp;<\/p>\n<p><img loading=\"lazy\" decoding=\"async\" class=\"aligncenter wp-image-19514\" src=\"https:\/\/www.friedenkoeln.de\/wp-content\/uploads\/2026\/01\/IMG_0148-500x500.jpeg\" alt=\"Kundgebung am Do., 8.1., 17:30: Nein zur v\u00f6lkerrechtswidrigen US-Agression gegen Venezuela!\" width=\"600\" height=\"750\" srcset=\"https:\/\/www.friedenkoeln.de\/wp-content\/uploads\/2026\/01\/IMG_0148-160x200.jpeg 160w, https:\/\/www.friedenkoeln.de\/wp-content\/uploads\/2026\/01\/IMG_0148-768x960.jpeg 768w, https:\/\/www.friedenkoeln.de\/wp-content\/uploads\/2026\/01\/IMG_0148.jpeg 1080w\" sizes=\"auto, (max-width: 600px) 100vw, 600px\" \/><\/p>\n<p>&nbsp;<\/p>\n<h4>Der Aufruf von DIDF, Internationaler Jugend Verband, K\u00f6lner Friedensforum, SDS, Wendepunkt \u2013 Sozialis*innen und weitere Aktive und der DFG-VK:<\/h4>\n<p>Die USA haben nach wochenlangen Drohungen und Angriffen auf Schiffe vor der K\u00fcste Venezuelas nun die Millionen-Hauptstadt Caracas aus der Luft angegriffen und den venezolanischen Pr\u00e4sidenten Maduro entf\u00fchrt. Seit Jahren macht Trump Druck f\u00fcr einen \u201cRegime Change\u201d in Venezuela, begr\u00fcndet mit einem angeblichen Kampf gegen Drogenkartelle und illegalen \u00d6lhandel.<\/p>\n<p>Wie letzte Woche auch in Nigeria gesehen, greifen die USA unter vorgeschobenen Gr\u00fcnden willk\u00fcrlich in andere L\u00e4nder und mischen sich in ihre inneren Angelegenheiten ein. Sowohl Venezuela als auch Nigeria geh\u00f6ren zu den \u00f6lreichsten L\u00e4ndern der Welt und besitzen dar\u00fcber hinaus f\u00fcr ihre jeweiligen Kontinente eine strategische Bedeutung. Die USA haben in der Geschichte ihrer Interventionen von Lateinamerika \u00fcber Afrika bis nach Vietnam eine blutige Spur ihrer \u201cInterventionen\u201d mit Millionen von Toten, Armut und Zerst\u00f6rung hinterlassen.<\/p>\n<p>Wir verurteilen die Angriffe der USA auf das venezolanische Volk und die Entf\u00fchrung Maduros aufs Sch\u00e4rfste und fordern ein sofortiges Einstellen der milit\u00e4rischen Angriffe der USA sowie der Sanktionen. Der venezolanische Pr\u00e4sident Nicol\u00e1s Maduro muss umgehend aus US-Gefangenschaft entlassen und das venezolanische Volk muss selbst \u00fcber sein Schicksal entscheiden! Lasst uns in allen Orten in Deutschland Solidarit\u00e4tsaktionen und Proteste organisieren, unterst\u00fctzen und klar zeigen: Wir lassen diese imperialistische Aggression und Eskalation nicht unbeantwortet, wie es die deutsche Politik mit ihrem Schweigen tut.<\/p>\n<h4>Hoch die internationale Solidarit\u00e4t!<\/h4>\n","protected":false},"excerpt":{"rendered":"<p>Kundgebung am Do., 8.1., 17:30: &nbsp; &nbsp; Der Aufruf von DIDF, Internationaler Jugend Verband, K\u00f6lner Friedensforum, SDS, Wendepunkt \u2013 Sozialis*innen und weitere Aktive und der DFG-VK: Die USA haben nach wochenlangen Drohungen und Angriffen&#46;&#46;&#46;<\/p>\n","protected":false},"author":110,"featured_media":19514,"comment_status":"open","ping_status":"open","sticky":false,"template":"","format":"standard","meta":{"footnotes":""},"categories":[2,104,116],"tags":[],"class_list":["post-19513","post","type-post","status-publish","format-standard","has-post-thumbnail","hentry","category-aktionen","category-ankuendigung","category-aufruf"],"_links":{"self":[{"href":"https:\/\/www.friedenkoeln.de\/index.php?rest_route=\/wp\/v2\/posts\/19513","targetHints":{"allow":["GET"]}}],"collection":[{"href":"https:\/\/www.friedenkoeln.de\/index.php?rest_route=\/wp\/v2\/posts"}],"about":[{"href":"https:\/\/www.friedenkoeln.de\/index.php?rest_route=\/wp\/v2\/types\/post"}],"author":[{"embeddable":true,"href":"https:\/\/www.friedenkoeln.de\/index.php?rest_route=\/wp\/v2\/users\/110"}],"replies":[{"embeddable":true,"href":"https:\/\/www.friedenkoeln.de\/index.php?rest_route=%2Fwp%2Fv2%2Fcomments&post=19513"}],"version-history":[{"count":3,"href":"https:\/\/www.friedenkoeln.de\/index.php?rest_route=\/wp\/v2\/posts\/19513\/revisions"}],"predecessor-version":[{"id":19517,"href":"https:\/\/www.friedenkoeln.de\/index.php?rest_route=\/wp\/v2\/posts\/19513\/revisions\/19517"}],"wp:featuredmedia":[{"embeddable":true,"href":"https:\/\/www.friedenkoeln.de\/index.php?rest_route=\/wp\/v2\/media\/19514"}],"wp:attachment":[{"href":"https:\/\/www.friedenkoeln.de\/index.php?rest_route=%2Fwp%2Fv2%2Fmedia&parent=19513"}],"wp:term":[{"taxonomy":"category","embeddable":true,"href":"https:\/\/www.friedenkoeln.de\/index.php?rest_route=%2Fwp%2Fv2%2Fcategories&post=19513"},{"taxonomy":"post_tag","embeddable":true,"href":"https:\/\/www.friedenkoeln.de\/index.php?rest_route=%2Fwp%2Fv2%2Ftags&post=19513"}],"curies":[{"name":"wp","href":"https:\/\/api.w.org\/{rel}","templated":true}]}}