{"id":19530,"date":"2026-01-20T19:50:12","date_gmt":"2026-01-20T18:50:12","guid":{"rendered":"https:\/\/www.friedenkoeln.de\/?p=19530"},"modified":"2026-01-20T19:50:12","modified_gmt":"2026-01-20T18:50:12","slug":"a-single-day-filmankuendigung","status":"publish","type":"post","link":"https:\/\/www.friedenkoeln.de\/?p=19530","title":{"rendered":"A Single Day &#8211; Filmank\u00fcndigung"},"content":{"rendered":"<p><img loading=\"lazy\" decoding=\"async\" class=\" wp-image-19532 alignright\" src=\"https:\/\/www.friedenkoeln.de\/wp-content\/uploads\/2026\/01\/Bild_2026-01-20_194735129.png\" alt=\"Collage zur Premiere des Dokumentationsfilms &quot;A Single Day&quot;\" width=\"306\" height=\"417\" srcset=\"https:\/\/www.friedenkoeln.de\/wp-content\/uploads\/2026\/01\/Bild_2026-01-20_194735129.png 567w, https:\/\/www.friedenkoeln.de\/wp-content\/uploads\/2026\/01\/Bild_2026-01-20_194735129-147x200.png 147w\" sizes=\"auto, (max-width: 306px) 100vw, 306px\" \/>16. M\u00e4rz 1968: Ein 18-j\u00e4hriger US-Soldat richtet seine Waffe gegen die eigenen Kameraden und stoppt das My Lai Massaker. 50 Jahre sp\u00e4ter erz\u00e4hlt Larry Colburn seine Geschichte \u2013 zum letzten Mal.<\/p>\n<p>W\u00e4hrend US-Soldaten am 16. M\u00e4rz 1968 \u00fcber 500 unbewaffnete vietnamesische Zivilisten im Dorf My Lai ermorden, landet der Hubschrauber-Bordsch\u00fctze Larry Colburn mitten im Geschehen. Der 18-J\u00e4hrige trifft eine Entscheidung, die sein Leben f\u00fcr immer ver\u00e4ndern wird: Er stellt sich sch\u00fctzend vor die \u00dcberlebenden und droht seinen eigenen Kameraden mit Waffengewalt.<\/p>\n<p>Ein halbes Jahrhundert sp\u00e4ter ringt Larry Colburn mit den Folgen: Schuldgef\u00fchle, Trauma, die ewige Frage &#8222;H\u00e4tte ich mehr tun k\u00f6nnen?&#8220;<\/p>\n<p>A SINGLE DAY zeigt Larry Colburns einziges ausf\u00fchrliches Interview \u00fcber jenen Tag \u2013 gedreht kurz vor seinem Tod. Ein Film \u00fcber Zivilcourage in Extremsituationen, \u00fcber die Grenzen des Gehorsams und die Last der Verantwortung.<\/p>\n<p>Christoph Felder arbeitet seit \u00fcber 30 Jahren als Filmemacher und Produzent. Seine pr\u00e4mierten Filme liefen bei arte, WDR, ZDF und 3sat. F\u00fcr &#8222;My Lai Inside&#8220; erhielt er 2024 den Rome Film Award. Sitz der Produktion: Overath (bei K\u00f6ln) docufilms.jimdofree.com\/<\/p>\n<h4>Vorstellungen<\/h4>\n<ul>\n<li>Dienstag, 03.02., 20:00 Uhr &#8211; <a href=\"https:\/\/www.scala-cinema-lev.de\" target=\"_blank\" rel=\"noopener\">Scala Kino Leverkusen<\/a> (mit Filmgespr\u00e4ch)<\/li>\n<li>Donnerstag, 05.02., 20:00 Uhr &#8211; <a href=\"https:\/\/filmhaus-koeln.de\/event\/a-single-day\" target=\"_blank\" rel=\"noopener\">Filmhaus K\u00f6ln<\/a> (mit Filmgespr\u00e4ch)<\/li>\n<\/ul>\n<p><a href=\"https:\/\/www.friedenkoeln.de\/wp-content\/uploads\/2026\/01\/A-Single-Day.pdf\">Flyer herunterladen<\/a><\/p>\n","protected":false},"excerpt":{"rendered":"<p>16. M\u00e4rz 1968: Ein 18-j\u00e4hriger US-Soldat richtet seine Waffe gegen die eigenen Kameraden und stoppt das My Lai Massaker. 50 Jahre sp\u00e4ter erz\u00e4hlt Larry Colburn seine Geschichte \u2013 zum letzten Mal. W\u00e4hrend US-Soldaten am&#46;&#46;&#46;<\/p>\n","protected":false},"author":109,"featured_media":19532,"comment_status":"open","ping_status":"open","sticky":false,"template":"","format":"standard","meta":{"footnotes":""},"categories":[104],"tags":[85,27,64],"class_list":["post-19530","post","type-post","status-publish","format-standard","has-post-thumbnail","hentry","category-ankuendigung","tag-kriegsverbrechen","tag-kultur","tag-zivilcourage"],"_links":{"self":[{"href":"https:\/\/www.friedenkoeln.de\/index.php?rest_route=\/wp\/v2\/posts\/19530","targetHints":{"allow":["GET"]}}],"collection":[{"href":"https:\/\/www.friedenkoeln.de\/index.php?rest_route=\/wp\/v2\/posts"}],"about":[{"href":"https:\/\/www.friedenkoeln.de\/index.php?rest_route=\/wp\/v2\/types\/post"}],"author":[{"embeddable":true,"href":"https:\/\/www.friedenkoeln.de\/index.php?rest_route=\/wp\/v2\/users\/109"}],"replies":[{"embeddable":true,"href":"https:\/\/www.friedenkoeln.de\/index.php?rest_route=%2Fwp%2Fv2%2Fcomments&post=19530"}],"version-history":[{"count":1,"href":"https:\/\/www.friedenkoeln.de\/index.php?rest_route=\/wp\/v2\/posts\/19530\/revisions"}],"predecessor-version":[{"id":19533,"href":"https:\/\/www.friedenkoeln.de\/index.php?rest_route=\/wp\/v2\/posts\/19530\/revisions\/19533"}],"wp:featuredmedia":[{"embeddable":true,"href":"https:\/\/www.friedenkoeln.de\/index.php?rest_route=\/wp\/v2\/media\/19532"}],"wp:attachment":[{"href":"https:\/\/www.friedenkoeln.de\/index.php?rest_route=%2Fwp%2Fv2%2Fmedia&parent=19530"}],"wp:term":[{"taxonomy":"category","embeddable":true,"href":"https:\/\/www.friedenkoeln.de\/index.php?rest_route=%2Fwp%2Fv2%2Fcategories&post=19530"},{"taxonomy":"post_tag","embeddable":true,"href":"https:\/\/www.friedenkoeln.de\/index.php?rest_route=%2Fwp%2Fv2%2Ftags&post=19530"}],"curies":[{"name":"wp","href":"https:\/\/api.w.org\/{rel}","templated":true}]}}