{"id":19534,"date":"2026-01-22T16:08:31","date_gmt":"2026-01-22T15:08:31","guid":{"rendered":"https:\/\/www.friedenkoeln.de\/?p=19534"},"modified":"2026-01-22T16:08:31","modified_gmt":"2026-01-22T15:08:31","slug":"veranstaltung-zur-wehrerfassung-und-musterung-aufklaerung-fuer-junge-menschen","status":"publish","type":"post","link":"https:\/\/www.friedenkoeln.de\/?p=19534","title":{"rendered":"Veranstaltung zur Wehrerfassung und Musterung: Aufkl\u00e4rung fu\u0308r junge Menschen"},"content":{"rendered":"<p>Du\u0308ren, den 20.01.2026<br \/>\nAm Montag, den 26. Januar 2026, laden die Linksjugend [&#8217;solid] und die Deutsche Friedensgesellschaft<br \/>\n\u2013 Vereinigte Kriegsdienstgegner:innen (DFG-VK) zu einer Informationsveranstaltung<br \/>\nins KOMM Jugend- und Kulturzentrum Du\u0308ren ein. Die Veranstaltung widmet sich der aktuellen<br \/>\nVersion des Wehrpflichtgesetzes und kl\u00e4rt u\u0308ber die Auswirkungen auf junge Menschen auf.<br \/>\nDie Wehrerfassung und Musterung sind Themen, die viele junge Menschen direkt betreffen.<br \/>\nSeit der Wiedereinfu\u0308hrung der Wehrpflicht in ihrer aktuellen Form erhalten zahlreiche<br \/>\nJugendliche Frageb\u00f6gen, die sie zur Teilnahme an der Musterung verpflichten. Diese<br \/>\nEntwicklung wirft viele Fragen auf: Was bedeutet die Wehrpflicht fu\u0308r die pers\u00f6nliche Zukunft?<br \/>\nWelche Rechte und Pflichten haben junge Menschen? Und welche Alternativen gibt es?<br \/>\n\u201eDie Aufkl\u00e4rung u\u0308ber das Wehrpflichtgesetz ist entscheidend, um junge Menschen u\u0308ber ihre<br \/>\nRechte und M\u00f6glichkeiten zu informieren&#8220;, erkl\u00e4rt Christoph Tophoven, Sprecher DFG-VK K\u00f6ln<br \/>\nund Umland. \u201eViele wissen nicht, welche Konsequenzen die verschickten Frageb\u00f6gen haben<br \/>\nk\u00f6nnen oder wie sie sich verhalten sollen. Wir wollen hier Transparenz schaffen und<br \/>\nUnterstu\u0308tzung bieten.&#8220;<br \/>\nDie Veranstaltung bietet neben fundierten Informationen auch Raum fu\u0308r Diskussionen und<br \/>\nindividuelle Fragen. Ziel ist es, junge Menschen in die Lage zu versetzen, eine eigenst\u00e4ndige<br \/>\nEntscheidung zu treffen und ihnen Handlungsoptionen aufzuzeigen. Die Veranstalter laden alle<br \/>\nInteressierten herzlich ein, sich zu informieren und an der Diskussion teilzunehmen. Der Eintritt<br \/>\nist frei.<\/p>\n<h3>Wann: 26.01.2026 um 18 Uhr<br \/>\nWo: KOMM, August-Klotz-Stra\u00dfe 21, 52349 Du\u0308ren<\/h3>\n<p><strong>Pressekontakte<\/strong><br \/>\nPaul Wittgen<br \/>\nLinksjugend [&#8217;solid]<br \/>\n0157 382 584 39<br \/>\n<a href=\"mailto:basisgruppe-dueren@nrw.linksjugend-solid.de\">basisgruppe-dueren@nrw.linksjugend-solid.de<\/a><br \/>\nHans-Achim Brand<br \/>\nDFG-VK<br \/>\n0160 554 69 23<br \/>\n<a href=\"mailto:kontakt@friedenkoeln.de\">kontakt@friedenkoeln.de<\/a><\/p>\n","protected":false},"excerpt":{"rendered":"<p>Du\u0308ren, den 20.01.2026 Am Montag, den 26. Januar 2026, laden die Linksjugend [&#8217;solid] und die Deutsche Friedensgesellschaft \u2013 Vereinigte Kriegsdienstgegner:innen (DFG-VK) zu einer Informationsveranstaltung ins KOMM Jugend- und Kulturzentrum Du\u0308ren ein. Die Veranstaltung widmet&#46;&#46;&#46;<\/p>\n","protected":false},"author":110,"featured_media":19456,"comment_status":"open","ping_status":"open","sticky":false,"template":"","format":"standard","meta":{"footnotes":""},"categories":[87],"tags":[],"class_list":["post-19534","post","type-post","status-publish","format-standard","has-post-thumbnail","hentry","category-pressemitteilung"],"_links":{"self":[{"href":"https:\/\/www.friedenkoeln.de\/index.php?rest_route=\/wp\/v2\/posts\/19534","targetHints":{"allow":["GET"]}}],"collection":[{"href":"https:\/\/www.friedenkoeln.de\/index.php?rest_route=\/wp\/v2\/posts"}],"about":[{"href":"https:\/\/www.friedenkoeln.de\/index.php?rest_route=\/wp\/v2\/types\/post"}],"author":[{"embeddable":true,"href":"https:\/\/www.friedenkoeln.de\/index.php?rest_route=\/wp\/v2\/users\/110"}],"replies":[{"embeddable":true,"href":"https:\/\/www.friedenkoeln.de\/index.php?rest_route=%2Fwp%2Fv2%2Fcomments&post=19534"}],"version-history":[{"count":2,"href":"https:\/\/www.friedenkoeln.de\/index.php?rest_route=\/wp\/v2\/posts\/19534\/revisions"}],"predecessor-version":[{"id":19536,"href":"https:\/\/www.friedenkoeln.de\/index.php?rest_route=\/wp\/v2\/posts\/19534\/revisions\/19536"}],"wp:featuredmedia":[{"embeddable":true,"href":"https:\/\/www.friedenkoeln.de\/index.php?rest_route=\/wp\/v2\/media\/19456"}],"wp:attachment":[{"href":"https:\/\/www.friedenkoeln.de\/index.php?rest_route=%2Fwp%2Fv2%2Fmedia&parent=19534"}],"wp:term":[{"taxonomy":"category","embeddable":true,"href":"https:\/\/www.friedenkoeln.de\/index.php?rest_route=%2Fwp%2Fv2%2Fcategories&post=19534"},{"taxonomy":"post_tag","embeddable":true,"href":"https:\/\/www.friedenkoeln.de\/index.php?rest_route=%2Fwp%2Fv2%2Ftags&post=19534"}],"curies":[{"name":"wp","href":"https:\/\/api.w.org\/{rel}","templated":true}]}}