{"id":19538,"date":"2026-01-28T16:51:50","date_gmt":"2026-01-28T15:51:50","guid":{"rendered":"https:\/\/www.friedenkoeln.de\/?p=19538"},"modified":"2026-01-28T16:51:50","modified_gmt":"2026-01-28T15:51:50","slug":"kapitalismus-und-krieg-erklaerung-von-pax-christi-zum-wef-2026-in-davos","status":"publish","type":"post","link":"https:\/\/www.friedenkoeln.de\/?p=19538","title":{"rendered":"Kapitalismus und Krieg &#8211; Erkl\u00e4rung von Pax Christi zum WEF 2026 in Davos"},"content":{"rendered":"<h3>Aufzubrechender Zusammenhang von Krieg und Kapitalismus &#8211; Erkl\u00e4rung der Kommission Friedenspolitik von Pax Christi<\/h3>\n<blockquote><p><img loading=\"lazy\" decoding=\"async\" class=\" wp-image-19433 alignright\" src=\"https:\/\/www.friedenkoeln.de\/wp-content\/uploads\/2025\/11\/Bildschirmfoto-vom-2025-11-12-22-59-20.png\" alt=\"pax christi\" width=\"265\" height=\"230\" \/>\u201eDie Kapitalisten wollen keinen Krieg. Sie m\u00fcssen ihn wollen\u201c (B. Brecht)<\/p><\/blockquote>\n<p>Anl\u00e4sslich des Weltwirtschaftsforums vom 19. &#8211; 23. Januar 2026 in Davos nimmt die pax christi-Kommission Friedenspolitik zu den Kriegsursachen Stellung, die unserer Analyse nach wesentlich im finanzmarktkapitalistischen System begr\u00fcndet liegen. Die Pulverisierung der internationalen Ordnung, die sich in Wirtschaftskriegen, v\u00f6lkerrechtswidrigen Kriegen und milit\u00e4rischen Konflikten in den letzten Jahrzehnten zeigt; in j\u00fcngster Zeit besonders verheerend in der Ukraine, in Venezuela, in Pal\u00e4stina, im Sudan und im Kongo; geht einher mit einer immer ungleicheren Verteilung an Verm\u00f6gensbildung und Lebenschancen auf der Welt und der Versuchung, wirtschaftliche Interessen an Wasser, Rohstoffen und Land durch milit\u00e4rische Gewalt durchzusetzen.<\/p>\n<p>Den Frieden nachhaltig suchen bedeutet, unsere Gesellschaften vom irrationalen Selbstzweck, Kapital um seiner selbst willen zu vermehren, und aus den Zw\u00e4ngen der konkurrenzgetriebenen privaten Aneignung und des St\u00e4ndig-Wachsen-M\u00fcssens zu befreien. Bert Brechts Diktum \u201eDie Kapitalisten wollen keinen Krieg. Sie m\u00fcssen ihn wollen\u201c bringt es auf den Punkt: Die konkurrenz-kapitalistische Grundlogik f\u00fchrt systemimmanent zwangsl\u00e4ufig zum Krieg, auch wenn das einzelne Vertreter subjektiv nicht wollen.<\/p>\n<p><a href=\"https:\/\/www.paxchristi.de\/meldungen\/view\/5299985048403968\/WEF%202026%20in%20Davos\" target=\"_blank\" rel=\"noopener\">Die ganze Erkl\u00e4rung bei Pax Christi herunterladen<\/a><br \/>\n<a href=\"https:\/\/www.friedenkoeln.de\/wp-content\/uploads\/2026\/01\/Pax-Christi-Erklaerung-2026-01.pdf\" target=\"_blank\" rel=\"noopener\">Die Erkl\u00e4rung von der Seite der DFG-VK K\u00f6ln herunterladen<\/a><\/p>\n","protected":false},"excerpt":{"rendered":"<p>Aufzubrechender Zusammenhang von Krieg und Kapitalismus &#8211; Erkl\u00e4rung der Kommission Friedenspolitik von Pax Christi \u201eDie Kapitalisten wollen keinen Krieg. Sie m\u00fcssen ihn wollen\u201c (B. Brecht) Anl\u00e4sslich des Weltwirtschaftsforums vom 19. &#8211; 23. Januar 2026&#46;&#46;&#46;<\/p>\n","protected":false},"author":109,"featured_media":19433,"comment_status":"open","ping_status":"open","sticky":false,"template":"","format":"standard","meta":{"footnotes":""},"categories":[266],"tags":[76],"class_list":["post-19538","post","type-post","status-publish","format-standard","has-post-thumbnail","hentry","category-erklaerung","tag-wirtschaft"],"_links":{"self":[{"href":"https:\/\/www.friedenkoeln.de\/index.php?rest_route=\/wp\/v2\/posts\/19538","targetHints":{"allow":["GET"]}}],"collection":[{"href":"https:\/\/www.friedenkoeln.de\/index.php?rest_route=\/wp\/v2\/posts"}],"about":[{"href":"https:\/\/www.friedenkoeln.de\/index.php?rest_route=\/wp\/v2\/types\/post"}],"author":[{"embeddable":true,"href":"https:\/\/www.friedenkoeln.de\/index.php?rest_route=\/wp\/v2\/users\/109"}],"replies":[{"embeddable":true,"href":"https:\/\/www.friedenkoeln.de\/index.php?rest_route=%2Fwp%2Fv2%2Fcomments&post=19538"}],"version-history":[{"count":5,"href":"https:\/\/www.friedenkoeln.de\/index.php?rest_route=\/wp\/v2\/posts\/19538\/revisions"}],"predecessor-version":[{"id":19544,"href":"https:\/\/www.friedenkoeln.de\/index.php?rest_route=\/wp\/v2\/posts\/19538\/revisions\/19544"}],"wp:featuredmedia":[{"embeddable":true,"href":"https:\/\/www.friedenkoeln.de\/index.php?rest_route=\/wp\/v2\/media\/19433"}],"wp:attachment":[{"href":"https:\/\/www.friedenkoeln.de\/index.php?rest_route=%2Fwp%2Fv2%2Fmedia&parent=19538"}],"wp:term":[{"taxonomy":"category","embeddable":true,"href":"https:\/\/www.friedenkoeln.de\/index.php?rest_route=%2Fwp%2Fv2%2Fcategories&post=19538"},{"taxonomy":"post_tag","embeddable":true,"href":"https:\/\/www.friedenkoeln.de\/index.php?rest_route=%2Fwp%2Fv2%2Ftags&post=19538"}],"curies":[{"name":"wp","href":"https:\/\/api.w.org\/{rel}","templated":true}]}}