{"id":19639,"date":"2026-04-27T12:30:09","date_gmt":"2026-04-27T10:30:09","guid":{"rendered":"https:\/\/www.friedenkoeln.de\/?p=19639"},"modified":"2026-04-27T12:30:09","modified_gmt":"2026-04-27T10:30:09","slug":"die-combatants-for-peace-sind-zu-besuch-in-koeln","status":"publish","type":"post","link":"https:\/\/www.friedenkoeln.de\/?p=19639","title":{"rendered":"Die Combatants for Peace sind zu Besuch in K\u00f6ln"},"content":{"rendered":"<h3>Wann? 28.04.26, 19:00-21:00 Uhr, Einlass 18:30 Uhr<\/h3>\n<h3>Wohin? Autonomes Zentrum (AZ) K\u00f6ln, Luxemburger Str. 93, 50939 K\u00f6ln<\/h3>\n<p><strong>Die Veranstaltung wird in englischer Sprache stattfinden.<\/strong><\/p>\n<p>Das Autonome Zentrum schreibt: &#8222;Wir freuen uns, Elie und Sayel von Combatants for Peace (CfP) im AZ K\u00f6ln begr\u00fc\u00dfen zu d\u00fcrfen. CfP ist eine Basisbewegung von Israelis und Pal\u00e4stinensern, die zusammenarbeiten, um die Besatzung zu beenden, mit dem Ziel von Frieden, Freiheit und Sicherheit f\u00fcr alle Menschen zwischen dem Jordan und dem Mittelmeer. Sayel Jabareen ist pal\u00e4stinensisches Mitglied von Combatants for Peace und im Westjordanland im gewaltfreien Widerstand und der Nachbarschaftsarbeit aktiv. Er bringt Erfahrungen aus erster Hand mit, wie sich Siedlergewalt auf pal\u00e4stinensische Gemeinschaften auswirkt und wie gewaltfreier Widerstand W\u00fcrde und Rechte sch\u00fctzt. Elie Avidor ist israelisches Mitglied von Combatants for Peace. Er setzt sich gegen Gewalt in der israelischen Gesellschaft ein und setzt sich f\u00fcr gesellschaftliche Verantwortung, Gleichheit und Sicherheit f\u00fcr alle ein. Er engagiert sich auch f\u00fcr den Schutz von pal\u00e4stinensischen Gemeinden im Westjordanland, dokumentiert Menschenrechtsverletzungen durch Siedler, um potenzielle Gewaltt\u00e4ter abzuschrecken. Gemeinsam stehen sie f\u00fcr gemeinsame Verantwortung und Engagement. Elie und Sayel werden \u00fcber ihren pers\u00f6nlichen Weg zur Gewaltfreiheit und ihren Aktivismus mit CfP f\u00fcr kollektive Befreiung und einen Frieden, der auf Gerechtigkeit und Gleichheit beruht, sprechen. Es gibt die M\u00f6glichkeit, mit ihnen ins Gespr\u00e4ch zu kommen und \u00fcber den aktuellen Krieg und die Situation im Westjordanland zu diskutieren.&#8220; (eigene \u00dcbersetzung des englischsprachigen Ank\u00fcndigungstextes)<\/p>\n","protected":false},"excerpt":{"rendered":"<p>Wann? 28.04.26, 19:00-21:00 Uhr, Einlass 18:30 Uhr Wohin? Autonomes Zentrum (AZ) K\u00f6ln, Luxemburger Str. 93, 50939 K\u00f6ln Die Veranstaltung wird in englischer Sprache stattfinden. Das Autonome Zentrum schreibt: &#8222;Wir freuen uns, Elie und Sayel&#46;&#46;&#46;<\/p>\n","protected":false},"author":110,"featured_media":18595,"comment_status":"open","ping_status":"open","sticky":false,"template":"","format":"standard","meta":{"footnotes":""},"categories":[104],"tags":[],"class_list":["post-19639","post","type-post","status-publish","format-standard","has-post-thumbnail","hentry","category-ankuendigung"],"_links":{"self":[{"href":"https:\/\/www.friedenkoeln.de\/index.php?rest_route=\/wp\/v2\/posts\/19639","targetHints":{"allow":["GET"]}}],"collection":[{"href":"https:\/\/www.friedenkoeln.de\/index.php?rest_route=\/wp\/v2\/posts"}],"about":[{"href":"https:\/\/www.friedenkoeln.de\/index.php?rest_route=\/wp\/v2\/types\/post"}],"author":[{"embeddable":true,"href":"https:\/\/www.friedenkoeln.de\/index.php?rest_route=\/wp\/v2\/users\/110"}],"replies":[{"embeddable":true,"href":"https:\/\/www.friedenkoeln.de\/index.php?rest_route=%2Fwp%2Fv2%2Fcomments&post=19639"}],"version-history":[{"count":1,"href":"https:\/\/www.friedenkoeln.de\/index.php?rest_route=\/wp\/v2\/posts\/19639\/revisions"}],"predecessor-version":[{"id":19640,"href":"https:\/\/www.friedenkoeln.de\/index.php?rest_route=\/wp\/v2\/posts\/19639\/revisions\/19640"}],"wp:featuredmedia":[{"embeddable":true,"href":"https:\/\/www.friedenkoeln.de\/index.php?rest_route=\/wp\/v2\/media\/18595"}],"wp:attachment":[{"href":"https:\/\/www.friedenkoeln.de\/index.php?rest_route=%2Fwp%2Fv2%2Fmedia&parent=19639"}],"wp:term":[{"taxonomy":"category","embeddable":true,"href":"https:\/\/www.friedenkoeln.de\/index.php?rest_route=%2Fwp%2Fv2%2Fcategories&post=19639"},{"taxonomy":"post_tag","embeddable":true,"href":"https:\/\/www.friedenkoeln.de\/index.php?rest_route=%2Fwp%2Fv2%2Ftags&post=19639"}],"curies":[{"name":"wp","href":"https:\/\/api.w.org\/{rel}","templated":true}]}}