{"id":19645,"date":"2026-05-01T10:50:51","date_gmt":"2026-05-01T08:50:51","guid":{"rendered":"https:\/\/www.friedenkoeln.de\/?p=19645"},"modified":"2026-05-01T10:53:16","modified_gmt":"2026-05-01T08:53:16","slug":"friedens-und-gedenkveranstaltung-8-mai-1945-tag-der-befreiung-europas-von-faschismus-und-krieg-und-heute","status":"publish","type":"post","link":"https:\/\/www.friedenkoeln.de\/?p=19645","title":{"rendered":"Friedens- und Gedenkveranstaltung: 8. Mai 1945 \u2013 Tag der Befreiung Europas von Faschismus und Krieg. &#8211; Und heute?"},"content":{"rendered":"<h4><strong><img loading=\"lazy\" decoding=\"async\" class=\" wp-image-14970 alignright\" src=\"https:\/\/www.friedenkoeln.de\/wp-content\/uploads\/2020\/05\/VVN-BdA_Logo-gro\u00df_2019.jpg\" alt=\"\" width=\"336\" height=\"488\" \/><\/strong>8. Mai 2026, 17.30 Uhr, Mahnmal am Hansaring \/ am Klingelp\u00fctz<\/h4>\n<p>Die Befreiung vom Faschismus war nicht nur Befreiung von Terror, Unterdr\u00fcckung und Rassenwahn, sie war nicht zuletzt eine Befreiung vom Krieg. \u201eNie wieder Faschismus, nie wieder Krieg!\u201c hie\u00df das Programm der ehemaligen H\u00e4ftlinge, die aus politischen, rassistischen oder anderen Gr\u00fcnden verfolgt und ins Exil getrieben wurden.<\/p>\n<p>Vom ersten Tag an waren Eroberung und Annektion die Ziele der Nazis und ihrer Steigb\u00fcgelhalter, Krieg war das Mittel dazu. Schon vor 1933 verk\u00fcndete Hitler das Ziel, die Reichswehr auf 300.000 Mann zu verdreifachen und aufzur\u00fcsten. Am 16. M\u00e4rz 1935 wurde die allgemeine Wehrpflicht eingef\u00fchrt. Vor 90 Jahren, am 7. M\u00e4rz 1936, besetzten Truppen der Wehrmacht unter Bruch vertraglicher Verpflichtungen das bis dahin entmilitarisierte Rheinland und zogen auch im linksrheinischen K\u00f6ln ein. Im spanischen B\u00fcrgerkrieg erprobte die deutsche Luftwaffe das Mittel des Bombenterrors.<\/p>\n<p>Heute leben wir in demokratischen Verh\u00e4ltnissen, die wir den BefreierInnen der alliierten Truppen und den PartisanInnen in vielen L\u00e4ndern Europas zu verdanken haben. Dennoch wird mit atemberaubender Geschwindigkeit auch in Deutschland der Krieg gegen Russland wieder vorbereitet \u2013 finanziell, organisatorisch, propagandistisch durch die zunehmende Einschr\u00e4nkung demokratischer Rechte. Junge Menschen werden wieder f\u00fcrs Milit\u00e4r erfasst und gemustert, die Wiedereinf\u00fchrung der Wehrpflicht wird diskutiert und steht auf dem Plan.<\/p>\n<p>Unser Gedenken an die Befreiung und die Menschen, denen sie zu verdanken ist, ist kein leeres Ritual. Gedenken hat nur dann einen Sinn, wenn es ein \u201eNie wieder!\u201c beinhaltet und sich konkret gegen Faschismus und Krieg wendet. Wir stellen deshalb den Kampf f\u00fcr Frieden in der Welt, in Europa und vor allem in Deutschland in den Mittelpunkt unserer diesj\u00e4hrigen Gedenkfeier.<\/p>\n<p><strong>Es rufen auf:<\/strong><\/p>\n<p><em>Vereinigung der Verfolgten des Naziregimes K\u00f6ln<br \/>\nVerein zur F\u00f6rderung der St\u00e4dtepartnerschaft K\u00f6ln \u2013 Wolgograd e.V.<br \/>\nK\u00f6lner Friedensforum<\/em><\/p>\n<p><a href=\"https:\/\/koeln.vvn-bda.de\/2026\/04\/28\/mai-1945-tag-der-befreiung-europas-von-faschismus-und-krieg\/\" target=\"_blank\" rel=\"noopener\">Link zum Aufruf der VVN-BdA K\u00f6ln<\/a><\/p>\n","protected":false},"excerpt":{"rendered":"<p>8. Mai 2026, 17.30 Uhr, Mahnmal am Hansaring \/ am Klingelp\u00fctz Die Befreiung vom Faschismus war nicht nur Befreiung von Terror, Unterdr\u00fcckung und Rassenwahn, sie war nicht zuletzt eine Befreiung vom Krieg. \u201eNie wieder&#46;&#46;&#46;<\/p>\n","protected":false},"author":109,"featured_media":14970,"comment_status":"open","ping_status":"open","sticky":false,"template":"","format":"standard","meta":{"footnotes":""},"categories":[104,116],"tags":[],"class_list":["post-19645","post","type-post","status-publish","format-standard","has-post-thumbnail","hentry","category-ankuendigung","category-aufruf"],"_links":{"self":[{"href":"https:\/\/www.friedenkoeln.de\/index.php?rest_route=\/wp\/v2\/posts\/19645","targetHints":{"allow":["GET"]}}],"collection":[{"href":"https:\/\/www.friedenkoeln.de\/index.php?rest_route=\/wp\/v2\/posts"}],"about":[{"href":"https:\/\/www.friedenkoeln.de\/index.php?rest_route=\/wp\/v2\/types\/post"}],"author":[{"embeddable":true,"href":"https:\/\/www.friedenkoeln.de\/index.php?rest_route=\/wp\/v2\/users\/109"}],"replies":[{"embeddable":true,"href":"https:\/\/www.friedenkoeln.de\/index.php?rest_route=%2Fwp%2Fv2%2Fcomments&post=19645"}],"version-history":[{"count":3,"href":"https:\/\/www.friedenkoeln.de\/index.php?rest_route=\/wp\/v2\/posts\/19645\/revisions"}],"predecessor-version":[{"id":19648,"href":"https:\/\/www.friedenkoeln.de\/index.php?rest_route=\/wp\/v2\/posts\/19645\/revisions\/19648"}],"wp:featuredmedia":[{"embeddable":true,"href":"https:\/\/www.friedenkoeln.de\/index.php?rest_route=\/wp\/v2\/media\/14970"}],"wp:attachment":[{"href":"https:\/\/www.friedenkoeln.de\/index.php?rest_route=%2Fwp%2Fv2%2Fmedia&parent=19645"}],"wp:term":[{"taxonomy":"category","embeddable":true,"href":"https:\/\/www.friedenkoeln.de\/index.php?rest_route=%2Fwp%2Fv2%2Fcategories&post=19645"},{"taxonomy":"post_tag","embeddable":true,"href":"https:\/\/www.friedenkoeln.de\/index.php?rest_route=%2Fwp%2Fv2%2Ftags&post=19645"}],"curies":[{"name":"wp","href":"https:\/\/api.w.org\/{rel}","templated":true}]}}