{"id":19649,"date":"2026-05-02T10:54:03","date_gmt":"2026-05-02T08:54:03","guid":{"rendered":"https:\/\/www.friedenkoeln.de\/?p=19649"},"modified":"2026-05-02T10:55:04","modified_gmt":"2026-05-02T08:55:04","slug":"operationsplan-deutschland-wie-soll-auch-das-zivile-deutschland-kriegstuechtig-gemacht-werden","status":"publish","type":"post","link":"https:\/\/www.friedenkoeln.de\/?p=19649","title":{"rendered":"\u201eOperationsplan Deutschland\u201c \u2013 Wie soll auch das zivile Deutschland \u201ekriegst\u00fcchtig\u201c gemacht werden?"},"content":{"rendered":"<h3>Vortrag und Diskussion mit Daniel L\u00fccking<\/h3>\n<h4>12.05.2026, 18:00 Uhr, DGB-Haus, Hans-B\u00f6ckler-Platz 1, 50672 K\u00f6ln<\/h4>\n<p>Wie die Zivilgesellschaft auf den Spannungs- und Kriegsfall vorbereitet werden soll, und wie weit dies schon fortgeschritten ist, ist den meisten von uns noch nicht bekannt. Der \u201eOperationsplan Deutschland\u201c ist als\u00a0geheim eingestuft. Das sogenannte \u201eGr\u00fcnbuch\u201c gibt Einblicke in die geplanten Ma\u00dfnahmen, die nach Aussagen der Bundesregierung unserer Freiheit und Demokratie und unserem Schutz dienen sollen.<\/p>\n<p><strong>\u00a0<\/strong><\/p>\n<p><img loading=\"lazy\" decoding=\"async\" class=\"size-full wp-image-19656 alignright\" src=\"https:\/\/www.friedenkoeln.de\/wp-content\/uploads\/2026\/05\/Rosalux-Logo.png\" alt=\"\" width=\"572\" height=\"178\" srcset=\"https:\/\/www.friedenkoeln.de\/wp-content\/uploads\/2026\/05\/Rosalux-Logo.png 572w, https:\/\/www.friedenkoeln.de\/wp-content\/uploads\/2026\/05\/Rosalux-Logo-200x62.png 200w\" sizes=\"auto, (max-width: 572px) 100vw, 572px\" \/><\/p>\n<p><strong>Daniel L\u00fccking<\/strong> besch\u00e4ftigt sich seit langem mit diesen Planungen. In seinem\u00a0Vortrag gibt er einen \u00dcberblick \u00fcber das Vorhaben selbst, \u00fcber den aktuellen Stand\u00a0der Umsetzung soweit bekannt und \u00fcber die Strategien\u00a0der gesellschaftlichen Vermittlung. Anhand praktischer Beispiele wird deutlich, wie stark das Vorhaben voraussichtlich eingreifen wird.<\/p>\n<p>Diskutieren werden wir unter anderem:<\/p>\n<ul>\n<li>Wie sollen diese Ma\u00dfnahmen der Bev\u00f6lkerung konkret vermittelt werden u. a. durch die Schulen?<\/li>\n<li>Wie passt dies mit unserem Verfassungsauftrag zur Demokratie- und Friedensbildung zusammen?<\/li>\n<li>Welche gesellschaftlichen Folgen f\u00fcr die Zivilgesellschaft sind in den n\u00e4chsten Jahren zu erwarten, lange vor einem eventuellen akuten Konfliktfall?<\/li>\n<li>Was bedeutet das f\u00fcr die Gewerkschaften?<\/li>\n<\/ul>\n<p><strong>Referent:<\/strong><br \/>\nDaniel L\u00fccking ist Wissenschaftlicher Mitarbeiter und lebt in Berlin.<\/p>\n<hr \/>\n<p><em>Eine gemeinsame Veranstaltung des Arbeitskreises Frieden &amp; Internationales der GEW K\u00f6ln und\u00a0der Rosa-Luxemburg-Stiftung NRW, unterst\u00fctzt durch das Friedensbildungswerk K\u00f6ln<\/em><\/p>\n<p><a href=\"https:\/\/www.friedenkoeln.de\/wp-content\/uploads\/2026\/05\/Flyer_Operationsplan-Deutschland.pdf\" target=\"_blank\" rel=\"noopener\">Flyer herunterladen<\/a><\/p>\n","protected":false},"excerpt":{"rendered":"<p>Vortrag und Diskussion mit Daniel L\u00fccking 12.05.2026, 18:00 Uhr, DGB-Haus, Hans-B\u00f6ckler-Platz 1, 50672 K\u00f6ln Wie die Zivilgesellschaft auf den Spannungs- und Kriegsfall vorbereitet werden soll, und wie weit dies schon fortgeschritten ist, ist den&#46;&#46;&#46;<\/p>\n","protected":false},"author":109,"featured_media":19656,"comment_status":"open","ping_status":"open","sticky":false,"template":"","format":"standard","meta":{"footnotes":""},"categories":[104],"tags":[],"class_list":["post-19649","post","type-post","status-publish","format-standard","has-post-thumbnail","hentry","category-ankuendigung"],"_links":{"self":[{"href":"https:\/\/www.friedenkoeln.de\/index.php?rest_route=\/wp\/v2\/posts\/19649","targetHints":{"allow":["GET"]}}],"collection":[{"href":"https:\/\/www.friedenkoeln.de\/index.php?rest_route=\/wp\/v2\/posts"}],"about":[{"href":"https:\/\/www.friedenkoeln.de\/index.php?rest_route=\/wp\/v2\/types\/post"}],"author":[{"embeddable":true,"href":"https:\/\/www.friedenkoeln.de\/index.php?rest_route=\/wp\/v2\/users\/109"}],"replies":[{"embeddable":true,"href":"https:\/\/www.friedenkoeln.de\/index.php?rest_route=%2Fwp%2Fv2%2Fcomments&post=19649"}],"version-history":[{"count":4,"href":"https:\/\/www.friedenkoeln.de\/index.php?rest_route=\/wp\/v2\/posts\/19649\/revisions"}],"predecessor-version":[{"id":19658,"href":"https:\/\/www.friedenkoeln.de\/index.php?rest_route=\/wp\/v2\/posts\/19649\/revisions\/19658"}],"wp:featuredmedia":[{"embeddable":true,"href":"https:\/\/www.friedenkoeln.de\/index.php?rest_route=\/wp\/v2\/media\/19656"}],"wp:attachment":[{"href":"https:\/\/www.friedenkoeln.de\/index.php?rest_route=%2Fwp%2Fv2%2Fmedia&parent=19649"}],"wp:term":[{"taxonomy":"category","embeddable":true,"href":"https:\/\/www.friedenkoeln.de\/index.php?rest_route=%2Fwp%2Fv2%2Fcategories&post=19649"},{"taxonomy":"post_tag","embeddable":true,"href":"https:\/\/www.friedenkoeln.de\/index.php?rest_route=%2Fwp%2Fv2%2Ftags&post=19649"}],"curies":[{"name":"wp","href":"https:\/\/api.w.org\/{rel}","templated":true}]}}