{"id":47,"date":"2014-10-21T00:38:51","date_gmt":"2014-10-20T22:38:51","guid":{"rendered":"http:\/\/www.friedenkoeln.de\/?p=47"},"modified":"2014-10-21T11:44:21","modified_gmt":"2014-10-21T09:44:21","slug":"links","status":"publish","type":"post","link":"https:\/\/www.friedenkoeln.de\/?p=47","title":{"rendered":"Links"},"content":{"rendered":"<p><a style=\"href: 'file:\/\/\/C:\/Users\/Ra\u00efs\/AppData\/Local\/Temp\/WindowsLiveWriter1286139640\/supfilesAF70876\/10641113_10152716573185851_6573016931785093057_n[6].jpg';\" href=\"http:\/\/www.friedenkoeln.de\/wp-content\/uploads\/2014\/10\/10641113_10152716573185851_6573016931785093057_n_thumb4.jpg\" data-rel=\"lightbox-image-0\" data-rl_title=\"\" data-rl_caption=\"\"><img loading=\"lazy\" decoding=\"async\" style=\"background-image: none; padding-top: 0px; padding-left: 0px; display: inline; padding-right: 0px; border: 0px;\" title=\"\" src=\"http:\/\/www.friedenkoeln.de\/wp-content\/uploads\/2014\/10\/10641113_10152716573185851_6573016931785093057_n_thumb4_thumb.jpg\" alt=\"10641113_10152716573185851_6573016931785093057_n_thumb[4]\" width=\"405\" height=\"305\" border=\"0\" \/><\/a><\/p>\n<p>Die Gewaltfreie Aktion Atomwaffen Abschaffen ist Mitglied der DFG-VK. Die GAAA ist eine deutsche Nichtregierungsorganisation mit der Zielsetzung der weltweiten Abschaffung von Atomwaffen. Nachdem 1996 aufgrund der internationalen Proteste der internationale Atomteststoppvertrag unterzeichnet wurde, entstand die GAAA aus der Atomteststoppkampagne.<br \/>\n<a style=\"href: 'http:\/\/www.gaaa.org\/';\">http:\/\/www.gaaa.org<\/a><\/p>\n<hr \/>\n<p>Die Zeitschrift f\u00fcr Theorie und Praxis der Gewaltfreiheit FORUM PAZIFISMUS erscheint seit Mai 2004. Sie wird Herausgegeben vom deutschen Zweig des Internationalen Vers\u00f6hnungsbundes, der DFG-VK, der Bertha-von-Suttner-Stiftung, dem Bund f\u00fcr Soziale Verteidigung und der Werkstatt f\u00fcr Pazifismus, Friedensp\u00e4dagogik und V\u00f6lkerverst\u00e4ndigung PAX AN<br \/>\n<a style=\"href: 'http:\/\/www.forum-pazifismus.de\/';\">http:\/\/www.forum-pazifismus.de<\/a><\/p>\n<hr \/>\n<p>Die DFG-VK Gruppe Bonn-Rhein-Sieg im Internet<br \/>\n<a style=\"href: 'http:\/\/www.dfg-vk.de\/sd\/Bonn-Rhein-Sieg\/';\">http:\/\/www.dfg-vk.de\/sd\/Bonn-Rhein-Sieg\/<\/a><\/p>\n<hr \/>\n<p>Die DFG-VK-Gruppe Bochum-Herne im Internet<br \/>\n<a style=\"href: 'http:\/\/www.dfg-vk.bo-alternativ.net\/';\">http:\/\/www.dfg-vk.bo-alternativ.net<\/a><\/p>\n<hr \/>\n<p>DFG-VK-Gruppe Essen<br \/>\n<a style=\"href: 'http:\/\/www.dfg-vk-essen.de\/';\">http:\/\/www.dfg-vk-essen.de\/<\/a><\/p>\n<hr \/>\n<p>Private Homepage des DFG-VK-Bundessprechers \/ Bundesgesch\u00e4ftsf\u00fchrers Monty Sch\u00e4del mit Informationen zu seinem politischen Wirken in unterschiedlichen Bereichen<br \/>\n<a style=\"href: 'http:\/\/www.montyschaedel.de\/';\">http:\/\/www.montyschaedel.de<\/a><\/p>\n<hr \/>\n<p>Die DFG-VK in Erlangen-Forchheim-Bamberg<br \/>\n<a style=\"href: 'http:\/\/www.fen-net.de\/bfg\/kdvtipp.html';\">http:\/\/www.fen-net.de\/bfg\/kdvtipp.html<\/a><\/p>\n<hr \/>\n<p>Private Homepage des Heiterkeitsgaranten Peter Silbereisen. Mitglied der DFG-VK in Hessen<br \/>\n<a style=\"href: 'http:\/\/peter-silbereisen.de\/';\">http:\/\/peter-silbereisen.de<\/a><\/p>\n<hr \/>\n<p>Die DFG-VK-Gruppe in M\u00fcnster<br \/>\n<a style=\"href: 'http:\/\/www.deutsche-friedensgesellschaft-muenster.de\/';\">http:\/\/www.deutsche-friedensgesellschaft-muenster.de<\/a><\/p>\n<hr \/>\n<p>Die private Homepage von DFG-VK-Mitglied Stephan Br\u00fces. &#8222;Seit ich im November 2005 als internationaler Wahlbeobachter in Sri Lanka war, arbeite ich aktiv f\u00fcr die Nonviolent Peaceforce, ein internationaler Friedensverband, der gewaltfrei in Konfliktgebiete eingreift und lokale Friedensorganisationen unterst\u00fctzt.&#8220;<br \/>\n<a style=\"href: 'http:\/\/www.stephanbruees.de\/';\">http:\/\/www.stephanbruees.de\/<\/a><\/p>\n<hr \/>\n<p>Engagierter in Berlin lebender Entertainer, der auch Mitglied der DFG-VK ist.<br \/>\n<a style=\"href: 'http:\/\/www.drseltsam.net\/';\">http:\/\/www.drseltsam.net<\/a><\/p>\n<hr \/>\n<p>Kabarettist Dietrich Kittner, Jahrgang 1935, Mitglied der DFG-VK, ist einer der bekanntesten Satiriker.<br \/>\n<a style=\"href: 'http:\/\/www.dietrich-kittner.de\/';\">http:\/\/www.dietrich-kittner.de\/<\/a><\/p>\n<hr \/>\n<p>Homepage des DFG-VK-Mitglied Peter B\u00fcrger (Jg. 1961), Theologe und Publizist. Er ist auch Mitglied bei Pax Christi und dem Vers\u00f6hnungsbund. Au\u00dferdem geh\u00f6rt zum SprecherInnenteam des \u201e\u00d6kumenischen Friedensnetzes D\u00fcsseldorfer Christinnen &amp; Christen\u201c.<br \/>\n<a style=\"href: 'http:\/\/www.friedensbilder.de\/';\">http:\/\/www.friedensbilder.de<\/a><\/p>\n<hr \/>\n<p>Homepage des DFG-VK-Aktiven Peter Silbereisen &#8211; mimische (und verbale) Interaktionskomik &#8211; Vielleicht auch f\u00fcr ihre Veranstaltung<br \/>\n<a style=\"href: 'http:\/\/www.peter-silbereisen.de\/';\">http:\/\/www.peter-silbereisen.de\/<\/a><\/p>\n<hr \/>\n<p>Homepage des DFG-VK-Aktiven Michael Schmid mit vielen Informationen zur friedenspolitische, pazifistischen und gesellschaftlichen Themen<br \/>\n<a style=\"href: 'http:\/\/www.lebenshaus-alb.de\/';\">http:\/\/www.lebenshaus-alb.de<\/a><\/p>\n<hr \/>\n<p>Homepage des Bremer K\u00fcnstlers und DFG-VK-Aktiven Joachim Fischer<br \/>\n<a style=\"href: 'http:\/\/www.bommel-fischer.de\/';\">http:\/\/www.bommel-fischer.de<\/a><\/p>\n<hr \/>\n<p>DFG-VK-Mitglied Heike H\u00e4nsel ist Mitglied im Bundestag und dort Mitglied im Ausschuss f\u00fcr wirtschaftliche Zusammenarbeit und Entwicklung. Sie ist entwicklungspolitische Sprecherin der Linksfraktion. Au\u00dferdem Mitglied im Unterausschuss Vereinte Nationen, stellvertretendes Mitglied im Ausw\u00e4rtigen Ausschuss und stellvertretendes Mitglied im Ausschuss f\u00fcr die Angelegenheiten der Europ\u00e4ischen Union.<br \/>\n<a style=\"href: 'http:\/\/www.heike-haensel.de\/';\">http:\/\/www.heike-haensel.de<\/a><\/p>\n<hr \/>\n<p>Die Homepage des DFG-VK-Bundessprecher J\u00fcrgen Gr\u00e4sslin mit Informationen zu seinen wichtigsten Auseinandersetzungen mit dem Daimler-Konzern sowie seinen Arbeiten zu den Themen R\u00fcstungsexport, Kleinwaffen und Kindersoldaten.<br \/>\n<a style=\"href: 'http:\/\/www.juergengraesslin.com\/';\">http:\/\/www.juergengraesslin.com<\/a><\/p>\n","protected":false},"excerpt":{"rendered":"<p>Die Gewaltfreie Aktion Atomwaffen Abschaffen ist Mitglied der DFG-VK. Die GAAA ist eine deutsche Nichtregierungsorganisation mit der Zielsetzung der weltweiten Abschaffung von Atomwaffen. Nachdem 1996 aufgrund der internationalen Proteste der internationale Atomteststoppvertrag unterzeichnet wurde,&#46;&#46;&#46;<\/p>\n","protected":false},"author":110,"featured_media":46,"comment_status":"open","ping_status":"open","sticky":false,"template":"","format":"standard","meta":{"footnotes":""},"categories":[2],"tags":[7,8,9,3,6,4],"class_list":["post-47","post","type-post","status-publish","format-standard","has-post-thumbnail","hentry","category-aktionen","tag-kriegsdienstverweigerung-wehrpflicht","tag-kriminalisierung-von-antimilitarismus","tag-frieden-und-kunst","tag-pazifismus","tag-uranmunition","tag-zivile-konfliktloesung"],"_links":{"self":[{"href":"https:\/\/www.friedenkoeln.de\/index.php?rest_route=\/wp\/v2\/posts\/47","targetHints":{"allow":["GET"]}}],"collection":[{"href":"https:\/\/www.friedenkoeln.de\/index.php?rest_route=\/wp\/v2\/posts"}],"about":[{"href":"https:\/\/www.friedenkoeln.de\/index.php?rest_route=\/wp\/v2\/types\/post"}],"author":[{"embeddable":true,"href":"https:\/\/www.friedenkoeln.de\/index.php?rest_route=\/wp\/v2\/users\/110"}],"replies":[{"embeddable":true,"href":"https:\/\/www.friedenkoeln.de\/index.php?rest_route=%2Fwp%2Fv2%2Fcomments&post=47"}],"version-history":[{"count":2,"href":"https:\/\/www.friedenkoeln.de\/index.php?rest_route=\/wp\/v2\/posts\/47\/revisions"}],"predecessor-version":[{"id":62,"href":"https:\/\/www.friedenkoeln.de\/index.php?rest_route=\/wp\/v2\/posts\/47\/revisions\/62"}],"wp:featuredmedia":[{"embeddable":true,"href":"https:\/\/www.friedenkoeln.de\/index.php?rest_route=\/wp\/v2\/media\/46"}],"wp:attachment":[{"href":"https:\/\/www.friedenkoeln.de\/index.php?rest_route=%2Fwp%2Fv2%2Fmedia&parent=47"}],"wp:term":[{"taxonomy":"category","embeddable":true,"href":"https:\/\/www.friedenkoeln.de\/index.php?rest_route=%2Fwp%2Fv2%2Fcategories&post=47"},{"taxonomy":"post_tag","embeddable":true,"href":"https:\/\/www.friedenkoeln.de\/index.php?rest_route=%2Fwp%2Fv2%2Ftags&post=47"}],"curies":[{"name":"wp","href":"https:\/\/api.w.org\/{rel}","templated":true}]}}