{"id":58,"date":"2014-10-21T11:25:29","date_gmt":"2014-10-21T09:25:29","guid":{"rendered":"http:\/\/www.friedenkoeln.de\/?p=58"},"modified":"2014-10-23T22:32:39","modified_gmt":"2014-10-23T20:32:39","slug":"aktionskonferenz-fr-den-frieden-beschliet-einen-friedenswinter-2014-2015-gemeinsam-fr-frieden-nein-zu-krieg-und-deutscher-beteiligung-ja-zu-abrstung","status":"publish","type":"post","link":"https:\/\/www.friedenkoeln.de\/?p=58","title":{"rendered":"Aktionskonferenz f\u00fcr den Frieden beschlie\u00dft einen Friedenswinter 2014\/ 2015"},"content":{"rendered":"<p align=\"justify\"><a href=\"http:\/\/www.friedenkoeln.de\/wp-content\/uploads\/2014\/10\/878.jpg\" data-rel=\"lightbox-image-0\" data-rl_title=\"\" data-rl_caption=\"\"><img loading=\"lazy\" decoding=\"async\" style=\"float: left; display: inline;\" title=\"\" src=\"http:\/\/www.friedenkoeln.de\/wp-content\/uploads\/2014\/10\/878_thumb.jpg\" alt=\"878\" width=\"337\" height=\"202\" align=\"left\" \/><\/a><\/p>\n<p align=\"justify\">\n<h2><a title=\"Permanent Link: Aktionskonferenz f\u00fcr den Frieden beschlie\u00dft einen \u201eFriedenswinter 2014\/ 2015\u201c: Gemeinsam f\u00fcr Frieden \u2013 Nein zu Krieg und deutscher Beteiligung \u2013 ja zu Abr\u00fcstung, ziviler Konfliktbearbeitung und humanit\u00e4rer Hilfe\" href=\"http:\/\/www.friedenkoeln.de\/?p=58\" rel=\"bookmark\">Aktionskonferenz f\u00fcr den Frieden beschlie\u00dft einen \u201eFriedenswinter 2014\/ 2015\u201c: Gemeinsam f\u00fcr Frieden \u2013 Nein zu Krieg und deutscher Beteiligung \u2013 ja zu Abr\u00fcstung, ziviler Konfliktbearbeitung und humanit\u00e4rer Hilfe<\/a><\/h2>\n<p align=\"justify\">\n<p align=\"justify\">Auf der Aktionskonferenz der Friedensbewegung am 11.10.2014 im DGB Haus in Hannover wandten sich die \u00fcber 100 Teilnehmerinnen und Teilnehmern an die B\u00fcrgerinnen und B\u00fcrgern mit dem Appell: Unterst\u00fctzt die Aktionen der Friedensbewegung gegen die Kriege und die weitere Aufr\u00fcstung.<br \/>\nKriege und Interventionen \u2013 sei es in der Ukraine, im Nahen Osten, in Syrien, im Irak und anderswo l\u00f6sen keine Probleme. Sie fordern stattdessen immer mehr Opfer und sind keine Antwort auf die dr\u00e4ngenden sozialen, \u00f6konomischen und \u00f6kologischen Herausforderungen des 21. Jahrhunderts. 1,7 Billionen Dollar werden weltweit 2014 f\u00fcr die R\u00fcstung ausgegeben. Angesichts einer Milliarde Menschen, die in Armut leben, angesichts von Hunger, Unterversorgung im Gesundheitsbereich, fehlenden Bildungsausgaben ist dies eine humanit\u00e4re Katastrophe. Und die R\u00fcstungsausgaben sollen nach den Vorstellungen der NATO noch weiter steigen. Deutschland hat Verantwortung f\u00fcr diese Welt: f\u00fcr die Fl\u00fcchtlinge und humanit\u00e4re Hilfe in Solidarit\u00e4t mit allen von Krieg und Verfolgung Betroffenen. Deutsche Kriegsbeteiligung dagegen ist Verantwortungslosigkeit \u2013 \u00fcberall.<br \/>\nDaher forderte die Aktionskonferenz einm\u00fctig<br \/>\nvon der Bundesregierung ein Ende aller milit\u00e4rischen Interventionen, sowie Abr\u00fcstung und zivile L\u00f6sungen von Konflikten und Kriegen. Die Konferenz wandte sich gegen die Politik der NATO, \u00fcberall milit\u00e4risch f\u00fcr die Interessen der 1. Welt zu intervenieren.<br \/>\nDie Diskussion in Hannover war zudem ein Ausdruck der \u00dcberzeugung: Frieden braucht Bewegung, mehr Aktionen f\u00fcr den Frieden sind notwendig und m\u00f6glich. Die Friedensbewegung steht vor der gro\u00dfen Herausforderung, sich mit Engagement und gemeinsamen Aktivit\u00e4ten den Kriegsbef\u00fcrworterInnen entgegenzustellen. Die Wende weg von der Konfrontation hin zur Kooperation, zu einer Friedenslogik anstelle von Kriegslogik ist das Ziel, das dem Wunsch der Mehrheit der Menschen entspricht. Nach einer intensiven solidarischen Diskussion wurde ein gemeinsames Aktionsprogramm &#8222;Friedenswinter 2014\/ 2015&#8220; beschlossen mit folgenden angestrebten Aktionsh\u00f6hepunkten: Eine Aktionswoche vom 8.12.2014 bis 13.12.14 mit dezentralen Demonstrationen am 13.12.2014 (bisher in Berlin, Hamburg, M\u00fcnchen, D\u00fcsseldorf, Leipzig). Der Tag der Menschenrechte am 10.12.2014 soll ein &#8222;Friedensfahnen-Tag&#8220; werden: Paceflaggen und Friedenstauben sollen das \u00f6ffentliche Bild pr\u00e4gen.<br \/>\nDie M\u00fcnchener Sicherheitskonferenz im Februar 2015, das Treffen der wichtigsten zivilen und milit\u00e4rischen Kriegsbef\u00fcrworterInnen aus aller Welt, soll auf eine gro\u00dfe Friedensdemonstration sto\u00dfen. Dazu sollen eine breite Mobilisierung nach M\u00fcnchen und weitere dezentrale Aktionen stattfinden.<br \/>\nZus\u00e4tzlich zu den Osterm\u00e4rschen soll der 8. Mai 2015, der 70. Jahrestag des Endes des zweiten Weltkriegs, als bundesweiter Aktionsh\u00f6hepunkt vorbereitet werden &#8211; als ein Tag der Befreiung von Krieg und Faschismus. &#8222;Nie wieder Krieg&#8220; hei\u00dft auch heute noch die zentrale Herausforderung.<br \/>\nFriedens-BEWEGUNG bedeutet: mehr Bewegung entwickeln! Dieser Grundgedanke pr\u00e4gte die Aktionskonferenz, die von Friedensorganisationen, Initiativen der traditionellen Friedensbewegung, aber auch von Menschen von den Mahnwachen f\u00fcr den Frieden, von GewerkschaftlerInnen, Mitgliedern der Gr\u00fcnen, der SPD und der Linken besucht wurde. Gegenseitiger Respekt war ein Kennzeichen der Debatte. F\u00fcr die weitere Vorbereitung wurden Arbeitsgruppen sowie ein Aktionsb\u00fcro &#8222;Friedenswinter 2014\/ 2015&#8220; in Berlin im Gemeinschaftsb\u00fcro der IALANA (International Lawyers for the Abolition of Nuclear Arms) und NatWiss (NaturwissenschaftlerInnen f\u00fcr den Frieden) eingerichtet. In den n\u00e4chsten 14 Tagen wird ein Aufruf erarbeitet. Die n\u00e4chste Aktionskonferenz am 14. M\u00e4rz 2015 soll die Aktivit\u00e4ten des \u201eFriedenswinter 2014\/ 2015\u201c auswerten und weiter entwickeln.<br \/>\nGeeint hat alle ein Grundgedanke in Bezug auf die Menschen anderer L\u00e4nder, ein Gedanke der der vorherrschenden Rhetorik in Politik und Medien entgegensteht:<br \/>\nWir weigern uns Feinde zu sein.<br \/>\n(Die DFG-VK ist Mitglied in der Kooperation f\u00fcr den Frieden)<br \/>\nMehr Informationen: <a href=\"http:\/\/www.koop-frieden.de\/\">http:\/\/www.koop-frieden.de<\/a><\/p>\n","protected":false},"excerpt":{"rendered":"<p>Aktionskonferenz f\u00fcr den Frieden beschlie\u00dft einen \u201eFriedenswinter 2014\/ 2015\u201c: Gemeinsam f\u00fcr Frieden \u2013 Nein zu Krieg und deutscher Beteiligung \u2013 ja zu Abr\u00fcstung, ziviler Konfliktbearbeitung und humanit\u00e4rer Hilfe Auf der Aktionskonferenz der Friedensbewegung am&#46;&#46;&#46;<\/p>\n","protected":false},"author":110,"featured_media":57,"comment_status":"open","ping_status":"open","sticky":false,"template":"","format":"standard","meta":{"footnotes":""},"categories":[2],"tags":[5,7,8,9,3,6,4],"class_list":["post-58","post","type-post","status-publish","format-standard","has-post-thumbnail","hentry","category-aktionen","tag-kindersoldaten","tag-kriegsdienstverweigerung-wehrpflicht","tag-kriminalisierung-von-antimilitarismus","tag-frieden-und-kunst","tag-pazifismus","tag-uranmunition","tag-zivile-konfliktloesung"],"_links":{"self":[{"href":"https:\/\/www.friedenkoeln.de\/index.php?rest_route=\/wp\/v2\/posts\/58","targetHints":{"allow":["GET"]}}],"collection":[{"href":"https:\/\/www.friedenkoeln.de\/index.php?rest_route=\/wp\/v2\/posts"}],"about":[{"href":"https:\/\/www.friedenkoeln.de\/index.php?rest_route=\/wp\/v2\/types\/post"}],"author":[{"embeddable":true,"href":"https:\/\/www.friedenkoeln.de\/index.php?rest_route=\/wp\/v2\/users\/110"}],"replies":[{"embeddable":true,"href":"https:\/\/www.friedenkoeln.de\/index.php?rest_route=%2Fwp%2Fv2%2Fcomments&post=58"}],"version-history":[{"count":3,"href":"https:\/\/www.friedenkoeln.de\/index.php?rest_route=\/wp\/v2\/posts\/58\/revisions"}],"predecessor-version":[{"id":7766,"href":"https:\/\/www.friedenkoeln.de\/index.php?rest_route=\/wp\/v2\/posts\/58\/revisions\/7766"}],"wp:featuredmedia":[{"embeddable":true,"href":"https:\/\/www.friedenkoeln.de\/index.php?rest_route=\/wp\/v2\/media\/57"}],"wp:attachment":[{"href":"https:\/\/www.friedenkoeln.de\/index.php?rest_route=%2Fwp%2Fv2%2Fmedia&parent=58"}],"wp:term":[{"taxonomy":"category","embeddable":true,"href":"https:\/\/www.friedenkoeln.de\/index.php?rest_route=%2Fwp%2Fv2%2Fcategories&post=58"},{"taxonomy":"post_tag","embeddable":true,"href":"https:\/\/www.friedenkoeln.de\/index.php?rest_route=%2Fwp%2Fv2%2Ftags&post=58"}],"curies":[{"name":"wp","href":"https:\/\/api.w.org\/{rel}","templated":true}]}}