{"id":7729,"date":"2014-10-23T20:50:59","date_gmt":"2014-10-23T18:50:59","guid":{"rendered":"http:\/\/www.friedenkoeln.de\/?p=7729"},"modified":"2014-10-23T20:50:59","modified_gmt":"2014-10-23T18:50:59","slug":"willkommen-auf-der-homepage-der-dfg-vk-gruppe-kln-2","status":"publish","type":"post","link":"https:\/\/www.friedenkoeln.de\/?p=7729","title":{"rendered":"Willkommen auf der Homepage der DFG-VK Gruppe K&ouml;ln"},"content":{"rendered":"<p><a href=\"http:\/\/www.friedenkoeln.de\/wp-content\/uploads\/2014\/10\/last-ned.jpg\" data-rel=\"lightbox-image-0\" data-rl_title=\"\" data-rl_caption=\"\"><img loading=\"lazy\" decoding=\"async\" title=\"\" style=\"float: left; display: inline\" alt=\"last ned\" src=\"http:\/\/www.friedenkoeln.de\/wp-content\/uploads\/2014\/10\/last-ned_thumb.jpg\" width=\"240\" align=\"left\" height=\"181\"><\/a>\u201cDer Krieg ist ein Verbrechen an der Menschheit. Ich bin daher entschlossen, keine Art von Krieg zu unterst\u00fctzen und an der Beseitigung aller Kriegsursachen mitzuarbeiten.\u201c Diese Grundsatzerkl\u00e4rung unseres Verbandes bestimmt das bestimmt das friedenspolitische <\/p>\n<p>Handeln und Wirken der Mitglieder. Als gr\u00f6\u00dfte pazifistische Organisation in der Bundesrepublik mit einer 117-j\u00e4hrigen Geschichte ist die DFG- VK in vielene Orten der Bundesrepublik vertreten. Die Mitglieder der DFG- VK engagieren sich gegen Milit\u00e4r und R\u00fcstung, setzen sich f\u00fcr zivile Methoden der Konfliktbearbeitung ein und arbeiten an der Beseitigung der Ursachen von Kriegen mit. <\/p>\n<p>Die DFG-VK Gruppe K\u00f6ln arbeitet mit anderen Friedensgruppen in K\u00f6ln und dar\u00fcber hinaus zusammen. Wer bei uns Mitglied werden m\u00f6chte oder sich sonst f\u00fcr unsere Arbeit interessiert , findet.<\/p>\n","protected":false},"excerpt":{"rendered":"<p>\u201cDer Krieg ist ein Verbrechen an der Menschheit. Ich bin daher entschlossen, keine Art von Krieg zu unterst\u00fctzen und an der Beseitigung aller Kriegsursachen mitzuarbeiten.\u201c Diese Grundsatzerkl\u00e4rung unseres Verbandes bestimmt das bestimmt das friedenspolitische&#46;&#46;&#46;<\/p>\n","protected":false},"author":110,"featured_media":7727,"comment_status":"open","ping_status":"open","sticky":false,"template":"","format":"standard","meta":{"footnotes":""},"categories":[2],"tags":[5,7,8,9,3,6,4],"class_list":["post-7729","post","type-post","status-publish","format-standard","has-post-thumbnail","hentry","category-aktionen","tag-kindersoldaten","tag-kriegsdienstverweigerung-wehrpflicht","tag-kriminalisierung-von-antimilitarismus","tag-frieden-und-kunst","tag-pazifismus","tag-uranmunition","tag-zivile-konfliktloesung"],"_links":{"self":[{"href":"https:\/\/www.friedenkoeln.de\/index.php?rest_route=\/wp\/v2\/posts\/7729","targetHints":{"allow":["GET"]}}],"collection":[{"href":"https:\/\/www.friedenkoeln.de\/index.php?rest_route=\/wp\/v2\/posts"}],"about":[{"href":"https:\/\/www.friedenkoeln.de\/index.php?rest_route=\/wp\/v2\/types\/post"}],"author":[{"embeddable":true,"href":"https:\/\/www.friedenkoeln.de\/index.php?rest_route=\/wp\/v2\/users\/110"}],"replies":[{"embeddable":true,"href":"https:\/\/www.friedenkoeln.de\/index.php?rest_route=%2Fwp%2Fv2%2Fcomments&post=7729"}],"version-history":[{"count":1,"href":"https:\/\/www.friedenkoeln.de\/index.php?rest_route=\/wp\/v2\/posts\/7729\/revisions"}],"predecessor-version":[{"id":7730,"href":"https:\/\/www.friedenkoeln.de\/index.php?rest_route=\/wp\/v2\/posts\/7729\/revisions\/7730"}],"wp:featuredmedia":[{"embeddable":true,"href":"https:\/\/www.friedenkoeln.de\/index.php?rest_route=\/wp\/v2\/media\/7727"}],"wp:attachment":[{"href":"https:\/\/www.friedenkoeln.de\/index.php?rest_route=%2Fwp%2Fv2%2Fmedia&parent=7729"}],"wp:term":[{"taxonomy":"category","embeddable":true,"href":"https:\/\/www.friedenkoeln.de\/index.php?rest_route=%2Fwp%2Fv2%2Fcategories&post=7729"},{"taxonomy":"post_tag","embeddable":true,"href":"https:\/\/www.friedenkoeln.de\/index.php?rest_route=%2Fwp%2Fv2%2Ftags&post=7729"}],"curies":[{"name":"wp","href":"https:\/\/api.w.org\/{rel}","templated":true}]}}