{"id":7940,"date":"2014-12-27T22:45:33","date_gmt":"2014-12-27T20:45:33","guid":{"rendered":"http:\/\/www.friedenkoeln.de\/?p=7940"},"modified":"2014-12-29T14:25:26","modified_gmt":"2014-12-29T12:25:26","slug":"70-jahre-hirsohimanagasaki","status":"publish","type":"post","link":"https:\/\/www.friedenkoeln.de\/?p=7940","title":{"rendered":"70 Jahre Hirsohima\/Nagasaki"},"content":{"rendered":"<p><strong>Bundesweite Planungs- und Aktionskonferenz \u201e70 Jahre Hiroshima\/Nagasaki\u201c<br \/>\n31. Januar 2015, 11 &#8211; 17 Uhr, Neues Rathaus Hannover, Gobelinsaal, Trammplatz <\/strong><\/p>\n<p><a href=\"http:\/\/www.friedenkoeln.de\/wp-content\/uploads\/2014\/10\/10641113_10152716573185851_6573016931785093057_n_thumb4.jpg\" data-rel=\"lightbox-image-0\" data-rl_title=\"\" data-rl_caption=\"\" title=\"\"><img loading=\"lazy\" decoding=\"async\" class=\"alignnone size-medium wp-image-45\" src=\"http:\/\/www.friedenkoeln.de\/wp-content\/uploads\/2014\/10\/10641113_10152716573185851_6573016931785093057_n_thumb4-320x190.jpg\" alt=\"10641113_10152716573185851_6573016931785093057_n_thumb4.jpg\" width=\"320\" height=\"190\" \/><\/a><\/p>\n<p>70 Jahre sind genug !<br \/>\nIm August 2015 j\u00e4hren sich die Atombombenabw\u00fcrfe auf Hiroshima und Nagasaki zum 70. Mal. Ausgangspunkt waren die Forschungen an der Kernspaltung in Deutschland, die M\u00f6glichkeit eines deutschen Atombombenbaus und die geheime Entwicklung der Atomwaffen im Manhattan-Projekt in den USA.<\/p>\n<p>Heute steht die Welt noch immer am Rande eines atomaren Infernos, denn weltweit gibt es nach wie vor etwa 16.000 Atomwaffen, von denen um die 2.000 st\u00e4ndig in h\u00f6chster Alarmbereitschaft gehalten werden. Die meisten dieser Waffen haben ein weitaus gr\u00f6\u00dferes Zerst\u00f6rungspotential als jene Atomwaffen, die 1945 mehrere Hundert Tausend Menschen qualvoll zugrunde gehen lie\u00dfen.<\/p>\n<p>Da die Abr\u00fcstungsbem\u00fchungen der neun Atomm\u00e4chte bislang zu keinem durchgreifenden Erfolg gelangt sind, steigt auch weiterhin das Risiko, dass weitere L\u00e4nder oder Terroristen in den Besitz von Atomwaffen kommen. Zugleich leiden weltweit viele Menschen unter den Auswirkungen von Atomwaffentests und Uranabbau.<\/p>\n<p>&nbsp;<\/p>\n<p>Machen Sie mit:<\/p>\n<p>&nbsp;<\/p>\n<p>Wir nehmen die 70. Jahrestage im August 2015 zum Anlass, um breit \u00fcber die Atombombenabw\u00fcrfe, die Atomtests und ihre Opfer aufzukl\u00e4ren, die aktuellen Modernisierungspl\u00e4ne der Atomwaffenstaaten zu informieren und den einzigen Ausweg aus dieser Bedrohung bekannt zu machen: ein weltweites Verbot von Atomwaffen.<\/p>\n<p>Deswegen laden wir alle interessierten Organisationen der Zivilgesellschaft, denen diese Themen am Herzen liegen, zu einem Aktions- und Planungstreffen ein \u2013 Friedensorganisationen und \u2013gruppen, Jugendverb\u00e4nde und Gewerkschaften, Mayors for Peace und humanit\u00e4re Organisationen.<\/p>\n<p>Das Treffen dient dazu, bereits bestehende Ideen vorzustellen, auszutauschen und gemeinsam mit neuen Vorschl\u00e4gen in Verbindung zu bringen.<\/p>\n<p>&nbsp;<\/p>\n<p>Vorschlag zur Tagesordnung:<\/p>\n<p>&nbsp;<\/p>\n<ol>\n<li>Analyse der Aktuellen Situation der nuklearen Abr\u00fcstung<br \/>\n&#8211; Nach der erfolgreichen Konferenz zu humanit\u00e4ren Konsequenzen in Wien<br \/>\n&#8211; Vor der \u00dcberpr\u00fcfungskonferenz zum Nichtverbreitungsvertrag in New York<br \/>\n&#8211; Klage der Marschall Islands vor dem Internationalen Gerichtshof<\/li>\n<\/ol>\n<p>&nbsp;<\/p>\n<ol start=\"2\">\n<li>Schwerpunkte 70 Jahre Hiroshima und Nagasaki<\/li>\n<\/ol>\n<p>&#8211; verbindende\/s Element\/e<\/p>\n<p>&#8211; Aktionen zu Hause vor Ort<\/p>\n<p>&#8211; Ideen, Materialien, Postkarten, Unterschriften, Aufrufe<\/p>\n<p>&#8211; Flaggentag<\/p>\n<p>&#8211; Zentrale Gedenk- und Aktionskonferenz<\/p>\n<p>&#8211; Fastenkampagne<\/p>\n<p>&nbsp;<\/p>\n<ol start=\"3\">\n<li>Weitere Schritte<\/li>\n<\/ol>\n<p>&nbsp;<\/p>\n<p>Die Planungs- und Aktionskonferenz wird voraussichtlich abwechselnd im Plenum und Arbeitsgruppen stattfinden.<\/p>\n<p>&nbsp;<\/p>\n<p>Zu den Hintergr\u00fcnden in Deutschland:<\/p>\n<p>&nbsp;<\/p>\n<p>Auf dem Fliegerhorst im rheinland-pf\u00e4lzischen B\u00fcchel, dem Taktischen Luftwaffengeschwader 33 der Bundeswehr, sind noch immer etwa 20 Atomsprengk\u00f6pfe<\/p>\n<p>des US-Milit\u00e4rs gelagert, die der NATO zur Verf\u00fcgung stehen. Kommt es zu einem Einsatzbefehl, w\u00fcrden diese Atomwaffen an Deutschland als B\u00fcndnispartner weiter gegeben und von Piloten der Bundesluftwaffe mit Bundeswehr-Kampfjets in ihr Ziel geflogen werden \u2013 ein Versto\u00df gegen den Vertrag \u00fcber die Nichtverbreitung von Atomwaffen und das V\u00f6lkerrecht.<\/p>\n<p>Im M\u00e4rz 2010 wurde in einem partei\u00fcbergreifenden Beschluss im Deutschen Bundestag die Absicht der damaligen Bundesregierung bekr\u00e4ftigt, den Abzug der Atomwaffen aus Deutschland aktiv weiter zu verfolgen. Demgegen\u00fcber planen die USA nun aus milit\u00e4rstrategischen Gr\u00fcnden, dass die in B\u00fcchel gelagerten Atomsprengk\u00f6pfe nicht abgeschafft, sondern stattdessen modernisiert werden sollen, um sie bis 2050 einsatzbereit halten zu k\u00f6nnen.<\/p>\n<p>Wir wissen seit Hiroshima\/Nagasaki: der Einsatz von Atomwaffen ist absolut t\u00f6dlich, schadet den Betroffenen noch Generationen sp\u00e4ter, belastet Mensch und Umwelt enorm und kostet mehrere Milliarden Dollar. 155 Staaten haben bereits in einer UN-Erkl\u00e4rung den Einsatz von Atomwaffen \u201eunter allen Umst\u00e4nden\u201c ge\u00e4chtet. Deutschland ist noch nicht dabei. Nur ein umfassender v\u00f6lkerrechtlicher Vertrag zur Abschaffung aller Atomwaffen hilft weiteres Leid zu vermeiden.<\/p>\n<p>&nbsp;<\/p>\n<p>Wir freuen uns sehr auf euer zahlreiches Kommen.<\/p>\n<p>&nbsp;<\/p>\n<p>Roland Blach (Deutsche Friedensgesellschaft \u2013 Vereinigte KriegsdienstgegnerInnen, DFG-VK)<\/p>\n<p>Reiner Braun (Juristinnen und Juristen gegen atomare, biologische und chemische Waffen, IALANA)<\/p>\n<p>Xanthe Hall (Internationale \u00c4rzte zur Verh\u00fctung eines Atomkrieges, IPPNW)<\/p>\n<p>Philipp Ingenleuf (Netzwerk Friedenskooperative)<\/p>\n<p>Klaus M\u00fcller und Reiko M\u00fcller-Shiba (Hiroshima-Nagasaki-Arbeitskreis im K\u00f6lner Friedensforum)<\/p>\n<p>Paul Russmann (Ohne R\u00fcstung Leben)<\/p>\n<p>Wolfgang Schlupp Hauck (Friedens- und Begegnungsst\u00e4tte Mutlangen)<\/p>\n<p>&nbsp;<\/p>\n<p>In Kooperation mit der Kampagne \u201eatomwaffenfrei.jetzt\u201c<\/p>\n<p>&nbsp;<\/p>\n<p>Bitte um Anmeldung bis 28.1. an <a href=\"mailto:blach@dfg-vk.de\">blach@dfg-vk.de<\/a><\/p>\n<p>&nbsp;<\/p>\n<p>&nbsp;<\/p>\n<p>&nbsp;<\/p>\n<p>&nbsp;<\/p>\n<p>Kampagne &#8222;atomwaffenfrei.jetzt&#8220;<\/p>\n<p>Koordination<\/p>\n<p>c\/o DFG-VK Landesverband Baden-W\u00fcrttemberg<\/p>\n<p>Werastr. 10<\/p>\n<p>70182 Stuttgart<\/p>\n<p>Fon 0711-51885602<\/p>\n<p>Mobil 0177-2507286<\/p>\n<p>Mail <a href=\"mailto:ba-wue@dfg-vk.de\">ba-wue@dfg-vk.de<\/a><\/p>\n<p>Web <a href=\"http:\/\/www.atomwaffenfrei.de%20\">www.atomwaffenfrei.de<\/a><\/p>\n<p>Facebook http:\/\/www.facebook.com\/atomwaffenfrei.jetzt<\/p>\n","protected":false},"excerpt":{"rendered":"<p>Bundesweite Planungs- und Aktionskonferenz \u201e70 Jahre Hiroshima\/Nagasaki\u201c 31. Januar 2015, 11 &#8211; 17 Uhr, Neues Rathaus Hannover, Gobelinsaal, Trammplatz 70 Jahre sind genug ! Im August 2015 j\u00e4hren sich die Atombombenabw\u00fcrfe auf Hiroshima und&#46;&#46;&#46;<\/p>\n","protected":false},"author":110,"featured_media":45,"comment_status":"open","ping_status":"open","sticky":false,"template":"","format":"standard","meta":{"footnotes":""},"categories":[2],"tags":[33,34,35],"class_list":["post-7940","post","type-post","status-publish","format-standard","has-post-thumbnail","hentry","category-aktionen","tag-atomwaffen","tag-hiroshima","tag-nagasaki"],"_links":{"self":[{"href":"https:\/\/www.friedenkoeln.de\/index.php?rest_route=\/wp\/v2\/posts\/7940","targetHints":{"allow":["GET"]}}],"collection":[{"href":"https:\/\/www.friedenkoeln.de\/index.php?rest_route=\/wp\/v2\/posts"}],"about":[{"href":"https:\/\/www.friedenkoeln.de\/index.php?rest_route=\/wp\/v2\/types\/post"}],"author":[{"embeddable":true,"href":"https:\/\/www.friedenkoeln.de\/index.php?rest_route=\/wp\/v2\/users\/110"}],"replies":[{"embeddable":true,"href":"https:\/\/www.friedenkoeln.de\/index.php?rest_route=%2Fwp%2Fv2%2Fcomments&post=7940"}],"version-history":[{"count":2,"href":"https:\/\/www.friedenkoeln.de\/index.php?rest_route=\/wp\/v2\/posts\/7940\/revisions"}],"predecessor-version":[{"id":7976,"href":"https:\/\/www.friedenkoeln.de\/index.php?rest_route=\/wp\/v2\/posts\/7940\/revisions\/7976"}],"wp:featuredmedia":[{"embeddable":true,"href":"https:\/\/www.friedenkoeln.de\/index.php?rest_route=\/wp\/v2\/media\/45"}],"wp:attachment":[{"href":"https:\/\/www.friedenkoeln.de\/index.php?rest_route=%2Fwp%2Fv2%2Fmedia&parent=7940"}],"wp:term":[{"taxonomy":"category","embeddable":true,"href":"https:\/\/www.friedenkoeln.de\/index.php?rest_route=%2Fwp%2Fv2%2Fcategories&post=7940"},{"taxonomy":"post_tag","embeddable":true,"href":"https:\/\/www.friedenkoeln.de\/index.php?rest_route=%2Fwp%2Fv2%2Ftags&post=7940"}],"curies":[{"name":"wp","href":"https:\/\/api.w.org\/{rel}","templated":true}]}}