{"id":8038,"date":"2015-01-15T13:28:20","date_gmt":"2015-01-15T11:28:20","guid":{"rendered":"http:\/\/www.friedenkoeln.de\/?p=8038"},"modified":"2015-01-17T18:41:20","modified_gmt":"2015-01-17T16:41:20","slug":"22-1-15-8-30-uhr-dom-soldatengottesdienst","status":"publish","type":"post","link":"https:\/\/www.friedenkoeln.de\/?p=8038","title":{"rendered":"22. 1. 15, 8.30 Uhr, Dom: Soldatengottesdienst"},"content":{"rendered":"<h3>Erst beten, dann t\u00f6ten<\/h3>\n<h3>Nato-Soldatengottesdienst im Dom zu K\u00f6ln<\/h3>\n<p>Am 22. Januar 2015 (70 Jahre nach Beendigung des von Deutschland<\/p>\n<p>angezettelten 2. Weltkriegs) zelebriert der neue K\u00f6lner Kardinal Rai-<\/p>\n<p>ner Maria Woelki einen Nato-Soldaten-Gottesdienst im K\u00f6lner Dom.<\/p>\n<p>Bereits seit Jahren erhielten die Soldaten durch den kirchlichen Segen<\/p>\n<p>eine Vorab-Absolution f\u00fcr ihre \u201eArbeit\u201c. Stellt sich damit auch Kardinal<\/p>\n<p>Woelki in diese menschenverachtende, militaristische Tradition? &#8211;<\/p>\n<p>Schon im wilhelminischen Kaiserreich wurden Soldaten und Waffen<\/p>\n<p>von der Kirche gesegnet. &#8211; Adolf Hitler wusste gar: \u201eGl\u00e4ubige Soldaten<\/p>\n<p>sind die wertvollsten. Sie setzen alles ein!\u201c (26.4.1933)<\/p>\n<p>Nach dem 2. Weltkrieg forderte Kardinal Frings die Wiederbewaffnung<\/p>\n<p>der Bundesrepublik Deutschland. &#8211; 1977 zelebrierte Kardinal H\u00f6ffner<\/p>\n<p>den ersten Soldatengottesdienst nach dem Krieg in der Apostelnkir-<\/p>\n<p>che. &#8211; Ab 1978 fanden die Gottesdienste im K\u00f6lner Dom statt. &#8211; Seit<\/p>\n<p>1990 war Kardinal Meisner f\u00fcr dieses bizarre Spektakel verantwortlich.<\/p>\n<p>&#8211; 1996 verk\u00fcndete er in seiner Milit\u00e4rpredigt: \u201eIn betenden H\u00e4nden ist<\/p>\n<p>die Waffe vor Missbrauch sicher!\u201c<a href=\"http:\/\/www.friedenkoeln.de\/wp-content\/uploads\/2015\/01\/Betende-H\u00e4nde-2.png\" data-rel=\"lightbox-image-0\" data-rl_title=\"\" data-rl_caption=\"\" title=\"\"><img loading=\"lazy\" decoding=\"async\" class=\"alignnone size-medium wp-image-8040\" src=\"http:\/\/www.friedenkoeln.de\/wp-content\/uploads\/2015\/01\/Betende-H\u00e4nde-2-320x190.png\" alt=\"Betende H\u00e4nde 2\" width=\"320\" height=\"190\" \/><\/a><\/p>\n<p>Nur was machen die ideolo-<\/p>\n<p>gisch aufger\u00fcsteten \u201eGottes-<\/p>\n<p>krieger\u201c mit ihren Waffen, wennsie den Dom verlassen und die H\u00e4nde wieder frei haben???<\/p>\n<p>Wir d\u00fcrfen gespannt sein, ob sich Kardinal Rainer Maria Woelki vor den Karren der Mili-<\/p>\n<p>taristen spannen l\u00e4sst oder mit einem himmlischen Donnerwet-ter das Handwerk von Milit\u00e4r<\/p>\n<p>und R\u00fcstungsindustrie verdammt!<\/p>\n<p>\u201eUnd jeder Schuss, den ihr ab-feuern m\u00fcsst, ist ein Plus im Gewinnkonto einer Aktienge-<\/p>\n<p>sellschaft.\u201c (Kurt Tucholsky, 1927, \u201e\u00dcber wirkungsvollen Pazifismus\u201c)<\/p>\n","protected":false},"excerpt":{"rendered":"<p>Erst beten, dann t\u00f6ten Nato-Soldatengottesdienst im Dom zu K\u00f6ln Am 22. Januar 2015 (70 Jahre nach Beendigung des von Deutschland angezettelten 2. Weltkriegs) zelebriert der neue K\u00f6lner Kardinal Rai- ner Maria Woelki einen Nato-Soldaten-Gottesdienst&#46;&#46;&#46;<\/p>\n","protected":false},"author":110,"featured_media":8039,"comment_status":"open","ping_status":"open","sticky":false,"template":"","format":"standard","meta":{"footnotes":""},"categories":[2],"tags":[],"class_list":["post-8038","post","type-post","status-publish","format-standard","has-post-thumbnail","hentry","category-aktionen"],"_links":{"self":[{"href":"https:\/\/www.friedenkoeln.de\/index.php?rest_route=\/wp\/v2\/posts\/8038","targetHints":{"allow":["GET"]}}],"collection":[{"href":"https:\/\/www.friedenkoeln.de\/index.php?rest_route=\/wp\/v2\/posts"}],"about":[{"href":"https:\/\/www.friedenkoeln.de\/index.php?rest_route=\/wp\/v2\/types\/post"}],"author":[{"embeddable":true,"href":"https:\/\/www.friedenkoeln.de\/index.php?rest_route=\/wp\/v2\/users\/110"}],"replies":[{"embeddable":true,"href":"https:\/\/www.friedenkoeln.de\/index.php?rest_route=%2Fwp%2Fv2%2Fcomments&post=8038"}],"version-history":[{"count":1,"href":"https:\/\/www.friedenkoeln.de\/index.php?rest_route=\/wp\/v2\/posts\/8038\/revisions"}],"predecessor-version":[{"id":8041,"href":"https:\/\/www.friedenkoeln.de\/index.php?rest_route=\/wp\/v2\/posts\/8038\/revisions\/8041"}],"wp:featuredmedia":[{"embeddable":true,"href":"https:\/\/www.friedenkoeln.de\/index.php?rest_route=\/wp\/v2\/media\/8039"}],"wp:attachment":[{"href":"https:\/\/www.friedenkoeln.de\/index.php?rest_route=%2Fwp%2Fv2%2Fmedia&parent=8038"}],"wp:term":[{"taxonomy":"category","embeddable":true,"href":"https:\/\/www.friedenkoeln.de\/index.php?rest_route=%2Fwp%2Fv2%2Fcategories&post=8038"},{"taxonomy":"post_tag","embeddable":true,"href":"https:\/\/www.friedenkoeln.de\/index.php?rest_route=%2Fwp%2Fv2%2Ftags&post=8038"}],"curies":[{"name":"wp","href":"https:\/\/api.w.org\/{rel}","templated":true}]}}