{"id":8100,"date":"2015-02-10T21:34:46","date_gmt":"2015-02-10T19:34:46","guid":{"rendered":"http:\/\/www.friedenkoeln.de\/?p=8100"},"modified":"2015-02-10T21:34:46","modified_gmt":"2015-02-10T19:34:46","slug":"europaweiter-aktionstag-fuer-griechenland","status":"publish","type":"post","link":"https:\/\/www.friedenkoeln.de\/?p=8100","title":{"rendered":"Europaweiter Aktionstag f\u00fcr Griechenland"},"content":{"rendered":"<h2>\n<b>Mi, 11.2., 18 Uhr \/\/ Hans-B\u00f6ckler-Platz, K\u00f6ln<\/b><\/h2>\n<p><span class=\"fsl\">Griechenland braucht jetzt die Solidarit\u00e4t.<br \/>\nAm 11. Februar tritt die Eurogruppe zu einer Sondersitzung zusammen. Kurz darauf wird der Europ\u00e4ische Rat zusammenkommen, um die nach den griechischen Wahlen entstandene Situation zu er\u00f6rtern.<br \/>\nWir rufen die sozialen Bewegungen, die Gewerkschaften, die politischen Akteure und alle Kr\u00e4fte auf, die sich gegen die Fortsetzung der Austerit\u00e4tspolitik stellen, der Erpressung Griechenlands entgegenzutreten. Wir rufen auf, den \u00f6ffentlichen Druck auf die EU, die nationalen Regierungen, die Nationalbanken und die Europ\u00e4ische Zentralbank zu erh\u00f6hen. Die Entscheidung, die das griechische Volk am 25. Januar getroffen hat, muss respektiert werden. Die Regierung Tsipras hat erkl\u00e4rt<span class=\"text_exposed_show\">, sie werde sich dem Druck nicht beugen und ihre dem griechischen Volk im Wahlkampf gegebenen Versprechen einhalten.<br \/>\nWir rufen zu Solidarit\u00e4tskundgebungen am 11. Februar und zu einer Aktionswoche w\u00e4hrend der Treffen des Europ\u00e4ischen Rats und der Eurogruppe vom 11. bis 17. Februar auf.<br \/>\nganzer Aufruf<a href=\":%20http:\/\/www.transform-network.net\/de\/blog\/blog-2015\/news\/detail\/Blog\/the-greek-people-needs-our-solidarity.html\">: http:\/\/<wbr \/>www.transform-network.net\/<wbr \/>de\/blog\/blog-2015\/news\/<wbr \/>detail\/Blog\/<wbr \/>the-greek-people-needs-our-<wbr \/>solidarity.html<\/a><\/p>\n<p>Es wird Demonstrationen und Kundgebeungen in ganz Griechenland, in Potugal, Italien, Frankreich, Deutschland, Belgien, D\u00e4nemark und sogar in New York geben: <a href=\"http:\/\/l.facebook.com\/l.php?u=http%3A%2F%2Fblockupy-goes-athens.tumblr.com%2Fpost%2F110544193755%2F11f-european-action-days-uebersicht-wird&amp;h=AAQF-OTaT&amp;enc=AZMiATb1wR2L7HsaANLSHRW1QYFv5VywSkG4hBmCW-aMa3U427DhDcMZyWm51RQMnFw&amp;s=1\" target=\"_blank\" rel=\"nofollow nofollow\"><br \/>\n<\/a><a href=\"http:\/\/blockupy-goes-athens.tumblr.com\/post\/110544193755\/11f-european-action-days-uebersicht-wird\">http:\/\/blockupy-goes-athens.tumblr.com\/post\/110544193755\/11f-european-action-days-uebersicht-wird<\/a><\/span><\/span><\/p>\n<p>danach: <b>Wer rettet wen? (Film)<\/b><b><br \/>\n<\/b><b> Mi, 11.2., 19h<\/b><b> \/\/ DGB-Haus, Hans-B\u00f6ckler-Platz<\/b><br \/>\n<a href=\"http:\/\/gskk.eu\/?p=1769\">http:\/\/gskk.eu\/?p=1769<\/a><\/p>\n","protected":false},"excerpt":{"rendered":"<p>Mi, 11.2., 18 Uhr \/\/ Hans-B\u00f6ckler-Platz, K\u00f6ln Griechenland braucht jetzt die Solidarit\u00e4t. Am 11. Februar tritt die Eurogruppe zu einer Sondersitzung zusammen. Kurz darauf wird der Europ\u00e4ische Rat zusammenkommen, um die nach den griechischen&#46;&#46;&#46;<\/p>\n","protected":false},"author":110,"featured_media":0,"comment_status":"open","ping_status":"open","sticky":false,"template":"","format":"standard","meta":{"footnotes":""},"categories":[2],"tags":[29],"class_list":["post-8100","post","type-post","status-publish","format-standard","hentry","category-aktionen","tag-solidaritat"],"_links":{"self":[{"href":"https:\/\/www.friedenkoeln.de\/index.php?rest_route=\/wp\/v2\/posts\/8100","targetHints":{"allow":["GET"]}}],"collection":[{"href":"https:\/\/www.friedenkoeln.de\/index.php?rest_route=\/wp\/v2\/posts"}],"about":[{"href":"https:\/\/www.friedenkoeln.de\/index.php?rest_route=\/wp\/v2\/types\/post"}],"author":[{"embeddable":true,"href":"https:\/\/www.friedenkoeln.de\/index.php?rest_route=\/wp\/v2\/users\/110"}],"replies":[{"embeddable":true,"href":"https:\/\/www.friedenkoeln.de\/index.php?rest_route=%2Fwp%2Fv2%2Fcomments&post=8100"}],"version-history":[{"count":1,"href":"https:\/\/www.friedenkoeln.de\/index.php?rest_route=\/wp\/v2\/posts\/8100\/revisions"}],"predecessor-version":[{"id":8101,"href":"https:\/\/www.friedenkoeln.de\/index.php?rest_route=\/wp\/v2\/posts\/8100\/revisions\/8101"}],"wp:attachment":[{"href":"https:\/\/www.friedenkoeln.de\/index.php?rest_route=%2Fwp%2Fv2%2Fmedia&parent=8100"}],"wp:term":[{"taxonomy":"category","embeddable":true,"href":"https:\/\/www.friedenkoeln.de\/index.php?rest_route=%2Fwp%2Fv2%2Fcategories&post=8100"},{"taxonomy":"post_tag","embeddable":true,"href":"https:\/\/www.friedenkoeln.de\/index.php?rest_route=%2Fwp%2Fv2%2Ftags&post=8100"}],"curies":[{"name":"wp","href":"https:\/\/api.w.org\/{rel}","templated":true}]}}