{"id":8108,"date":"2015-02-14T17:01:37","date_gmt":"2015-02-14T15:01:37","guid":{"rendered":"http:\/\/www.friedenkoeln.de\/?p=8108"},"modified":"2015-02-14T17:01:37","modified_gmt":"2015-02-14T15:01:37","slug":"kooperation-fuer-den-frieden-laedt-zu-strategiekonferenz-ein","status":"publish","type":"post","link":"https:\/\/www.friedenkoeln.de\/?p=8108","title":{"rendered":"Kooperation f\u00fcr den Frieden l\u00e4dt zu Strategiekonferenz ein"},"content":{"rendered":"<p>F\u00fcr den 27.\/28. 2. l\u00e4dt die Kooperation f\u00fcr den Frieden zu einer Strategiekonferenz der Friedensbewegung nach Hannover ein: <a href=\"http:\/\/www.koop-frieden.de\/sub\/strategiekonferenz-2015-in-hannover.html\">http:\/\/www.koop-frieden.de\/sub\/strategiekonferenz-2015-in-hannover.html<\/a><\/p>\n","protected":false},"excerpt":{"rendered":"<p>F\u00fcr den 27.\/28. 2. l\u00e4dt die Kooperation f\u00fcr den Frieden zu einer Strategiekonferenz der Friedensbewegung nach Hannover ein: http:\/\/www.koop-frieden.de\/sub\/strategiekonferenz-2015-in-hannover.html<\/p>\n","protected":false},"author":110,"featured_media":0,"comment_status":"open","ping_status":"open","sticky":false,"template":"","format":"standard","meta":{"footnotes":""},"categories":[],"tags":[32,31],"class_list":["post-8108","post","type-post","status-publish","format-standard","hentry","tag-information-diskussion","tag-konferenzen"],"_links":{"self":[{"href":"https:\/\/www.friedenkoeln.de\/index.php?rest_route=\/wp\/v2\/posts\/8108","targetHints":{"allow":["GET"]}}],"collection":[{"href":"https:\/\/www.friedenkoeln.de\/index.php?rest_route=\/wp\/v2\/posts"}],"about":[{"href":"https:\/\/www.friedenkoeln.de\/index.php?rest_route=\/wp\/v2\/types\/post"}],"author":[{"embeddable":true,"href":"https:\/\/www.friedenkoeln.de\/index.php?rest_route=\/wp\/v2\/users\/110"}],"replies":[{"embeddable":true,"href":"https:\/\/www.friedenkoeln.de\/index.php?rest_route=%2Fwp%2Fv2%2Fcomments&post=8108"}],"version-history":[{"count":1,"href":"https:\/\/www.friedenkoeln.de\/index.php?rest_route=\/wp\/v2\/posts\/8108\/revisions"}],"predecessor-version":[{"id":8109,"href":"https:\/\/www.friedenkoeln.de\/index.php?rest_route=\/wp\/v2\/posts\/8108\/revisions\/8109"}],"wp:attachment":[{"href":"https:\/\/www.friedenkoeln.de\/index.php?rest_route=%2Fwp%2Fv2%2Fmedia&parent=8108"}],"wp:term":[{"taxonomy":"category","embeddable":true,"href":"https:\/\/www.friedenkoeln.de\/index.php?rest_route=%2Fwp%2Fv2%2Fcategories&post=8108"},{"taxonomy":"post_tag","embeddable":true,"href":"https:\/\/www.friedenkoeln.de\/index.php?rest_route=%2Fwp%2Fv2%2Ftags&post=8108"}],"curies":[{"name":"wp","href":"https:\/\/api.w.org\/{rel}","templated":true}]}}