{"id":8110,"date":"2015-02-14T17:23:12","date_gmt":"2015-02-14T15:23:12","guid":{"rendered":"http:\/\/www.friedenkoeln.de\/?p=8110"},"modified":"2015-02-14T17:26:46","modified_gmt":"2015-02-14T15:26:46","slug":"berichte-in-wort-und-bild-aus-wolgograd-und-moskau","status":"publish","type":"post","link":"https:\/\/www.friedenkoeln.de\/?p=8110","title":{"rendered":"Berichte in Wort und Bild aus Wolgograd und Moskau"},"content":{"rendered":"<p>Mitglieder des Partnerschaftsvereins K\u00f6ln-Wolgograd berichten \u00fcber ihre Reise.<\/p>\n<p><strong>26. 2., 19.00 Uhr, M\u00fclheim, VHS im Bezirksrathaus, Wiener Platz 2a, Saal\u00a0<\/strong><\/p>\n<p><a href=\"http:\/\/www.wolgograd.de\/cms\/news\/\">http:\/\/www.wolgograd.de\/cms\/news\/<\/a><\/p>\n<p><a href=\"http:\/\/www.friedenkoeln.de\/wp-content\/uploads\/2015\/02\/K\u00f6ln-Wolgograd.gif\" data-rel=\"lightbox-image-0\" data-rl_title=\"\" data-rl_caption=\"\" title=\"\"><img loading=\"lazy\" decoding=\"async\" class=\"alignnone  wp-image-8112\" src=\"http:\/\/www.friedenkoeln.de\/wp-content\/uploads\/2015\/02\/K\u00f6ln-Wolgograd-320x130.gif\" alt=\"K\u00f6ln-Wolgograd\" width=\"320\" height=\"130\" \/><\/a><\/p>\n","protected":false},"excerpt":{"rendered":"<p>Mitglieder des Partnerschaftsvereins K\u00f6ln-Wolgograd berichten \u00fcber ihre Reise. 26. 2., 19.00 Uhr, M\u00fclheim, VHS im Bezirksrathaus, Wiener Platz 2a, Saal\u00a0 http:\/\/www.wolgograd.de\/cms\/news\/<\/p>\n","protected":false},"author":110,"featured_media":8112,"comment_status":"open","ping_status":"open","sticky":false,"template":"","format":"standard","meta":{"footnotes":""},"categories":[],"tags":[32],"class_list":["post-8110","post","type-post","status-publish","format-standard","has-post-thumbnail","hentry","tag-information-diskussion"],"_links":{"self":[{"href":"https:\/\/www.friedenkoeln.de\/index.php?rest_route=\/wp\/v2\/posts\/8110","targetHints":{"allow":["GET"]}}],"collection":[{"href":"https:\/\/www.friedenkoeln.de\/index.php?rest_route=\/wp\/v2\/posts"}],"about":[{"href":"https:\/\/www.friedenkoeln.de\/index.php?rest_route=\/wp\/v2\/types\/post"}],"author":[{"embeddable":true,"href":"https:\/\/www.friedenkoeln.de\/index.php?rest_route=\/wp\/v2\/users\/110"}],"replies":[{"embeddable":true,"href":"https:\/\/www.friedenkoeln.de\/index.php?rest_route=%2Fwp%2Fv2%2Fcomments&post=8110"}],"version-history":[{"count":3,"href":"https:\/\/www.friedenkoeln.de\/index.php?rest_route=\/wp\/v2\/posts\/8110\/revisions"}],"predecessor-version":[{"id":8114,"href":"https:\/\/www.friedenkoeln.de\/index.php?rest_route=\/wp\/v2\/posts\/8110\/revisions\/8114"}],"wp:featuredmedia":[{"embeddable":true,"href":"https:\/\/www.friedenkoeln.de\/index.php?rest_route=\/wp\/v2\/media\/8112"}],"wp:attachment":[{"href":"https:\/\/www.friedenkoeln.de\/index.php?rest_route=%2Fwp%2Fv2%2Fmedia&parent=8110"}],"wp:term":[{"taxonomy":"category","embeddable":true,"href":"https:\/\/www.friedenkoeln.de\/index.php?rest_route=%2Fwp%2Fv2%2Fcategories&post=8110"},{"taxonomy":"post_tag","embeddable":true,"href":"https:\/\/www.friedenkoeln.de\/index.php?rest_route=%2Fwp%2Fv2%2Ftags&post=8110"}],"curies":[{"name":"wp","href":"https:\/\/api.w.org\/{rel}","templated":true}]}}