{"id":8155,"date":"2015-03-09T00:46:35","date_gmt":"2015-03-08T22:46:35","guid":{"rendered":"http:\/\/www.friedenkoeln.de\/?p=8155"},"modified":"2015-03-09T00:46:35","modified_gmt":"2015-03-08T22:46:35","slug":"bewaffnete-drohnen-fuer-die-bundeswehr","status":"publish","type":"post","link":"https:\/\/www.friedenkoeln.de\/?p=8155","title":{"rendered":"Bewaffnete Drohnen f\u00fcr die Bundeswehr?"},"content":{"rendered":"<div class=\"entry-content clearfix\">\n<h3><strong>10.M\u00e4rz, 20 Uhr, Alte Feuerwache, Gro\u00dfes Forum, Melchiorstr.3<\/strong><\/h3>\n<p>Verteidigunsminister de Maizi\u00e8re brachte sie ins Gespr\u00e4ch, Frau von der Leyen will sie auch \u2013 unbemannte bewaffnete Flugk\u00f6rper, mit denen man quasi auf Knopfdruck und aus sicherer Entfernung Menschen t\u00f6ten kann, Die USA benutzen sie seit Jahren: in L\u00e4ndern, mit denen sie offiziell nicht im Krieg sind, werden gezielt Personen get\u00f6tet, der Pr\u00e4sident zeichnet die Killerliste vorher ab. Kollateralsch\u00e4den sind inbegriffen. Was wird diese Anschaffung f\u00fcr die Bundeswehr, f\u00fcr die internationale Rolle unseres Landes bedeuten? Mehr Verantwortung? Aber wof\u00fcr?<\/p>\n<p>Es diskutieren:<\/p>\n<p><strong>Inge H\u00f6ger (DieLinke)<\/strong><\/p>\n<p><strong>Gisela Manderla \/CDU)<\/strong><\/p>\n<p><strong> Gabi Weber (SPD)<\/strong><\/p>\n<p><strong> Volker Beck (B\u00fcndnis 90\/DieGr\u00fcnen)<\/strong><\/p>\n<p>Moderation:<\/p>\n<p><strong>Walter van Rossum<\/strong><\/p>\n<p>Veranstalter:\u00a0 K\u00f6lner Friedensforum, Friedensbildungswerk K\u00f6ln<\/p>\n<\/div>\n","protected":false},"excerpt":{"rendered":"<p>10.M\u00e4rz, 20 Uhr, Alte Feuerwache, Gro\u00dfes Forum, Melchiorstr.3 Verteidigunsminister de Maizi\u00e8re brachte sie ins Gespr\u00e4ch, Frau von der Leyen will sie auch \u2013 unbemannte bewaffnete Flugk\u00f6rper, mit denen man quasi auf Knopfdruck und aus&#46;&#46;&#46;<\/p>\n","protected":false},"author":110,"featured_media":0,"comment_status":"open","ping_status":"open","sticky":false,"template":"","format":"standard","meta":{"footnotes":""},"categories":[2],"tags":[32,39],"class_list":["post-8155","post","type-post","status-publish","format-standard","hentry","category-aktionen","tag-information-diskussion","tag-kampfdrohnen"],"_links":{"self":[{"href":"https:\/\/www.friedenkoeln.de\/index.php?rest_route=\/wp\/v2\/posts\/8155","targetHints":{"allow":["GET"]}}],"collection":[{"href":"https:\/\/www.friedenkoeln.de\/index.php?rest_route=\/wp\/v2\/posts"}],"about":[{"href":"https:\/\/www.friedenkoeln.de\/index.php?rest_route=\/wp\/v2\/types\/post"}],"author":[{"embeddable":true,"href":"https:\/\/www.friedenkoeln.de\/index.php?rest_route=\/wp\/v2\/users\/110"}],"replies":[{"embeddable":true,"href":"https:\/\/www.friedenkoeln.de\/index.php?rest_route=%2Fwp%2Fv2%2Fcomments&post=8155"}],"version-history":[{"count":1,"href":"https:\/\/www.friedenkoeln.de\/index.php?rest_route=\/wp\/v2\/posts\/8155\/revisions"}],"predecessor-version":[{"id":8156,"href":"https:\/\/www.friedenkoeln.de\/index.php?rest_route=\/wp\/v2\/posts\/8155\/revisions\/8156"}],"wp:attachment":[{"href":"https:\/\/www.friedenkoeln.de\/index.php?rest_route=%2Fwp%2Fv2%2Fmedia&parent=8155"}],"wp:term":[{"taxonomy":"category","embeddable":true,"href":"https:\/\/www.friedenkoeln.de\/index.php?rest_route=%2Fwp%2Fv2%2Fcategories&post=8155"},{"taxonomy":"post_tag","embeddable":true,"href":"https:\/\/www.friedenkoeln.de\/index.php?rest_route=%2Fwp%2Fv2%2Ftags&post=8155"}],"curies":[{"name":"wp","href":"https:\/\/api.w.org\/{rel}","templated":true}]}}