{"id":8157,"date":"2015-03-09T01:19:43","date_gmt":"2015-03-08T23:19:43","guid":{"rendered":"http:\/\/www.friedenkoeln.de\/?p=8157"},"modified":"2015-03-09T01:19:43","modified_gmt":"2015-03-08T23:19:43","slug":"demo-zum-fukushima-jahrestag","status":"publish","type":"post","link":"https:\/\/www.friedenkoeln.de\/?p=8157","title":{"rendered":"Demo zum Fukushima-Jahrestag"},"content":{"rendered":"<div class=\"csc-frame csc-frame-rulerAfter\">\u00a0<b>14. M\u00e4rz 2015, 13.00 Uhr, E.on-Platz, D\u00fcsseldorf,<br \/>\n<\/b><\/div>\n<div class=\"csc-frame csc-frame-rulerAfter\"><\/div>\n<div id=\"content\">\n<div id=\"c128283\" class=\"teaser\">\n<div class=\"csc-textpic csc-textpic-intext-left\">\n<div class=\"csc-textpic-imagewrap csc-textpic-single-image\"><a href=\"http:\/\/www.bund-nrw.de\/index.php?eID=tx_cms_showpic&amp;file=uploads%2Fpics%2F2015_03_14_Fukushima_Duesseldorf_01.JPG&amp;md5=af2d5c3cab03fe70cba61f001f4eb21384514321&amp;parameters[0]=YTo0OntzOjU6IndpZHRoIjtzOjU6IjEyODBtIjtzOjY6ImhlaWdodCI7czo1OiIx&amp;parameters[1]=MDI0bSI7czo3OiJib2R5VGFnIjtzOjQxOiI8Ym9keSBzdHlsZT0ibWFyZ2luOjA7&amp;parameters[2]=IGJhY2tncm91bmQ6I2ZmZjsiPiI7czo0OiJ3cmFwIjtzOjM3OiI8YSBocmVmPSJq&amp;parameters[3]=YXZhc2NyaXB0OmNsb3NlKCk7Ij4gfCA8L2E%2BIjt9\" target=\"thePicture\">\u00a0\u00a0\u00a0\u00a0\u00a0\u00a0\u00a0\u00a0\u00a0\u00a0\u00a0\u00a0\u00a0\u00a0\u00a0\u00a0\u00a0\u00a0\u00a0\u00a0\u00a0\u00a0\u00a0\u00a0\u00a0\u00a0\u00a0\u00a0\u00a0\u00a0\u00a0\u00a0\u00a0\u00a0\u00a0\u00a0\u00a0 <img loading=\"lazy\" decoding=\"async\" src=\"http:\/\/www.bund-nrw.de\/typo3temp\/pics\/a71163657b.jpg\" alt=\"\" width=\"250\" height=\"354\" \/><\/a><\/div>\n<div class=\"csc-textpic-text\">\n<p class=\"bodytext\"><b>FUKUSHIMA MAHNT \u2013 DIE KATASTROPHE DAUERT AN!<\/b><\/p>\n<p class=\"bodytext\"><b>E.on-Platz, D\u00fcsseldorf, 14. M\u00e4rz 2015, 13.00 Uhr<\/b><\/p>\n<p class=\"bodytext\">Auch\u00a0vier Jahre nach dem Super-GAU in Japan werden das Meer und die Luft weiterhin Tag f\u00fcr Tag radioaktiv verseucht. Der starke Taifun vom Oktober 2014 wusch die Reaktorruine erneut aus und sorgte f\u00fcr extrem hohe Strahlungswerte. Die st\u00e4ndigen Erdbeben bedrohen die Ruine ebenfalls.<\/p>\n<p class=\"bodytext\">Wie in Tschernobyl nimmt auch in Fukushima der Schilddr\u00fcsenkrebsbei Kindern und Jugendlichen dramatisch zu. Eine erh\u00f6hte S\u00e4uglingssterblichkeit ist sicher dokumentiert, wird aber in Japan verschwiegen. Die ca. 300.000 Kinder in der Pr\u00e4fektur Fukushima spielen trotz enormer Gesundheitsgefahren im Freien. Die Kinder tragen Dosimeter, aber die Regierung in Japan \u00fcberl\u00e4sst gesundheitliche Fragen der Bev\u00f6lkerung \u2013 so ist Fukushima ein strahlenmedizinisches Versuchslabor geworden.<\/p>\n<p class=\"bodytext\">Wir gedenken der Opfer der verheerenden Reaktorkatastrophen von Windscale (1957), Harrisburg (1979), Tschernobyl (1986) und Fukushima (2011).<\/p>\n<p class=\"bodytext\"><b>ATOMAUSSTIEG WELTWEIT \u2013 AUCH IN NRW!<\/b><\/p>\n<p class=\"bodytext\">Trotz angeblichem Atomausstieg laufen auch 2015 in Deutschland weiterhin 9 AKW und 2 Uranfabriken. In NRW sind zwar keine AKW mehr am Netz, aber der Atomausstieg wird nicht umgesetzt!<\/p>\n<p class=\"bodytext\"><b>BEISPIEL ALTLASTEN:<\/b><\/p>\n<p class=\"bodytext\">Der Abriss der AKW und die Lagerung des Atomm\u00fclls sind nach wie vor ungekl\u00e4rt und wird noch Milliarden verschlingen. Die AKW Betreiber wollen sich jedoch aus der Verantwortung stehlen. Eon, mit Sitz in D\u00fcsseldorf, bereitet die Abspaltung des Atom-Gesch\u00e4fts in eine \u201eBad Bank\u201c vor. Eon will so die Kosten und Risiken auf die Gesellschaft abw\u00e4lzen.<\/p>\n<p class=\"bodytext\"><b>BEISPIEL URAN-ANREICHERUNG IN GRONAU:<\/b><\/p>\n<p class=\"bodytext\">In Gronau betreibt Urenco die bundesweit einzige Urananreicherungsanlage (UAA). Die Firma Urenco (mit weiteren UAAs in GB,NL, USA) geh\u00f6rt zu einem Drittel RWE und Eon. Jedes 10. AKW weltweit wird mit angereichertem Uran aus Gronau betrieben \u2013 und das unbefristet, denn die Abschaltung ist nicht terminiert und nicht geplant. Wir fordern die Landesregierung auf, ihre Aussage des Koalitionsvertrages umzusetzen: <i>\u201eWir wollen die Urananreicherung in Gronau rechtssicher beenden\u201c<\/i>. Denn auch der Fukushima-Betreiber Tepco wurde durch den Urenco-Konzern beliefert. Statt die UAA stillzulegen, wird jedoch der Verkauf von Urenco oder gar ein B\u00f6rsengang geplant. Und das mit dem Wissen, dass die Urananreicherung eine zur Produktion von Atomwaffen und Atombomben unverzichtbare Technologie ist.<\/p>\n<p class=\"bodytext\"><b>BEISPIEL ATOMM\u00dcLL-VERSCHIEBUNG IN J\u00dcLICH:<\/b><\/p>\n<p class=\"bodytext\">Obwohl der Export von Atomm\u00fcll rechtlich ausgeschlossen ist, sollen 152 Castoren, die in J\u00fclich als Erbe des Versuchsreaktors (AVR) gelagert sind, in die USA abgeschoben werden. Alternativ sollen die Castoren ins Zwischenlager nach Ahaus transportiert werden. Wir erinnern die Landesregierung und das Wirtschaftsministerium an die Koalitionsaussage: <i>\u201eWir wollen, dass die Castoren, vor allem die in J\u00fclich lagernden, nur noch einmal transportiert werden&#8230;\u201c <\/i>und das schlie\u00dft auch einen Transport in das befristete Ahauser Zwischenlager aus!<\/p>\n<p class=\"bodytext\"><b>\u00a0WIR FORDERN:<\/b><\/p>\n<ul>\n<li>Alle Atomkraftwerke abschalten \u2013 bevor es zum n\u00e4chsten Super-GAU kommt!<\/li>\n<li>Der Staat muss den Stromkonzernen das Geld f\u00fcr den AKW Abriss und die Atomm\u00fcll-Lagerung jetzt abnehmen \u2013 so lange noch etwas zu holen ist!<\/li>\n<li>Die Versprechen aus dem NRW-Koalitionsvertrag zum Thema Urananreicherung, Atomm\u00fcll aus J\u00fclich und Urantransporte durch NRW sind unverz\u00fcglich umzusetzen.<\/li>\n<li>Atomenergie ist gef\u00e4hrlich, unbeherrschbar und verantwortungslos! Daher fordern wir den konsequenten Atomausstieg weltweit \u2013 auch in NRW!<\/li>\n<\/ul>\n<\/div>\n<\/div>\n<\/div>\n<\/div>\n","protected":false},"excerpt":{"rendered":"<p>\u00a014. M\u00e4rz 2015, 13.00 Uhr, E.on-Platz, D\u00fcsseldorf, \u00a0\u00a0\u00a0\u00a0\u00a0\u00a0\u00a0\u00a0\u00a0\u00a0\u00a0\u00a0\u00a0\u00a0\u00a0\u00a0\u00a0\u00a0\u00a0\u00a0\u00a0\u00a0\u00a0\u00a0\u00a0\u00a0\u00a0\u00a0\u00a0\u00a0\u00a0\u00a0\u00a0\u00a0\u00a0\u00a0\u00a0 FUKUSHIMA MAHNT \u2013 DIE KATASTROPHE DAUERT AN! E.on-Platz, D\u00fcsseldorf, 14. M\u00e4rz 2015, 13.00 Uhr Auch\u00a0vier Jahre nach dem Super-GAU in Japan werden das Meer und die&#46;&#46;&#46;<\/p>\n","protected":false},"author":110,"featured_media":8158,"comment_status":"open","ping_status":"open","sticky":false,"template":"","format":"standard","meta":{"footnotes":""},"categories":[2],"tags":[33],"class_list":["post-8157","post","type-post","status-publish","format-standard","has-post-thumbnail","hentry","category-aktionen","tag-atomwaffen"],"_links":{"self":[{"href":"https:\/\/www.friedenkoeln.de\/index.php?rest_route=\/wp\/v2\/posts\/8157","targetHints":{"allow":["GET"]}}],"collection":[{"href":"https:\/\/www.friedenkoeln.de\/index.php?rest_route=\/wp\/v2\/posts"}],"about":[{"href":"https:\/\/www.friedenkoeln.de\/index.php?rest_route=\/wp\/v2\/types\/post"}],"author":[{"embeddable":true,"href":"https:\/\/www.friedenkoeln.de\/index.php?rest_route=\/wp\/v2\/users\/110"}],"replies":[{"embeddable":true,"href":"https:\/\/www.friedenkoeln.de\/index.php?rest_route=%2Fwp%2Fv2%2Fcomments&post=8157"}],"version-history":[{"count":1,"href":"https:\/\/www.friedenkoeln.de\/index.php?rest_route=\/wp\/v2\/posts\/8157\/revisions"}],"predecessor-version":[{"id":8159,"href":"https:\/\/www.friedenkoeln.de\/index.php?rest_route=\/wp\/v2\/posts\/8157\/revisions\/8159"}],"wp:featuredmedia":[{"embeddable":true,"href":"https:\/\/www.friedenkoeln.de\/index.php?rest_route=\/wp\/v2\/media\/8158"}],"wp:attachment":[{"href":"https:\/\/www.friedenkoeln.de\/index.php?rest_route=%2Fwp%2Fv2%2Fmedia&parent=8157"}],"wp:term":[{"taxonomy":"category","embeddable":true,"href":"https:\/\/www.friedenkoeln.de\/index.php?rest_route=%2Fwp%2Fv2%2Fcategories&post=8157"},{"taxonomy":"post_tag","embeddable":true,"href":"https:\/\/www.friedenkoeln.de\/index.php?rest_route=%2Fwp%2Fv2%2Ftags&post=8157"}],"curies":[{"name":"wp","href":"https:\/\/api.w.org\/{rel}","templated":true}]}}