{"id":8184,"date":"2015-03-23T11:25:13","date_gmt":"2015-03-23T09:25:13","guid":{"rendered":"http:\/\/www.friedenkoeln.de\/?p=8184"},"modified":"2015-03-24T06:41:21","modified_gmt":"2015-03-24T04:41:21","slug":"zfd-aktuell-12015","status":"publish","type":"post","link":"https:\/\/www.friedenkoeln.de\/?p=8184","title":{"rendered":"ZFD ( Ziviler Friedensdienst) aktuell 1\/2015"},"content":{"rendered":"<p><a href=\"http:\/\/www.friedenkoeln.de\/wp-content\/uploads\/2015\/03\/clip_image0026.jpg\" data-rel=\"lightbox-image-0\" data-rl_title=\"\" data-rl_caption=\"\"><img loading=\"lazy\" decoding=\"async\" style=\"background-image: none; padding-top: 0px; padding-left: 0px; display: inline; padding-right: 0px; border: 0px;\" title=\"\" src=\"http:\/\/www.friedenkoeln.de\/wp-content\/uploads\/2015\/03\/clip_image0026_thumb.jpg\" alt=\"clip_image002[6]\" width=\"556\" height=\"372\" border=\"0\" \/><\/a><\/p>\n<p>Liebe Leserinnen und Leser,<\/p>\n<p>Verantwortung \u00fcbernehmen \u2013 seit gut einem Jahr f\u00fchren Politik und \u00d6ffentlichkeit unter diesem Slogan eine Debatte \u00fcber deutsches Engagement in Konfliktgebieten und der Au\u00dfenpolitik. Die Bandbreite reicht von st\u00e4rkeren diplomatischen Bem\u00fc- hungen \u00fcber Waffenlieferungen in Krisengebiete bis zu Milit\u00e4reins\u00e4tzen. Gewaltfreie Ans\u00e4tze finden wenig Eingang in die Debatte. Um das zu \u00e4ndern, macht der ZFD momentan in gro\u00dfen Tageszeitungen und Magazinen auf die M\u00f6glichkeit ziviler Konfliktbearbeitung aufmerksam. Eine eigens eingerichtete Website stellt kurz den ZFD vor: <a href=\"http:\/\/www.wir-schon.org\/\">www.wir-schon.org<\/a><\/p>\n<p>News<\/p>\n<p><a href=\"https:\/\/www.ziviler-friedensdienst.org\/de\/aktuelles\/kampagnen-fuer-frieden-und-gerechtigkeit-zum-mitmachen\">Kampagnen f\u00fcr Frieden und Gerechtigkeit &#8211; zum Mitmachen<\/a><\/p>\n<p><a href=\"https:\/\/www.ziviler-friedensdienst.org\/de\/aktuelles\/neue-ausgabe-des-forumzfd-magazins-erschienen\">Neue Ausgabe des forumZFD Magazins erschienen<\/a><\/p>\n<p><a href=\"http:\/\/www.ziviler-friedensdienst.org\/de\/aktuelles\/keine-entwicklung-ohne-frieden-ziele-nach-den-milleniumszielen\">\u201eKein e Entwicklu ng ohne Frieden \u201c &#8211; Ziele nach den Milleniumszielen.<\/a> Stellungnahme, Positionspapiere, Hintergr\u00fcnde (von Konsortium ZFD und forumZFD)<\/p>\n<p>Au\u00dfenminister Steinmeier in der DR Kongo: <a href=\"http:\/\/www.ziviler-friedensdienst.org\/de\/aktuelles\/steinmeier-trifft-nachwuchsjournalistinnen-der-dr-kongo\">Mit NachwuchsjournalistInnen aus ZFD-<\/a> <a href=\"http:\/\/www.ziviler-friedensdienst.org\/de\/aktuelles\/steinmeier-trifft-nachwuchsjournalistinnen-der-dr-kongo\">Projekten in Goma un<\/a>d <a href=\"http:\/\/www.ziviler-friedensdienst.org\/de\/aktuelles\/dr-kongo-aussenminister-steinmeier-trifft-zfd\">mit ZFD-Fachkr\u00e4ften in Kinshasa<\/a><\/p>\n<p><a href=\"https:\/\/www.ziviler-friedensdienst.org\/de\/aktuelles\/konfliktvermeidung-ist-keine-angemessene-strategie\">\u201eKon fliktv ermeidu ng ist kein e an gemessen e Stra tegie!\u201c J<\/a>ochen Neumann, Gesch\u00e4ftsf\u00fchrer der KURVE Wustrow im Interview<\/p>\n<p><a href=\"https:\/\/www.ziviler-friedensdienst.org\/de\/aktuelles\/kein-grund-zur-entwarnung\">Kein Grund zur Entwarnung.<\/a> Die beiden ZFD-KoordinatorInnen der AGEH dar\u00fcber, wie die<\/p>\n<p>Ebola-Krise die fragile Friedenssituation in Liberia und in Sierra Leone belastet<\/p>\n<p>&nbsp;<\/p>\n<p><a href=\"https:\/\/www.ziviler-friedensdienst.org\/de\/aktuelles\/wie-laesst-sich-die-arbeit-ziviler-experten-friedenseinsaetzen-sichtbarer-machen\">\u201eWie l\u00e4sst sich die A rbeit ziv iler E xperten in Frieden sein s\u00e4 tzen sichtba rer ma ch en ?\u201c \u2013<\/a><\/p>\n<p>Frage des Bundespr\u00e4sidenten auf seiner Veranstaltung zur zivilen Friedensf\u00f6rderung<\/p>\n<p><a href=\"https:\/\/www.ziviler-friedensdienst.org\/de\/aktuelles\/jahresprogramm-2015-der-akademie-fuer-konflikttransformation\">Jahresprogramm 2015 der Akademie f\u00fcr Konflikttransformation (<\/a>im forumZFD) <a href=\"https:\/\/www.ziviler-friedensdienst.org\/de\/aktuelles\/friedensarbeit-zeiten-der-kriege-neuer-wfd-querbrief\">Friedensarbeit in Zeiten der Kriege \u2013 Neuer WFD-Querbrief<\/a><\/p>\n<p>Termine<\/p>\n<p><a href=\"http:\/\/www.konfliktbearbeitung.net\/veranstaltungen\/leitbild-frieden-wege-friedenslogischen-fluechtlingspolitik\">Ja h resta gun g der P la ttform ZKB : \u201eWege zu ein er friedenslogisch en Fl\u00fc ch tlingspolitik\u201c. 1<\/a>6. bis 18. April 2015, Evangelische Akademie Bad Boll<\/p>\n<p>&nbsp;<\/p>\n<p>&nbsp;<\/p>\n<p>&nbsp;<\/p>\n<p>&nbsp;<\/p>\n<p>&nbsp;<\/p>\n<p>&nbsp;<\/p>\n","protected":false},"excerpt":{"rendered":"<p>Liebe Leserinnen und Leser, Verantwortung \u00fcbernehmen \u2013 seit gut einem Jahr f\u00fchren Politik und \u00d6ffentlichkeit unter diesem Slogan eine Debatte \u00fcber deutsches Engagement in Konfliktgebieten und der Au\u00dfenpolitik. Die Bandbreite reicht von st\u00e4rkeren diplomatischen&#46;&#46;&#46;<\/p>\n","protected":false},"author":110,"featured_media":8182,"comment_status":"open","ping_status":"open","sticky":false,"template":"","format":"standard","meta":{"footnotes":""},"categories":[],"tags":[32,5,3,30,29],"class_list":["post-8184","post","type-post","status-publish","format-standard","has-post-thumbnail","hentry","tag-information-diskussion","tag-kindersoldaten","tag-pazifismus","tag-publikationen","tag-solidaritat"],"_links":{"self":[{"href":"https:\/\/www.friedenkoeln.de\/index.php?rest_route=\/wp\/v2\/posts\/8184","targetHints":{"allow":["GET"]}}],"collection":[{"href":"https:\/\/www.friedenkoeln.de\/index.php?rest_route=\/wp\/v2\/posts"}],"about":[{"href":"https:\/\/www.friedenkoeln.de\/index.php?rest_route=\/wp\/v2\/types\/post"}],"author":[{"embeddable":true,"href":"https:\/\/www.friedenkoeln.de\/index.php?rest_route=\/wp\/v2\/users\/110"}],"replies":[{"embeddable":true,"href":"https:\/\/www.friedenkoeln.de\/index.php?rest_route=%2Fwp%2Fv2%2Fcomments&post=8184"}],"version-history":[{"count":5,"href":"https:\/\/www.friedenkoeln.de\/index.php?rest_route=\/wp\/v2\/posts\/8184\/revisions"}],"predecessor-version":[{"id":8190,"href":"https:\/\/www.friedenkoeln.de\/index.php?rest_route=\/wp\/v2\/posts\/8184\/revisions\/8190"}],"wp:featuredmedia":[{"embeddable":true,"href":"https:\/\/www.friedenkoeln.de\/index.php?rest_route=\/wp\/v2\/media\/8182"}],"wp:attachment":[{"href":"https:\/\/www.friedenkoeln.de\/index.php?rest_route=%2Fwp%2Fv2%2Fmedia&parent=8184"}],"wp:term":[{"taxonomy":"category","embeddable":true,"href":"https:\/\/www.friedenkoeln.de\/index.php?rest_route=%2Fwp%2Fv2%2Fcategories&post=8184"},{"taxonomy":"post_tag","embeddable":true,"href":"https:\/\/www.friedenkoeln.de\/index.php?rest_route=%2Fwp%2Fv2%2Ftags&post=8184"}],"curies":[{"name":"wp","href":"https:\/\/api.w.org\/{rel}","templated":true}]}}