{"id":8194,"date":"2015-03-26T12:08:51","date_gmt":"2015-03-26T10:08:51","guid":{"rendered":"http:\/\/www.friedenkoeln.de\/?p=8194"},"modified":"2015-04-06T00:08:46","modified_gmt":"2015-04-05T22:08:46","slug":"ostermarsch-in-koeln","status":"publish","type":"post","link":"https:\/\/www.friedenkoeln.de\/?p=8194","title":{"rendered":"Ostermarsch in K\u00f6ln"},"content":{"rendered":"<p><a href=\"http:\/\/www.friedenkoeln.de\/wp-content\/uploads\/2015\/03\/Ostermarsch15a.jpeg\" data-rel=\"lightbox-image-0\" data-rl_title=\"\" data-rl_caption=\"\" title=\"\"><img loading=\"lazy\" decoding=\"async\" class=\"alignnone size-medium wp-image-8230\" src=\"http:\/\/www.friedenkoeln.de\/wp-content\/uploads\/2015\/03\/Ostermarsch15a-320x190.jpeg\" alt=\"Ostermarsch15a\" width=\"320\" height=\"190\" \/><\/a><\/p>\n<p>Wir rufen zur Beteiligung an folgenden Aktionen zum <strong>Ostermarsch<\/strong> auf:<\/p>\n<hr \/>\n<p>Ostermarsch-Werbetour in K\u00f6ln am <strong>Montag, 30. 3.<\/strong><\/p>\n<p>17.00 Uhr Rudolfplatz, dann \u00fcber Neumarkt zum Dom, Abschlu\u00df ca. 18.15 Uhr<\/p>\n<p>Anschlie\u00dfend Gelegenheit zur Teilnahme an der Kundgebung von &#8222;Wir-f\u00fcr-den-Frieden&#8220; um 18.30 Uhr auf dem Heumarkt (s. <a href=\"http:\/\/www.wirfuerdenfrieden.de\/?event=friedenskundgebung-2&amp;event_date=2015-03-30\">http:\/\/www.wirfuerdenfrieden.de\/?event=friedenskundgebung-2&amp;event_date=2015-03-30<\/a>)<\/p>\n<hr \/>\n<p><strong>Freitag, 3. 4., <\/strong>11.57, 48599 Gronau (Westf.), R\u00f6ntgenstr. 4, Haupttor der Urananreicherungsanlage URENCO. F\u00fcr die An- und Abreise wird zwischen Bahnhof Gronau und UAA ein Bus-Shuttle-Service eingerichtet.<\/p>\n<p><a href=\"http:\/\/www.ostermarsch-gronau.de\/\">http:\/\/www.ostermarsch-gronau.de\/<\/a><\/p>\n<p><a href=\"http:\/\/www.friedenkoeln.de\/wp-content\/uploads\/2015\/03\/URENCO2015.jpg\" data-rel=\"lightbox-image-1\" data-rl_title=\"\" data-rl_caption=\"\" title=\"\"><img loading=\"lazy\" decoding=\"async\" class=\"alignnone size-full wp-image-8236\" src=\"http:\/\/www.friedenkoeln.de\/wp-content\/uploads\/2015\/03\/URENCO2015.jpg\" alt=\"URENCO2015\" width=\"240\" height=\"158\" \/><\/a><\/p>\n<hr \/>\n<p><strong>Samstag, 4. 4<\/strong>., 14.00 Uhr, D\u00fcsseldorf, DGB-Haus, Friedrich-Ebert-Str. (10 Min. vom Hauptbahnhof): Auftaktkundgebung<\/p>\n<p>15.00 Uhr, D\u00fcsseldorf, Marktplatz: Friedensfest, Rede von J\u00fcrgen Gr\u00e4sslin, Bundessprecher der DFG-VK<\/p>\n<p>Ostermarsch Rhein-Ruhr.<\/p>\n<p>Aufruf: <a href=\"http:\/\/www.ostermarsch-ruhr.de\/Aufruf15Erstis.pdf\">http:\/\/www.ostermarsch-ruhr.de\/Aufruf15Erstis.pdf<\/a><\/p>\n<p>Kleines Flugblatt:<br \/>\n<a href=\"http:\/\/www.ostermarsch-ruhr.de\/om15\/Om15FlNeu.pdf\">http:\/\/www.ostermarsch-ruhr.de\/om15\/Om15FlNeu.pdf<\/a><\/p>\n<p>Grosses Flugblatt:<br \/>\n<a href=\"http:\/\/www.ostermarsch-ruhr.de\/om15\/Om15FlGr.pdf\">http:\/\/www.ostermarsch-ruhr.de\/om15\/Om15FlGr.pdf<\/a><\/p>\n<p>Abfahrt mit dem Regionalexpress:<\/p>\n<p>12.49 Uhr K\u00f6ln Hbf, Gleis 4\u00a0\u00a0\u00a0\u00a0\u00a0\u00a0\u00a0\u00a0\u00a0\u00a0\u00a0\u00a0\u00a0\u00a0\u00a0\u00a0\u00a0\u00a0\u00a0 \u00a0 13.31 Uhr, Gleis 1<\/p>\n<p>12.52 Uhr K\u00f6ln-Deutz, Gleis 2\u00a0\u00a0\u00a0\u00a0\u00a0\u00a0\u00a0\u00a0\u00a0\u00a0\u00a0\u00a0\u00a0\u00a0\u00a0\u00a0\u00a0 13.34 Uhr, Gleis 2<\/p>\n<p>12.57 Uhr, K\u00f6ln-M\u00fclheim, Gleis 3\u00a0\u00a0\u00a0\u00a0\u00a0\u00a0\u00a0\u00a0\u00a0\u00a0\u00a0 13.39 Uhr, Gleis 3<\/p>\n<p>Treffen: 13.15 K\u00f6ln Hauptbahnhof am Blumenstand<\/p>\n<hr \/>\n<p><span class=\"tag\"><strong>Sonntag,\u00a005.04.2015\u00a0Bonn: <\/strong><\/span><br \/>\nBonner Ostermarschaktion 2015 <a href=\"http:\/\/ostermarsch.friedenskooperative.de\/?q=content\/bonn\" target=\"Fenster2\">&#8222;Nein zum Krieg &#8211; Refugees welcome!&#8220;<\/a>, Start: 14 Uhr, nahe der Kennedybr\u00fccke am Beueler Promenaden-Rondell, weitere Stationen: Bonner Rheinufer, Markt, M\u00fcnsterplatz weiter zum Abschlu\u00df: 16 Uhr, Friedensplatz, Flyer <a href=\"http:\/\/www.friedenskooperative.de\/gifs\/om15bn.pdf\">siehe hier<\/a>,<\/p>\n<hr \/>\n<p>&nbsp;<\/p>\n<p><strong>Montag, 6. 4<\/strong>., 14.00 Uhr, Gewerbepark B\u00fcchel<\/p>\n<p>Ostermarsch in B\u00fcchel.<\/p>\n<p>Aufruf: <a href=\"http:\/\/www.buechel-atomwaffenfrei.de\/ostermarsch\/ostermarsch-2015\/\">http:\/\/www.buechel-atomwaffenfrei.de\/ostermarsch\/ostermarsch-2015\/<\/a><\/p>\n<p>Wegen Mitfahrgelegenheiten bitte an <a href=\"mailto:koeln@dfg-vk.de\">koeln@dfg-vk.de<\/a> wenden.<\/p>\n","protected":false},"excerpt":{"rendered":"<p>Wir rufen zur Beteiligung an folgenden Aktionen zum Ostermarsch auf: Ostermarsch-Werbetour in K\u00f6ln am Montag, 30. 3. 17.00 Uhr Rudolfplatz, dann \u00fcber Neumarkt zum Dom, Abschlu\u00df ca. 18.15 Uhr Anschlie\u00dfend Gelegenheit zur Teilnahme an&#46;&#46;&#46;<\/p>\n","protected":false},"author":110,"featured_media":8201,"comment_status":"open","ping_status":"open","sticky":false,"template":"","format":"standard","meta":{"footnotes":""},"categories":[2],"tags":[33],"class_list":["post-8194","post","type-post","status-publish","format-standard","has-post-thumbnail","hentry","category-aktionen","tag-atomwaffen"],"_links":{"self":[{"href":"https:\/\/www.friedenkoeln.de\/index.php?rest_route=\/wp\/v2\/posts\/8194","targetHints":{"allow":["GET"]}}],"collection":[{"href":"https:\/\/www.friedenkoeln.de\/index.php?rest_route=\/wp\/v2\/posts"}],"about":[{"href":"https:\/\/www.friedenkoeln.de\/index.php?rest_route=\/wp\/v2\/types\/post"}],"author":[{"embeddable":true,"href":"https:\/\/www.friedenkoeln.de\/index.php?rest_route=\/wp\/v2\/users\/110"}],"replies":[{"embeddable":true,"href":"https:\/\/www.friedenkoeln.de\/index.php?rest_route=%2Fwp%2Fv2%2Fcomments&post=8194"}],"version-history":[{"count":9,"href":"https:\/\/www.friedenkoeln.de\/index.php?rest_route=\/wp\/v2\/posts\/8194\/revisions"}],"predecessor-version":[{"id":8237,"href":"https:\/\/www.friedenkoeln.de\/index.php?rest_route=\/wp\/v2\/posts\/8194\/revisions\/8237"}],"wp:featuredmedia":[{"embeddable":true,"href":"https:\/\/www.friedenkoeln.de\/index.php?rest_route=\/wp\/v2\/media\/8201"}],"wp:attachment":[{"href":"https:\/\/www.friedenkoeln.de\/index.php?rest_route=%2Fwp%2Fv2%2Fmedia&parent=8194"}],"wp:term":[{"taxonomy":"category","embeddable":true,"href":"https:\/\/www.friedenkoeln.de\/index.php?rest_route=%2Fwp%2Fv2%2Fcategories&post=8194"},{"taxonomy":"post_tag","embeddable":true,"href":"https:\/\/www.friedenkoeln.de\/index.php?rest_route=%2Fwp%2Fv2%2Ftags&post=8194"}],"curies":[{"name":"wp","href":"https:\/\/api.w.org\/{rel}","templated":true}]}}