{"id":8219,"date":"2015-04-04T19:00:53","date_gmt":"2015-04-04T17:00:53","guid":{"rendered":"http:\/\/www.friedenkoeln.de\/?p=8219"},"modified":"2015-04-07T00:12:53","modified_gmt":"2015-04-06T22:12:53","slug":"rede-zum-auftakt-des-ostermarschs-in-duesseldorf","status":"publish","type":"post","link":"https:\/\/www.friedenkoeln.de\/?p=8219","title":{"rendered":"Rede zum Auftakt des Ostermarschs in D\u00fcsseldorf"},"content":{"rendered":"<p><span style=\"font-size: large;\"><b>Mir kl\u00e4\u00e4ve am L\u00e4\u00e4ve<\/b><\/span><\/p>\n<p>Rede zum Ostermarsch 2015<\/p>\n<p>D\u00fcsseldorf, 4. 4. 15, Auftakt<\/p>\n<p><b>Harald Fuchs, DFG-VK Gruppe K\u00f6ln und K\u00f6lner Friedensforum<\/b><\/p>\n<p>Ich begr\u00fc\u00dfe Euch zum Ostermarsch Ruhr-Rheinland 2015 hier in D\u00fcsseldorf.<\/p>\n<p>Warum demonstrieren wir? Mir als K\u00f6lner f\u00e4llt dazu ein Lied der Bl\u00e4ck F\u00f6\u00f6s ein, das hei\u00dft: <b>Mir kl\u00e4\u00e4ve am L\u00e4\u00e4ve<\/b> \u2013 Wir kleben am Leben. Und weil uns unser Leben lieb ist und das der Anderen unterst\u00fctzen wir den Ostermarsch unter dem Motto:<\/p>\n<p><b>Kriege stoppen \u2013 Atomwaffen \u00e4chten \u2013 Zivile L\u00f6sungen schaffen.<\/b><\/p>\n<p>Wir demonstrieren hier in der Tradition des 1. Ostermarsches, der 1958 in London 10.000 Menschen zum Atomforschungszentrum Aldermaston f\u00fchrte.<\/p>\n<p>Heute sehen wir, da\u00df unsere Vorg\u00e4nger das Ziel ihres Marsches sehr gut ausgesucht hatten. Immer noch sind der nukleare Winter, die radioaktive Verseuchung und das Ende der Menschheit m\u00f6glich, wenn auch nur ein Bruchteil des vorhandenen Potentials einsatzbereiter Atomwaffen eingesetzt w\u00fcrde.<\/p>\n<p>Aber auch die Explosion einer einzelnen oder auch nur die Zerstreuung einer Atombombe z. B. durch einen Unfall w\u00fcrde die Gesundheit von Hunderttausenden oder auch Millionen Menschen schwer besch\u00e4digen.<\/p>\n<p>Immer wieder gibt es Flugzeugabst\u00fcrze. Und st\u00e4ndig werden Atomsprengk\u00f6pfe auf dem Luftweg transportiert. Bereits mehrfach stand die Welt aufgrund technischen oder menschlichen Versagens oder aufgrund politischer Krisen am Abgrund gro\u00dffl\u00e4chiger radioaktiver Verseuchung und Zerst\u00f6rungen.<\/p>\n<p>Mir f\u00e4llt dazu eine Filmszene von Charly Chaplins gro\u00dfem Diktator ein: Wie er mit dem Globus spielt und jongliert. Wir lassen nicht l\u00e4nger zu, da\u00df die Regierenden so mit unserer Welt umgehen! Denn <b>mir kl\u00e4\u00e4ve am L\u00e4\u00e4ve!<\/b><\/p>\n<p>Der einzige Weg zu wirkicher Sicherheit ist die <b>\u00c4chtung der Atomwaffen als Massenvernichtungsmittel <\/b>durch eine internationale Konvention, so wie es bereits mit den biologischen und den chemischen Waffen geschehen ist. Die diesj\u00e4hrige internationale \u00dcberpr\u00fcfungskonferenz des Atomwaffensperrvertrages ist dazu eine gute Gelegenheit.<\/p>\n<p>Unser Land ist in den Wahnsinn der Atomwaffen viel tiefer verwickelt, als viele Menschen in unserem Land wissen: Immer noch werden in der Eifel, in B\u00fcchel bei Cochem amerikanische Atombomben scharf gehalten. Immer noch stehen Flugzeuge der Bundeswehr bereit, die im Zuge der sogenannten \u201eNuklearen Teilhabe\u201c diese Atombomben an ihre Ziele bringen sollen. Ich rufe Euch auf: Beifall f\u00fcr die mutigen Blockierer, die seit dem 26. M\u00e4rz die Zufahrten zur Atomwaffenstellung B\u00fcchel f\u00fcr 65 Tage gewaltfrei blockieren! <b>Mir kl\u00e4\u00e4ve am L\u00e4\u00e4ve<\/b> und die <b>Atomwaffen sollen weg aus Deutschland!<\/b> <b>Stoppt die geplante Modernisierung dieser Atomwaffen! Beendet die nukleare Teilhabe der Bundesrepublik Deutschland! Stoppt die Modernisierung der Bundeswehr-Flugzeuge, die die amerikanischen Atombomben in ihre Ziele bringen sollen! <\/b><b>Unterst\u00fctzt die 65-Tage-Blockade in B\u00fcchel!<\/b><\/p>\n<p>Wir erinnern an das Rechtsgutachten des Internationalen Gerichtshofs in Den Haag vom 8. 7. 1996. Seitdem ist verbindlich, da\u00df der Einsatz und die Drohung mit dem Einsatz von Atomwaffen v\u00f6lkerrechtswidrig sind.<\/p>\n<p>Deshalb findet jedes Jahr am<b> 8. Juli der Flaggentag der Mayors for Peace<\/b> statt. In vielen St\u00e4dten und Gemeinden weht bereits am 8. Juli die Friedensfahne von den Rath\u00e4usern. Konfrontiert Eure B\u00fcrgermeister mit der Forderung, <b>am 8. Juli die Friedensfahne vom Rathaus wehen zu lassen<\/b>! Denn <b>mir kl\u00e4\u00e4ve am L\u00e4\u00e4ve!<\/b><\/p>\n<p>Und deshalb werden wir auch am <b>70. Jahrestag der Atombombenabw\u00fcrfe von Hiroshima und Nagasaki am 6. und 9. August 2015<\/b> an diese Forderungen erinnern.<\/p>\n<p>Und wir werden nicht l\u00e4nger zulassen, da\u00df mit unserem Geld Atomwaffengesch\u00e4fte der Deutschen Bank, der Commerzbank und der Allianz betrieben werden. <b>Don&#8217;t bank the bomb!<\/b> K\u00fcndigt Eure Konten bei Banken, die in Atombombengesch\u00e4fte verwickelt sind!<\/p>\n<p>Sp\u00e4testens seit den Katastrophen von Tschernobyl und Fukushima ist klar: Weder die zivile noch die milit\u00e4rische Nutzung der Atomkraft ist beherrschbar! Nirgends auf der Welt ist das Problem gel\u00f6st, wie die radioaktiv strahlenden Atomabf\u00e4lle so gelagert werden sollen, da\u00df \u00fcber 100 000 Jahe lang mit Sicherheit keine Radioaktivit\u00e4t in die Umgebung gelangt. Sowohl Atomwaffen als auch Atomkraftwerke sind unverantwortlich.<i> (Herr Bundespr\u00e4sident Gauck, sie reden doch so viel von Verantwortungs\u00fcbernahme. Wann halten Sie eine Rede zum Problem der Endlagerung des deutschen Atomm\u00fclls? Bei diesem Thema k\u00f6nnten Sie tats\u00e4chlich Verantwortungsbewu\u00dftsein zeigen. Anstatt uns einreden zu wollen, die Beteiligung der Bundeswehr an weltweiter Kriegsf\u00fchrung sei verantwortbare deutsche Politik.)<\/i><\/p>\n<p>Der Gipfel des Zynismus und der Menschenverachtung ist erreicht, wenn die US-Armee die Atomm\u00fcllentsorgung so betreibt, da\u00df sie in ihren Kriegseins\u00e4tzen abgereicherte <b>Uran-Geschosse<\/b> als Munition in die Gegend schie\u00dft und radioaktiv strahlende Staubwolken erzeugt, wie in Serbien und Irak geschehen. <i>(Die daf\u00fcr Verantwortlichen geh\u00f6ren vor das Internationale Kriegsverbrechertribunal in Den Haag! Frau Merkel, sagen Sie unseren amerkanischen Freunden, wie es in Deutschland ankommt, da\u00df die USA immer noch nicht den Internationalen Strafgerichtshof in Den Haag anerkennen!)<\/i><\/p>\n<p>Gestern hat der Ostermarsch an der <b>Urananreicherungsanlage URENCO in Gronau <\/b><i><b>(<\/b><\/i><i><b>in einem Zusammenschlu\u00df von Friedensbewegung und Anti-AKW-Bewegung<\/b><\/i><i><b>)<\/b><\/i> begonnen.<\/p>\n<p>Wir gr\u00fc\u00dfen hier alle diejenigen, die schon gestern in Gronau mit dabei waren mit einem begeisterten Applaus!<\/p>\n<p>In der URENCO wird Uran in Gaszentrifugen so angereichert, da\u00df es als Kernbrennstoff in AKWs verwendet werden kann. Dieselbe Technik k\u00f6nnte auch f\u00fcr die Herstellung von Atombomben verwendet werden. <b>Deshalb darf <\/b><b>URENCO<\/b><b> nicht an irgendwelche Investoren verkauft werden, sondern mu\u00df umgehend demontiert <\/b><b>und entsorgt <\/b><b>werden! <\/b><b>Nein zur Urananreicherung! Nein zu Atomkraftwerken! Nein zu Atombomben und Uranmunition! <\/b><b>Denn mir kl\u00e4\u00e4ve am L\u00e4\u00e4ve!<\/b><\/p>\n<p>Ich wende mich dagegen, den Atomausstieg als Vorwand zu benutzen, um bei der Energieversorgung weiterhin auf Braunkohle zu setzen. <i>(<\/i><i>Mit den Braunkohle-Kraftwerken haben wir hier in NRW die gr\u00f6\u00dften CO2-Schleudern Europas.<\/i><i>)<\/i> Der dadurch verursachte Klimawandel ist die Ursache k\u00fcnftiger menschenverursachter Umweltkatastrophen, die zu weiteren Fl\u00fcchtlingsstr\u00f6men und Kriegen f\u00fchren. <b>Frieden erfordert eine nachhaltige Wirtschaftsweise <\/b><b>und Politik<\/b><b>.<\/b> Deshalb sind Friedens- und Umweltbewegung nat\u00fcrliche Verb\u00fcndete, und wir werden auf verst\u00e4rkte Zusammenarbeit dr\u00e4ngen und uns an den Aktivit\u00e4ten der Umwelt- und Klimabewegung wie z. B. der <b>Menschenkette im Braunkohletagebaugebiet<\/b> beteiligen. Denn <b>mir kl\u00e4\u00e4ve am L\u00e4\u00e4ve!<\/b><\/p>\n<p>Wir sind besorgt \u00fcber das Spiel mit dem Feuer, das von der NATO und Ru\u00dfland im <b>ukrainischen B\u00fcrgerkrieg<\/b> gespielt wird.<\/p>\n<p>Wer versucht, Ru\u00dfland milit\u00e4risch einzukreisen und zu bedrohen und mit Wirtschaftssanktionen in die Knie zu zwingen, der wird erreichen, da\u00df sich die Russen um ihre F\u00fchrung zusammenschlie\u00dfen und in Ru\u00dfland Nationalismus und Militarismus angeheizt werden. Ru\u00dfland und China werden enger zursammenr\u00fccken.<\/p>\n<p>Das Letzte, was wir in diesen Zeiten gebrauchen k\u00f6nnen, ist ein neuer kalter Krieg und ein neues Wettr\u00fcsten. Das Geld wird an anderen Stellen gebraucht!<\/p>\n<p><b>Wir brauchen keine neue europ\u00e4ischen Kampfdrohnen!<\/b><\/p>\n<p><b>Abr\u00fcstung ist das Gebot der Stunde!<\/b><\/p>\n<p>Die Wirtschaftssanktionen bringen nichts au\u00dfer Arbeitsplatzverlusten in Europa und neuer Kriegsgefahr.<\/p>\n<p><i>(Wir kritisieren Verletzungen des V\u00f6lkerrechts durch Ru\u00dfland. Wer aber seinerzeit kein Problem damit hatte, das Kosovo von Serbien abzuspalten, dem gestehe ich heute nicht das Recht zu, in Bezug auf Ru\u00dfland und die Krim die Verletzung des V\u00f6lkerrechts anzuprangern. Und auch nicht denjenigen, die kein Problem mit der v\u00f6lkerrechtswidrigen NATO-Doktrin des Ersteinsatzes von Atomwaffen haben. Und erst recht nicht denjenigen, die kein Problem mit der extralegalen T\u00f6tung hunderter Menschen durch <b>Kampfdrohnen <\/b>haben, die mit Hilfe von in Deutschland (Ramstein) stationierten \u00dcbertragungsstationen gesteuert werden. <b>Herr Bundesstaatsanwalt Runge, wo bleiben Ihre Ermittlungen <\/b><b>in Bezug auf diese staatsterroristischen Morde<\/b><b>?<\/b><b>)<\/b><\/i><\/p>\n<p>Denen, die neue Angst vor Ru\u00dfland sch\u00fcren wollen, halte ich entgegen: Wenn Ru\u00dfland 80 Milliarden $, die NATO aber 800 Milliarden $ pro Jahr f\u00fcr R\u00fcstung ausgibt, wer mu\u00df dann vor wem Angst haben?<i> <\/i><\/p>\n<p><i>(Wer verantwortet die Toten und das Elend, die schon im Frieden durch diesen R\u00fcstungswahnsinn verursacht werden?)<\/i><\/p>\n<p>Es war die NATO, die sich seit 1989 Land f\u00fcr Land immer weiter an Ru\u00dflands Grenzen herangeschoben hat. Die <b>NATO<\/b> wurde sp\u00e4testens 1989 mit der Aufl\u00f6sung des Warschauer Vertrags \u00fcberfl\u00fcssig, und <b>wir haben keinen Grund, diesem zutiefst aggressiven Milit\u00e4rb\u00fcndnis weiter anzugeh\u00f6ren.<\/b><\/p>\n<p><b>Frieden in Europa ist nur mit und nicht gegen Ru\u00dfland m\u00f6glich.<\/b><\/p>\n<p><b>Wir fordern den Stopp der Wirtschaftssanktionen gegen Ru\u00dfland. <\/b><\/p>\n<p><b>Die L\u00f6sung liegt in Verhandlungen mit dem Ziel einer Wiederholung der Volksabstimmung auf der Krim unter internationaler Kontrolle nach dem Vorbild des Saarlandes. Wir fordern weitere Verhandlungen f\u00fcr eine f\u00f6derale L\u00f6sung mit Selbstverwaltungsrechten f\u00fcr die Ostukraine. <\/b><\/p>\n<p><b>10 Jahre verhandeln ist besser als einen Tag schie\u00dfen!<\/b><\/p>\n<p><b>Wir weigern uns, Feinde zu sein!<\/b><\/p>\n<p><b>Verweigert alle Kriegsdienste!<\/b><\/p>\n<p><b>Denn mir kl\u00e4\u00e4ve am L\u00e4\u00e4ve!<\/b><\/p>\n<p>Und zum Abschlu\u00df meiner Rede noch zwei Losungen f\u00fcr unseren Marsch:<\/p>\n<p><b>Hopp, hopp, hopp \u2013 Atomaffen Sopp!<\/b><\/p>\n<p><b>Deutschland, Ru\u00dfland, USA \u2013 kommen nur im Frieden klar!<\/b><\/p>\n<p><i>(In Klammern gesetzte Passagen wurden im m\u00fcndlichen Vortag gek\u00fcrzt)<\/i><\/p>\n","protected":false},"excerpt":{"rendered":"<p>Mir kl\u00e4\u00e4ve am L\u00e4\u00e4ve Rede zum Ostermarsch 2015 D\u00fcsseldorf, 4. 4. 15, Auftakt Harald Fuchs, DFG-VK Gruppe K\u00f6ln und K\u00f6lner Friedensforum Ich begr\u00fc\u00dfe Euch zum Ostermarsch Ruhr-Rheinland 2015 hier in D\u00fcsseldorf. Warum demonstrieren wir?&#46;&#46;&#46;<\/p>\n","protected":false},"author":110,"featured_media":0,"comment_status":"open","ping_status":"open","sticky":false,"template":"","format":"standard","meta":{"footnotes":""},"categories":[2],"tags":[33],"class_list":["post-8219","post","type-post","status-publish","format-standard","hentry","category-aktionen","tag-atomwaffen"],"_links":{"self":[{"href":"https:\/\/www.friedenkoeln.de\/index.php?rest_route=\/wp\/v2\/posts\/8219","targetHints":{"allow":["GET"]}}],"collection":[{"href":"https:\/\/www.friedenkoeln.de\/index.php?rest_route=\/wp\/v2\/posts"}],"about":[{"href":"https:\/\/www.friedenkoeln.de\/index.php?rest_route=\/wp\/v2\/types\/post"}],"author":[{"embeddable":true,"href":"https:\/\/www.friedenkoeln.de\/index.php?rest_route=\/wp\/v2\/users\/110"}],"replies":[{"embeddable":true,"href":"https:\/\/www.friedenkoeln.de\/index.php?rest_route=%2Fwp%2Fv2%2Fcomments&post=8219"}],"version-history":[{"count":4,"href":"https:\/\/www.friedenkoeln.de\/index.php?rest_route=\/wp\/v2\/posts\/8219\/revisions"}],"predecessor-version":[{"id":8239,"href":"https:\/\/www.friedenkoeln.de\/index.php?rest_route=\/wp\/v2\/posts\/8219\/revisions\/8239"}],"wp:attachment":[{"href":"https:\/\/www.friedenkoeln.de\/index.php?rest_route=%2Fwp%2Fv2%2Fmedia&parent=8219"}],"wp:term":[{"taxonomy":"category","embeddable":true,"href":"https:\/\/www.friedenkoeln.de\/index.php?rest_route=%2Fwp%2Fv2%2Fcategories&post=8219"},{"taxonomy":"post_tag","embeddable":true,"href":"https:\/\/www.friedenkoeln.de\/index.php?rest_route=%2Fwp%2Fv2%2Ftags&post=8219"}],"curies":[{"name":"wp","href":"https:\/\/api.w.org\/{rel}","templated":true}]}}