{"id":8221,"date":"2015-04-04T19:13:15","date_gmt":"2015-04-04T17:13:15","guid":{"rendered":"http:\/\/www.friedenkoeln.de\/?p=8221"},"modified":"2015-04-05T21:59:43","modified_gmt":"2015-04-05T19:59:43","slug":"der-tod-ist-ein-meister-aus-duesseldorf-und-aus-berlin","status":"publish","type":"post","link":"https:\/\/www.friedenkoeln.de\/?p=8221","title":{"rendered":"Der Tod ist ein Meister aus D\u00fcsseldorf &#8211; und aus Berlin"},"content":{"rendered":"<p align=\"center\"><span style=\"font-family: Courier New,serif;\"><span style=\"font-size: small;\"><span style=\"font-family: Arial,serif;\"><span style=\"font-size: large;\"><b>R\u00fcstungsexporte stoppen!<\/b><\/span><\/span><\/span><\/span><\/p>\n<p align=\"center\"><span style=\"font-family: Courier New,serif;\"><span style=\"font-size: small;\"><span style=\"font-family: Arial,serif;\"><span style=\"font-size: large;\"><b>R\u00fcstungsindustrie auf Zivilproduktion umstellen!<\/b><\/span><\/span><\/span><\/span><\/p>\n<p style=\"text-align: left;\" align=\"center\"><span style=\"font-family: Courier New,serif;\"><span style=\"font-size: small;\"><span style=\"font-family: Arial,serif;\"><span style=\"font-size: medium;\"><b>Rede von J\u00fcrgen Gr\u00e4sslin beim Ostermarsch Rhein-Ruhr<\/b><\/span><\/span><\/span><\/span><\/p>\n<p style=\"text-align: left;\" align=\"center\"><span style=\"font-family: Courier New,serif;\"><span style=\"font-size: small;\"><span style=\"font-family: Arial,serif;\"><span style=\"font-size: medium;\"><b>am 4. April 2015 auf dem Marktplatz in D\u00fcsseldorf<\/b><\/span><\/span><\/span><\/span><\/p>\n<p class=\"western\"><span style=\"font-family: Arial,serif;\">Sehr geehrte Damen und Herren,<\/span><\/p>\n<p class=\"western\"><span style=\"font-family: Arial,serif;\">liebe Friedensfreundinnen und Friedensfreunde, <\/span><\/p>\n<p class=\"western\" align=\"justify\"><span style=\"font-family: Arial,serif;\">aktuell hat das Stockholm International Peace Research Institute (SIPRI) die Bilanz des weltweiten Waffenhandels publiziert. Im F\u00fcnf-Jahres-Vergleich von 2010 bis 2014 rangiert Deutschland \u2013 nach den USA, Russland sowie China und noch vor Frankreich und Gro\u00dfbritannien \u2013 auf Platz 4 der gr\u00f6\u00dften R\u00fcstungsexportnationen. Deutschland verantwortet f\u00fcnf Prozent der R\u00fcstungsexporte in alle Welt und ist damit Europameister im Waffenhandel.[#1]<\/span><\/p>\n<p class=\"western\" align=\"justify\"><span style=\"font-family: Arial,serif;\">Die f\u00fchrenden r\u00fcstungsproduzierenden und -exportierenden Konzerne Deutschlands sind in den \u00bbSIPRI Top 100\u00ab f\u00fcr das Jahr 2013 wie folgt benannt: Auf Platz 7 im SIPRI-Ranking findet sich der deutsch-franz\u00f6sische R\u00fcstungsriese Airbus (vormals EADS) mit Sitz in Amsterdam aufgrund von Waffenverk\u00e4ufen im Wert von 15.740.000.000 US-Dollar. <\/span><\/p>\n<p class=\"western\" align=\"justify\"><span style=\"font-family: Arial,serif;\">In der Liste der weltweit f\u00fchrenden R\u00fcstungskonzerne folgen die Top 4 mit Stammsitz in Deutschland:<\/span><\/p>\n<p class=\"western\" align=\"justify\"><span style=\"font-family: Arial,serif;\">Auf Rang<\/span><\/p>\n<p class=\"western\" align=\"justify\"><span style=\"font-family: Arial,serif;\"><b>32 Rheinmetall mit Waffenverk\u00e4ufen im Wert von 2.860.000.000 US-Dollar<\/b><\/span><\/p>\n<p class=\"western\" align=\"justify\"><span style=\"font-family: Arial,serif;\">57 ThyssenKrupp mit Waffenverk\u00e4ufen im Wert von 1.770.000.000 US-Dollar<\/span><\/p>\n<p class=\"western\" align=\"justify\"><span style=\"font-family: Arial,serif;\">61 Diehl-Gruppe mit Waffenverk\u00e4ufen im Wert von 1.230.000.000 US-Dollar<\/span><\/p>\n<p class=\"western\" align=\"justify\"><span style=\"font-family: Arial,serif;\">72 Krauss-Maffei Wegmann mit Waffenverk\u00e4ufen im Wert von 1.010.000.000 US-Dollar.[#2]<\/span><\/p>\n<p class=\"western\" align=\"justify\"><span style=\"font-family: Arial,serif;\">Der Ostermarsch Rhein-Ruhr trifft sich heute also nicht in einer beliebigen Stadt Deutschlands, sondern am Stammsitz des gr\u00f6\u00dften deutschen R\u00fcstungskonzerns: der Rheinmetall AG mit ihrer R\u00fcstungssparte Rheinmetall Defence.<\/span><\/p>\n<p class=\"western\" align=\"justify\"><span style=\"font-family: Arial,serif;\">Umso wichtiger ist, dass ihr heute gekommen seid und laut sagt: <\/span><\/p>\n<p class=\"western\" align=\"justify\">\uf0e8 <span style=\"font-family: Arial,serif;\">F\u00fcr D\u00fcsseldorf ist der R\u00fcstungsriese Rheinmetall kein Vorzeigekonzern, sondern schlichtweg eine Schande!<\/span><\/p>\n<p class=\"western\" align=\"justify\"><span style=\"font-family: Arial,serif;\"><span style=\"font-size: large;\"><b>BSR-Entscheidungen \u2013 nicht alles, was legal ist, ist auch legitim<\/b><\/span><\/span><\/p>\n<p class=\"western\" align=\"justify\"><span style=\"font-family: Arial,serif;\">Rheinmetall Defence ist \u2013 nach zahlreichen Umstrukturierungen \u2013 in die Gesch\u00e4ftsbereiche Divisions Combat Systems, Electronic Solutions und Wheeled Vehicles unterteilt. Die Produktpalette umfasst sowohl non-letale als auch aus letale, also t\u00f6dliche Waffen. Als Global Player verkauft Rheinmetall Defence weltweit Milit\u00e4rfahrzeuge, Munition und Kriegswaffen bzw. deren Bestandteile. Zu ihnen z\u00e4hlt u.a. die Glattrohrkanone f\u00fcr den Kampfpanzer Leopard 2 von Krauss-Maffei Wegmann.<\/span><\/p>\n<p class=\"western\" align=\"justify\"><span style=\"font-family: Arial,serif;\">Dank der Initiative der Bundestagsabgeordneten Jan van Aken, Christine Buchholz, Annette Groth, Kathrin Vogler u.a. von der Fraktion Die Linke wissen wir, welche problematischen R\u00fcstungsexporte Rheinmetall au\u00dferhalb der Nato und der EU mit Zustimmung der jeweiligen Bundesregierung get\u00e4tigt hat:<\/span><\/p>\n<p class=\"western\" align=\"justify\"><span style=\"font-family: Arial,serif;\">Der Bundessicherheitsrat (BSR) entscheidet unter F\u00fchrung des Kanzlers bzw. der Kanzlerin und ihres jeweiligen Stellvertreters mit sieben weiteren Ministern immer dann, wenn es um besonders brisante Waffentransfers geht. Ich nenne im Folgenden selektiv diejenigen R\u00fcstungsexporte von Rheinmetall, die vom BSR bzw. vom vorbereitenden Ausschuss seit 2003 genehmigt wurden:<\/span><\/p>\n<ol>\n<li>\n<p align=\"justify\"><span style=\"font-family: Arial,serif;\">Export der \u00bbTeile f\u00fcr M\u00f6rser\u00ab der Rheinmetall Landsysteme GmbH an <\/span><span style=\"font-family: Arial,serif;\"><b>\u00c4gypten<\/b><\/span><span style=\"font-family: Arial,serif;\"> im Gesamtvolumen von 2,3 Millionen Euro im Juli 2003;<\/span><\/p>\n<\/li>\n<li>\n<p align=\"justify\"><span style=\"font-family: Arial,serif;\">Export von einem \u00bbSch\u00fctzenpanzerturm mit Bewaffnung\u00ab der Rheinmetall Landsysteme GmbH an <\/span><span style=\"font-family: Arial,serif;\"><b>\u00c4gypten<\/b><\/span><span style=\"font-family: Arial,serif;\"> im Gesamtvolumen (ohne Angabe des Finanzvolumens) im Oktober 2003;<\/span><\/p>\n<\/li>\n<li>\n<p align=\"justify\"><span style=\"font-family: Arial,serif;\">Export von \u00bb2.438 St. Teile f\u00fcr Kanonenmunition und 19.748 kg Teile f\u00fcr Kanonenmunition\u00ab der Rheinmetall Waffe &amp; Munition GmbH an <\/span><span style=\"font-family: Arial,serif;\"><b>Saudi-Arabien<\/b><\/span><span style=\"font-family: Arial,serif;\"> (ohne Angabe des Finanzvolumens) im Januar 2004;<\/span><\/p>\n<\/li>\n<li>\n<p align=\"justify\"><span style=\"font-family: Arial,serif;\">Export der \u00bbTeile f\u00fcr Radpanzer\u00ab der Rheinmetall Landsysteme GmbH an <\/span><span style=\"font-family: Arial,serif;\"><b>\u00c4gypten <\/b><\/span><span style=\"font-family: Arial,serif;\">im Gesamtvolumen von 2,7 Millionen Euro im April 2004;<\/span><\/p>\n<\/li>\n<li>\n<p align=\"justify\"><span style=\"font-family: Arial,serif;\">Export von \u00bb1 St. Transportpanzer zur Erprobung\u00ab der Rheinmetall Landsysteme GmbH an <\/span><span style=\"font-family: Arial,serif;\"><b>Kroatien<\/b><\/span><span style=\"font-family: Arial,serif;\"> (ohne Angabe des Finanzvolumens) im November 2004;<\/span><\/p>\n<\/li>\n<li>\n<p align=\"justify\"><span style=\"font-family: Arial,serif;\">Export von \u00bb1 St. Transportpanzer\u00ab der Rheinmetall Landsysteme GmbH an <\/span><span style=\"font-family: Arial,serif;\"><b>Algerien<\/b><\/span><span style=\"font-family: Arial,serif;\"> (ohne Angabe des Finanzvolumens) im April 2008;<\/span><\/p>\n<\/li>\n<li>\n<p align=\"justify\"><span style=\"font-family: Arial,serif;\">Export der \u00bbTechnologie f\u00fcr Maschinenkanone\u00ab der Rheinmetall Waffe Munition GmbH an <\/span><span style=\"font-family: Arial,serif;\"><b>Libyen<\/b><\/span> <span style=\"font-family: Arial,serif;\"><i>[im Gesamtvolumen von \u00bb200\u00ab Euro &#8211; Anm. JG: genannte Summe fraglich]<\/i><\/span><span style=\"font-family: Arial,serif;\"> im Juni 2008;<\/span><\/p>\n<\/li>\n<li>\n<p align=\"justify\"><span style=\"font-family: Arial,serif;\">den Export von \u00bb200.000 St. Handgranaten, 200.000 St. Munition f\u00fcr Granatmaschinenwaffen, 200.000 St. Teile f\u00fcr Munition f\u00fcr Granatmaschinenwaffen, 200.000 St. Munition f\u00fcr Pistolen, 200.000 St. Teile f\u00fcr Munition f\u00fcr Pistolen\u00ab der Rheinmetall GmbH an <\/span><span style=\"font-family: Arial,serif;\"><b>Saudi-Arabien<\/b><\/span><span style=\"font-family: Arial,serif;\"> (ohne Angabe des Finanzvolumens) im Februar 2007;<\/span><\/p>\n<\/li>\n<li>\n<p align=\"justify\"><span style=\"font-family: Arial,serif;\">Export von \u00bbMunition\u00ab von Rheinmetall Waffe Munition an <\/span><span style=\"font-family: Arial,serif;\"><b>Saudi-Arabien<\/b><\/span><span style=\"font-family: Arial,serif;\"> im Gesamtvolumen von 250.000 Euro im Juni 2007;<\/span><\/p>\n<\/li>\n<li>\n<p align=\"justify\"><span style=\"font-family: Arial,serif;\">Export der \u00bbTechnologie f\u00fcr Radpanzer\u00ab der Rheinmetall Radfahrzeuge GmbH an <\/span><span style=\"font-family: Arial,serif;\"><b>Indien<\/b><\/span><span style=\"font-family: Arial,serif;\"> im Gesamtvolumen von 50.000 Euro im November 2010;<\/span><\/p>\n<\/li>\n<li>\n<p align=\"justify\"><span style=\"font-family: Arial,serif;\">Export der \u00bbTeile f\u00fcr Radpanzer\u00ab von Rheinmetall MAN Military Vehicles GmbH an <\/span><span style=\"font-family: Arial,serif;\"><b>\u00c4gypten<\/b><\/span><span style=\"font-family: Arial,serif;\"> im Gesamtvolumen von 48.738 Euro im Mai 2011;<\/span><\/p>\n<\/li>\n<li>\n<p align=\"justify\"><span style=\"font-family: Arial,serif;\">Export zahlreicher \u00bbLKW\u00ab, als milit\u00e4rischer Lastkraftwagen, der Rheinmetall MAN Military Vehicles GmbH an die <\/span><span style=\"font-family: Arial,serif;\"><b>Vereinigten Arabischen Emirate<\/b><\/span><span style=\"font-family: Arial,serif;\"> im Gesamtvolumen von 1,2 Millionen Euro im Mai 2011;<\/span><\/p>\n<\/li>\n<li>\n<p align=\"justify\"><span style=\"font-family: Arial,serif;\">Export von \u00bbTeile f\u00fcr Radfahrzeug\u00ab der Rheinmetall Defence Electronics GmbH an <\/span><span style=\"font-family: Arial,serif;\"><b>\u00c4gypten<\/b><\/span><span style=\"font-family: Arial,serif;\"> im Gesamtvolumen von 24.900 Euro im Oktober 2012;<\/span><\/p>\n<\/li>\n<li>\n<p align=\"justify\"><span style=\"font-family: Arial,serif;\">Export der \u00bbErsatzteile f\u00fcr Bewaffnung\u00ab zur Probe ausgelieferten Radpanzers BOXER der Rheinmetall MAN Military Vehicles GmbH an <\/span><span style=\"font-family: Arial,serif;\"><b>Kuwait<\/b><\/span><span style=\"font-family: Arial,serif;\"> (vor\u00fcbergehende Ausfuhr zu Erprobungszecken \/ ohne Angabe des Finanzvolumens) im Oktober 2014;<\/span><\/p>\n<\/li>\n<li>\n<p align=\"justify\"><span style=\"font-family: Arial,serif;\">Export diverser \u00bbPrototypenmuster f\u00fcr Elektro-optisches Aufkl\u00e4rungs- und Beobachtungssystem\u00ab der Rheinmetall Defence Electronics GmbH an <\/span><span style=\"font-family: Arial,serif;\"><b>Saudi-Arabien<\/b><\/span><span style=\"font-family: Arial,serif;\"> im Gesamtvolumen von 16.806.900 Euro im Oktober 2014 sowie der<\/span><\/p>\n<\/li>\n<li>\n<p align=\"justify\"><span style=\"font-family: Arial,serif;\">Export der \u00bbMunition f\u00fcr Granatwaffen Kal. 40mm\u00ab der Rheinmetall Waffe Munition GmbH an die <\/span><span style=\"font-family: Arial,serif;\"><b>Vereinigten Arabischen Emirate<\/b><\/span><span style=\"font-family: Arial,serif;\"> (ohne Angabe des Finanzvolumens) im Oktober 2014.[#3] <\/span><\/p>\n<\/li>\n<\/ol>\n<p class=\"western\" align=\"justify\"><span style=\"font-family: Arial,serif;\">Allein diese \u00dcbersicht offenbart einen vielsagenden Einblick in die Jahre w\u00e4hrende hemmungslose R\u00fcstungsexportpraxis der Rheinmetall AG. Nein, mit diesen Exporten von Kriegswaffen und R\u00fcstungsg\u00fctern (z.B. Milit\u00e4rfahrzeugen) hat sich das Rheinmetall-Management keiner rechtlichen Verfehlungen schuldig gemacht \u2013 wohlgemerkt aber moralisch und ethisch schwerste Schuld auf sich geladen.<\/span><\/p>\n<p class=\"western\" align=\"justify\"><span style=\"font-family: Arial,serif;\">Vollmundig verk\u00fcndet der amtierende Vorstandsvorsitzende Armin Papperger bez\u00fcglich der <\/span><span style=\"font-family: Arial,serif;\">Corporate Social Responsibility: <\/span><span style=\"font-family: Arial,serif;\">\u00bbEhrlichkeit, Rechtschaffenheit, Offenheit und Transparenz \u2013 nach diesen Prinzipien steuern wir Rheinmetall.\u00ab Und weiter behauptet Papperger: \u00bbAber wir wollen nur solche Gesch\u00e4fte machen, die [\u2026] sich mit den Regeln der guten Unternehmensf\u00fchrung und Compliance vertragen.\u00ab [#4]<\/span><\/p>\n<p class=\"western\" align=\"justify\">\uf0e8 <span style=\"font-family: Arial,serif;\">Herr Papperger: Nicht alles, was legal ist, ist auch legitim. Wir verurteilen Waffenexporte \u2013 gerade an menschenrechtsverletzende Staaten \u2013 als unmoralisch und unethisch!<\/span><\/p>\n<p class=\"western\" align=\"justify\">\uf0e8 <span style=\"font-family: Arial,serif;\">Herr Papperger, wir fordern Sie und den gesamten Rheinmetall-Defence-Vorstand auf: Halten Sie endlich die eigenen Regeln der guten Unternehmensf\u00fchrung und der Compliance ein! <\/span><\/p>\n<p class=\"western\" align=\"justify\"><span style=\"font-family: Arial,serif;\"><span style=\"font-size: large;\"><b>Der Tod ist ein Meister aus D\u00fcsseldorf \u2013 und aus Berlin<\/b><\/span><\/span><\/p>\n<p class=\"western\" align=\"justify\"><span style=\"font-family: Arial,serif;\">Die Waffen-, Fahrzeug- und Munitionslieferungen von Rheinmetall zeitigen dramatische Folgen, wie \u2013 pars pro toto \u2013 die Beispiele \u00c4gypten, Saudi-Arabien und Algerien belegen: <\/span><\/p>\n<p class=\"western\" align=\"justify\"><span style=\"font-family: Arial,serif;\">In den Lieferjahren regierte in <\/span><span style=\"font-family: Arial,serif;\"><b>\u00c4gypten<\/b><\/span><span style=\"font-family: Arial,serif;\"> der Diktator Muhammad Husni Mubarak. Bei der Niederschlagung des Arabischen Fr\u00fchlings der Demokratiebewegung durch den gewaltsamen Einsatz von Waffen und Milit\u00e4rfahrzeugen (2010 und 2011) kamen seitens \u00e4gyptischer Sicherheitskr\u00e4fte nachweislich auch Radpanzer des Typs \u00bbFahd\u00ab zum Einsatz. <\/span><\/p>\n<p class=\"western\" align=\"justify\"><span style=\"font-family: Arial,serif;\">Etwa 850 Demonstranten wurden von \u00e4gyptischen Sicherheitskr\u00e4ften bei den gewaltsamen Milit\u00e4r- und Polizeieins\u00e4tzen get\u00f6tet. <\/span><\/p>\n<p class=\"western\" align=\"justify\"><span style=\"font-family: Arial,serif;\">Entwickler des Fahd war Thyssen Henschel, der sp\u00e4tere Gesch\u00e4ftsbereich Rheinmetall Landsysteme.[#5] Mit den Lieferungen der \u00bbTeile f\u00fcr M\u00f6rser\u00ab, des \u00bbSch\u00fctzenpanzerturms mit Bewaffnung\u00ab und der \u00bbTeile f\u00fcr Radpanzer\u00ab hat Rheinmetall das diktatorische Regime Mubaraks massiv unterst\u00fctzt.<\/span><\/p>\n<p class=\"western\" align=\"justify\"><span style=\"font-family: Arial,serif;\">In <\/span><span style=\"font-family: Arial,serif;\"><b>Saudi-Arabien<\/b><\/span><span style=\"font-family: Arial,serif;\"> wurden und werden Menschenrechte massiv verletzt, werden konvertierte Christinnen und Christen aber auch politische Oppositionelle \u00f6ffentlich exekutiert, bedrohen und \u00fcberfallen die Streitkr\u00e4fte v\u00f6lkerrechtswidrig Nachbarl\u00e4nder \u2013 zurzeit erfolgt eine Milit\u00e4rintervention der saudi-arabischen Armee im Jemen.<\/span><\/p>\n<p class=\"western\" align=\"justify\"><span style=\"font-family: Arial,serif;\">Dessen ungeachtet belieferte Rheinmetall seit Jahren \u2013 und aktuell erneut seit Oktober 2014 \u2013 das wahhabitische Herrscherhaus in Riad, u.a. mit Hunderttausenden von Handgranaten, Munition f\u00fcr Granatmaschinenwaffen und f\u00fcr Pistolen sowie weiteren Waffensystemen.<\/span><\/p>\n<p class=\"western\" align=\"justify\"><span style=\"font-family: Arial,serif;\">Seit Jahren bem\u00e4ngelt Amnesty International schwere Menschenrechtsverletzungen, u.a. die Unterdr\u00fcckung des Arabischen Fr\u00fchlings und die Verfolgung von Gewerkschaftern durch das <\/span><span style=\"font-family: Arial,serif;\"><b>algerische Regime<\/b><\/span><span style=\"font-family: Arial,serif;\"> unter F\u00fchrung des Staatsoberhauptes Abdelaziz Bouteflika. <\/span><\/p>\n<p class=\"western\" align=\"justify\"><span style=\"font-family: Arial,serif;\">Auch das Ausw\u00e4rtige Amt (AA) kritisiert aktuell die Menschenrechtslage in Algerien: Demnach bestehen Menschenrechtsverletzungen im Land weiterhin fort. W\u00f6rtlich schreibt das AA: \u00bbNichtregierungsorganisationen kritisieren insbesondere Einschr\u00e4nkungen bei der Meinungs-, Versammlungs- und Vereinigungsfreiheit.\u00ab Auch die Aufkl\u00e4rung des Schicksals der in fr\u00fcheren Jahren verschwundenen Personen bleibe ein Thema.[#6]<\/span><\/p>\n<p class=\"western\" align=\"justify\"><span style=\"font-family: Arial,serif;\">Ungeachtet der desastr\u00f6sen Menschenrechts- und auch Sicherheitslage in Algerien lieferte Rheinmetall 2008 einen ersten Transportpanzer an die Milit\u00e4rs von Bouteflika. Entgegen aller Versprechungen einer menschenrechtsorientierten R\u00fcstungsexportpolitik genehmigte Bundeswirtschaftsminister Sigmar Gabriel, SPD, im Sommer 2014 den Export einer ganzen Panzerfabrik f\u00fcr Fuchs-Transportpanzer von Rheinmetall an Algerien.<\/span><\/p>\n<p class=\"western\" align=\"justify\"><span style=\"font-family: Arial,serif;\">An dieser Stelle sei ausdr\u00fccklich darauf verwiesen, dass Rheinmetall-Waffen und -Fahrzeuge bzw. deren Bestandteile sowie Munition mit Genehmigung der wechselnden Bundesregierungen zu Menschenrechtsverletzungen sowie in Kriegen und B\u00fcrgerkriegen eingesetzt werden. <\/span><\/p>\n<p class=\"western\" align=\"justify\"><span style=\"font-family: Arial,serif;\">In einer unausgesprochenen Allparteienkoalition haben die Kanzler, Vizekanzler bzw. Minister von CDU\/CSU, SPD, FDP und von B\u00fcndnis 90\/DIE GR\u00dcNEN im Bundessicherheitsrat Kriegswaffenexporte an Kriegstreiber, Menschenrechtsbrecher und Diktatoren genehmigt.<\/span><\/p>\n<p class=\"western\" align=\"justify\"><span style=\"font-family: Arial,serif;\">Der Tod ist also nicht nur ein Meister aus D\u00fcsseldorf. Der Tod ist auch ein Meister aus Berlin! Denn nur dank der Zustimmung von Kanzlern und Bundesministern konnten und k\u00f6nnen Kriegswaffen und R\u00fcstungsg\u00fcter von Rheinmetall-Waffen in Kriegen und B\u00fcrgerkriegen eingesetzt werden.<\/span><\/p>\n<p class=\"western\" align=\"justify\">\uf0e8 <span style=\"font-family: Arial,serif;\">Wir fordern von Bundeswirtschaftsminister Sigmar Gabriel: Halten Sie Ihr zur Bundestagswahl 2013 unmissverst\u00e4ndlich formuliertes Versprechen und stoppen Sie endlich die menschenverachtende Genehmigungspolitik beim Waffenhandel!<\/span><\/p>\n<p class=\"western\" align=\"justify\">\uf0e8 <span style=\"font-family: Arial,serif;\">Und wir fordern von Bundeskanzlerin Angela Merkel und ihren Ministern im Bundessicherheitsrat: Verbieten Sie alle R\u00fcstungsexporte an menschenrechtsverletzende und kriegf\u00fchrende Staaten!<\/span><\/p>\n<p class=\"western\" align=\"justify\"><span style=\"font-family: Arial,serif;\"><span style=\"font-size: large;\"><b>Opfer und T\u00e4ter der Rheinmetall-R\u00fcstungsexporte<\/b><\/span><\/span><\/p>\n<p class=\"western\" align=\"justify\"><span style=\"font-family: Arial,serif;\">Als Buchautor bereise ich seit vielen Jahren in Kriegs- und Kriegsgebiete. Vor Ort recherchiere \u00fcber den Einsatz deutscher Kriegswaffen und spreche mit \u00dcberlebenden. Bei meinen R\u00fcstungsrecherchen treffe ich Opfer der skrupellosen R\u00fcstungsexportpolitik deutscher Waffenexporteure. Dabei begegne ich traumatisierten Menschen, die mich an die Gr\u00e4ber ihrer Kinder, ihrer Eltern oder Gro\u00dfeltern f\u00fchren. Ich treffe verkr\u00fcppelte Menschen ohne Arme oder Beine und Menschen mit Munitionsresten in den eitrigen Wunden der K\u00f6rper oder K\u00f6pfe.<\/span><\/p>\n<p class=\"western\" align=\"justify\"><span style=\"font-family: Arial,serif;\">In B\u00fcchern \u2013 wie \u00bb<\/span><span style=\"font-family: Arial,serif;\"><i>Versteck dich, wenn sie schie\u00dfen<\/i><\/span><span style=\"font-family: Arial,serif;\">\u00ab \u2013 gebe ich Opfern deutscher Waffenexporte eine Stimme. Im \u00bb<\/span><span style=\"font-family: Arial,serif;\"><i>Schwarzbuch Waffenhandel. Wie Deutschland am Krieg verdient<\/i><\/span><span style=\"font-family: Arial,serif;\">\u00ab habe ich in den T\u00e4tern in \u00bbT\u00e4terprofilen\u00ab f\u00fchrender Politiker und R\u00fcstungsmanager Name und Gesicht gegeben. <\/span><\/p>\n<p class=\"western\" align=\"justify\"><span style=\"font-family: Arial,serif;\">Angesicht der Opferzahlen sind die sogenannten \u00bbKleinwaffen\u00ab die t\u00f6dlichsten aller Waffen. Allein mit Pistolen, Maschinenpistolen. Sturmgewehren, Maschinengewehren und Scharfsch\u00fctzengewehren der Oberndorfer Waffenschmiede Heckler &amp; Koch sind bis zum heutigen Tag mehr als zwei Millionen Menschen erschossen worden. Weitaus mehr werden zeitlebens verst\u00fcmmelt und traumatisiert.<\/span><\/p>\n<p class=\"western\" align=\"justify\"><span style=\"font-family: Arial,serif;\">Ich wei\u00df nicht, wie viele Menschen ihr Leben durch den Einsatz von Rheinmetall-Waffen bisher ums Leben gekommen sind. Sind es Zehntausende, Hunderttausende oder noch mehr Menschen? <\/span><\/p>\n<p class=\"western\" align=\"justify\"><span style=\"font-family: Arial,serif;\">Klar dagegen ist, wer die Verantwortung tr\u00e4gt f\u00fcr die Rheinmetall-Waffentransfers: Bis zum 31. Dezember 2011 verantwortete der Vorstandsvorsitzende Klaus Eberhardt die R\u00fcstungsexportgesch\u00e4fte von Rheinmetall. Seither regelt sein Nachfolger Armin Papperger als Chef der R\u00fcstungssparte und amtierender Vorstandsvorsitzender den Waffenhandel des D\u00fcsseldorfer R\u00fcstungsriesen \u2013 u.a. mit \u00c4gypten, Kuwait, Saudi-Arabien, den Vereinigten Arabischen Emiraten und aktuell auch mit Algerien.[#7]<\/span><\/p>\n<p class=\"western\" align=\"justify\"><span style=\"font-family: Arial,serif;\">Beide R\u00fcstungsmanager sind T\u00e4ter. Sie tragen damit Mitschuld am Export und somit auch am m\u00f6rderischen Einsatz von Rheinmetall-Waffen in Krisen- und Kriegsgebieten.<\/span><\/p>\n<p class=\"western\" align=\"justify\"><span style=\"font-family: Arial,serif;\">Herr Papperger, unter Ihrer F\u00fchrung ist der Tod ein Meister von Rheinmetall! Nachdr\u00fccklich haben Sie bewiesen, dass Sie der falsche Manager sind, um die notwendige Umstellung der Rheinmetall AG auf rein zivile Fertigung zu vollziehen. <\/span><\/p>\n<p class=\"western\" align=\"justify\">\uf0e8 <span style=\"font-family: Arial,serif;\">Deshalb kann unsere Forderung nur lauten: Herr Papperger, treten Sie aufgrund Ihrer Mitverantwortung f\u00fcr das weltweite Morden mit Rheinmetall-Waffen von allen Ihren \u00c4mtern im Unternehmen zur\u00fcck! <\/span><\/p>\n<p align=\"justify\"><span style=\"font-family: Courier New,serif;\"><span style=\"font-size: small;\"><span style=\"font-family: Arial,serif;\"><span style=\"font-size: large;\"><b>Thyssen Krupp (TKMS) \u2013 U-Boote f\u00fcr den Atomwaffenstaat Israel<\/b><\/span><\/span><\/span><\/span><\/p>\n<p align=\"justify\"><span style=\"font-family: Courier New,serif;\"><span style=\"font-size: small;\"><span style=\"font-family: Arial,serif;\"><span style=\"font-size: medium;\">Liebe Friedensfreundinnen und Friedensfreunde, am morgigen Ostersonntag treffen sich Ostermarschierer auch in Essen. Auch dort hat ein weiterer f\u00fchrender deutscher R\u00fcstungsexporteur seinen Sitz: die ThyssenKrupp AG. <\/span><\/span><\/span><\/span><\/p>\n<p align=\"justify\"><span style=\"font-family: Courier New,serif;\"><span style=\"font-size: small;\"><span style=\"font-family: Arial,serif;\"><span style=\"font-size: medium;\">Die Historie des Essener Stahl- und Waffenkonzerns ist eine der skandal\u00f6sesten weltweit. Nicht anders als bei Rheinmetall z\u00e4hlt bei ThyssenKrupp einzig und allein der Profit durch Waffenhandel \u2013 selbst an verfeindete Staaten, was im Krupp-Konzern eine Tradition bis in die beiden vorigen Jahrhunderte hat. <\/span><\/span><\/span><\/span><\/p>\n<p align=\"justify\"><span style=\"font-family: Courier New,serif;\"><span style=\"font-size: small;\"><span style=\"font-family: Arial,serif;\"><span style=\"font-size: medium;\">In den vergangenen Jahren belieferte ThyssenKrupp Marine Systems (TKMS, fr\u00fcher HDW) Israel mit mehreren U-Booten, auf denen die israelische Marine Atomwaffen stationiert hat. Aktuell wird das verfeindete \u00c4gypten mit U-Booten von TKMS hochger\u00fcstet.[#]<\/span><\/span><\/span><\/span><\/p>\n<p align=\"justify\"><span style=\"font-family: Courier New,serif;\"><span style=\"font-size: small;\"><span style=\"font-family: Arial,serif;\"><span style=\"font-size: medium;\"><b>Erfolge der Kampagne <\/b><\/span><\/span><\/span><\/span><\/p>\n<p align=\"justify\"><span style=\"font-family: Courier New,serif;\"><span style=\"font-size: small;\"><span style=\"font-family: Arial,serif;\"><span style=\"font-size: medium;\"><b>\u00bbAktion Aufschrei \u2013 Stoppt den Waffenhandel!\u00ab<\/b><\/span><\/span><\/span><\/span><\/p>\n<p align=\"justify\"><span style=\"font-family: Courier New,serif;\"><span style=\"font-size: small;\"><span style=\"font-family: Arial,serif;\"><span style=\"font-size: medium;\">Im Wissen um die menschenverachtende R\u00fcstungsexportpraxis der deutschen R\u00fcstungsindustrie und um die hemmungslose Genehmigungspolitik der Bundesregierung haben wir im Jahr 2011 die Kampagne \u00bbAktion Aufschrei \u2013 Stoppt den Waffenhandel!\u00ab gegr\u00fcndet. Heute sind wir mit 16 Tr\u00e4gerorganisationen und weit mehr als hundert Mitgliedsorganisationen im Aktionsb\u00fcndnis und in den Netzwerken das breiteste B\u00fcndnis gegen Waffenhandel, das es je in Deutschland gegeben hat.<\/span><\/span><\/span><\/span><\/p>\n<p align=\"justify\"><span style=\"font-family: Courier New,serif;\"><span style=\"font-size: small;\"><span style=\"font-family: Arial,serif;\"><span style=\"font-size: medium;\">Wir streben in Artikel 26 (2) eine Grundgesetzerg\u00e4nzung an, wonach Kriegswaffen und sonstige R\u00fcstungsg\u00fcter grunds\u00e4tzlich nicht exportiert werden d\u00fcrfen.<\/span><\/span><\/span><\/span><\/p>\n<p align=\"justify\"><span style=\"font-family: Courier New,serif;\"><span style=\"font-size: small;\"><span style=\"font-family: Arial,serif;\"><span style=\"font-size: medium;\">Schritte auf dem Weg zu diesem Ziel sind aus unserer Sicht die Umsetzung folgender Forderungen:<\/span><\/span><\/span><\/span><\/p>\n<p align=\"justify\">\u2022 <span style=\"font-family: Courier New,serif;\"><span style=\"font-size: small;\"><span style=\"font-family: Arial,serif;\"><span style=\"font-size: medium;\">keine R\u00fcstungsg\u00fcter an menschenrechtsverletzende Staaten<\/span><\/span><\/span><\/span><\/p>\n<p align=\"justify\">\u2022 <span style=\"font-family: Courier New,serif;\"><span style=\"font-size: small;\"><span style=\"font-family: Arial,serif;\"><span style=\"font-size: medium;\">keine R\u00fcstungsg\u00fcter an kriegf\u00fchrende Staaten<\/span><\/span><\/span><\/span><\/p>\n<p align=\"justify\">\u2022 <span style=\"font-family: Courier New,serif;\"><span style=\"font-size: small;\"><span style=\"font-family: Arial,serif;\"><span style=\"font-size: medium;\">Exportverbot von Kleinwaffen und Munition<\/span><\/span><\/span><\/span><\/p>\n<p align=\"justify\">\u2022 <span style=\"font-family: Courier New,serif;\"><span style=\"font-size: small;\"><span style=\"font-family: Arial,serif;\"><span style=\"font-size: medium;\">keine Hermesb\u00fcrgschaften f\u00fcr R\u00fcstungsexporte<\/span><\/span><\/span><\/span><\/p>\n<p align=\"justify\">\u2022 <span style=\"font-family: Courier New,serif;\"><span style=\"font-size: small;\"><span style=\"font-family: Arial,serif;\"><span style=\"font-size: medium;\">keine Lizenzvergaben zum Nachbau deutscher Kriegswaffen.<\/span><\/span><\/span><\/span><\/p>\n<p align=\"justify\"><span style=\"font-family: Courier New,serif;\"><span style=\"font-size: small;\"><span style=\"font-family: Arial,serif;\"><span style=\"font-size: medium;\">Un\u00fcbersehbar zeichnet sich ab, dass sich die Aufschrei-Kampagne zu einem Erfolgsmodell ohnegleichen entwickelt. Einen ersten gro\u00dfen Erfolg konnten wir \u2013 gemeinsam mit den engagierten Aktivistinnen und Aktivisten der Kampagne \u00bbLegt den Leo an die Kette\u00ab \u2013 bereits in den vergangenen beiden Jahren verbuchen: <\/span><\/span><\/span><\/span><\/p>\n<p align=\"justify\"><span style=\"font-family: Courier New,serif;\"><span style=\"font-size: small;\"><span style=\"font-family: Arial,serif;\"><span style=\"font-size: medium;\">Nachdr\u00fccklich dr\u00e4ngten saudi-arabische Milit\u00e4rs auf die Lieferung von 280 Leopard-2-Kampfpanzern. Anf\u00e4nglich hatte die CDU\/CSU\/FDP-gef\u00fchrte Bundesregierung ernsthaft die Genehmigung zum Export schweren Ger\u00e4ts an Riad erwogen. Mit unserer bundesweit organisierten Gegenkampagne konnte der Export verhindert werden.<\/span><\/span><\/span><\/span><\/p>\n<p align=\"justify\"><span style=\"font-family: Courier New,serif;\"><span style=\"font-size: small;\"><span style=\"font-family: Arial,serif;\"><span style=\"font-size: medium;\">Im Juli 2014 reichten Paul Russmann und ich als Sprecher der Aufschrei-Kampagne Strafanzeige gegen den Kleinwaffenproduzenten Sig Sauer in Eckernf\u00f6rde ein. Seither ermittelt die Staatsanwaltschaft Kiel. Hier besteht der Verdacht, dass das Kriegswaffenkontrollgesetz und das Au\u00dfenwirtschaftsgesetz durch den Export einer gro\u00dfen Zahl von Pistolen in das B\u00fcrgerkriegsland Kolumbien verletzt worden sind. <\/span><\/span><\/span><\/span><\/p>\n<p align=\"justify\"><span style=\"font-family: Courier New,serif;\"><span style=\"font-size: small;\"><span style=\"font-family: Arial,serif;\"><span style=\"font-size: medium;\">Wenige Tage nach unserer Strafanzeige wurde ein Exportverbot gegen\u00fcber Sig Sauer verh\u00e4ngt, was das ehedem angeschlagene Unternehmen in noch gr\u00f6\u00dfere finanzielle Schwierigkeiten brachte. Jetzt ist in Deutschland endg\u00fcltig Schluss mit der\u00a0Kleinwaffenproduktion. <\/span><\/span><\/span><\/span><\/p>\n<p align=\"justify\">\uf0e8 <span style=\"font-family: Courier New,serif;\"><span style=\"font-size: small;\"><span style=\"font-family: Arial,serif;\"><span style=\"font-size: medium;\">Einzig Sportwaffen werden noch bei Sig Sauer gefertigt. Wenn das kein Grund zur Freude ist!<\/span><\/span><\/span><\/span><\/p>\n<p align=\"justify\"><span style=\"font-family: Courier New,serif;\"><span style=\"font-size: small;\"><span style=\"font-family: Arial,serif;\"><span style=\"font-size: medium;\">Auch bei meinen Strafanzeigen gegen Heckler &amp; Koch k\u00f6nnen Erfolge verbucht werden: Im ersten Jahr nach Erstattung der ersten Strafanzeige gegen H&amp;K vom April 2010 wurde ab 2011 seitens des Bundeswirtschaftsministeriums ein bis heute w\u00e4hrendes Genehmigungsverbot f\u00fcr Kleinwaffenexporte nach Mexiko verh\u00e4ngt. H&amp;K treffen solche Exportbeschr\u00e4nkungen hart, wie die Betriebsratsvorsitzende aktuell eingestanden hat.<\/span><\/span><\/span><\/span><\/p>\n<p align=\"justify\"><span style=\"font-family: Courier New,serif;\"><span style=\"font-size: small;\"><span style=\"font-family: Arial,serif;\"><span style=\"font-size: medium;\">Jetzt ist die Zeit gekommen, dass <\/span><\/span><span style=\"font-family: Arial,serif;\"><span style=\"font-size: medium;\"><i>endlich <\/i><\/span><\/span><span style=\"font-family: Arial,serif;\"><span style=\"font-size: medium;\">auch die Staatsanwaltschaft Stuttgart \u2013 f\u00fcnf lange Jahre nach meiner Strafanzeige vom April 2010 \u2013 Anklage erhebt gegen die Verantwortlichen von Heckler &amp; Koch! L\u00e4ngst ist bewiesen, dass rund 4500 Sturmgewehre des Typs G36 von H&amp;K in verbotene Unruheprovinzen Mexikos gelangt sind. Das Zollkriminalamt best\u00e4tigt den Bruch des Kriegswaffenkontrollgesetzes. <\/span><\/span><\/span><\/span><\/p>\n<p align=\"justify\"><span style=\"font-family: Courier New,serif;\"><span style=\"font-size: small;\"><span style=\"font-family: Arial,serif;\"><span style=\"font-size: medium;\">Um den Druck auf die Justiz zu erh\u00f6hen, f\u00fchren wir am 17. April die Aktion <\/span><\/span><span style=\"font-family: Arial,serif;\"><span style=\"font-size: medium;\">\u00bbDer Tod dankt der Staatsanwaltschaft Stuttgart\u00ab durch \u2013 macht mit!<\/span><\/span><\/span><\/span><\/p>\n<p align=\"justify\"><span style=\"font-family: Courier New,serif;\"><span style=\"font-size: small;\"><span style=\"font-family: Arial,serif;\"><span style=\"font-size: medium;\">Die n\u00e4chste gute Nachricht: Der R\u00fcstungsriese Airbus (vormals EADS) verbucht immense Erfolge in der zivilen Luftfahrt, schreibt aber Verluste bei der R\u00fcstungsproduktion. Damit w\u00e4chst der Druck zum Abbau von R\u00fcstungsproduktionskapazit\u00e4ten. Angesichts des gewaltigen Auftragsbestands im Zivilbereich von Airbus kann die Milit\u00e4rproduktion getrost beendet werden \u2013 und das ohne Arbeitsplatzverlust.<\/span><\/span><\/span><\/span><\/p>\n<p align=\"justify\"><span style=\"font-family: Courier New,serif;\"><span style=\"font-size: small;\"><span style=\"font-family: Arial,serif;\"><span style=\"font-size: medium;\">Bei Rheinmetall dagegen ist die Zukunftsfrage offen: Noch im M\u00e4rz diesen Jahres verk\u00fcndete Armin Papperger, er rechne nach vormals roten Zahlen f\u00fcr 2014 wieder mit Gewinnen im Defence-Bereich. Der Umsatz des R\u00fcstungssektors werde sich voraussichtlich auf rund 2,4 Milliarden Euro belaufen. <\/span><\/span><\/span><\/span><\/p>\n<p align=\"justify\"><span style=\"font-family: Courier New,serif;\"><span style=\"font-size: small;\"><span style=\"font-family: Arial,serif;\"><span style=\"font-size: medium;\">Statt dem geplanten sieben- bis achtprozentigen EBIT w\u00fcrden der Gewinn vor Zinsen und Steuern lediglich drei Prozent betragen.[#8] \u00bbSchwaches R\u00fcstungsgesch\u00e4ft belastet Rheinmetall\u00ab, titelte die <\/span><\/span><span style=\"font-family: Arial,serif;\"><span style=\"font-size: medium;\"><i>Rheinische Post<\/i><\/span><\/span><span style=\"font-family: Arial,serif;\"><span style=\"font-size: medium;\">.[#9] <\/span><\/span><\/span><\/span><\/p>\n<p align=\"justify\">\uf0e8 <span style=\"font-family: Courier New,serif;\"><span style=\"font-size: small;\"><span style=\"font-family: Arial,serif;\"><span style=\"font-size: medium;\">Wir fragen die Rheinmetall-F\u00fchrung: Wann, wenn nicht jetzt ist die Zeit zur R\u00fcstungskonversion gekommen?<\/span><\/span><\/span><\/span><\/p>\n<p align=\"justify\"><span style=\"font-family: Courier New,serif;\"><span style=\"font-size: small;\"><span style=\"font-family: Arial,serif;\"><span style=\"font-size: medium;\">Erfreulicher Weise regt sich in R\u00fcstungsbetrieben Widerstand gegen Waffenhandel. Die IG Metall weist den Weg. Im September 2014 verabschiedete die <\/span><\/span><span style=\"font-family: Arial,serif;\"><span style=\"font-size: medium;\">Delegiertenversammlung der IG Metall Stuttgart eine Resolution \u00fcber R\u00fcstungs- und Waffenexporte. Darin wird massiv kritisiert, dass in <\/span><\/span><span style=\"font-family: Arial,serif;\"><span style=\"font-size: medium;\">Deutschland auch Produkte hergestellt werden, \u00bbdie ausschlie\u00dflich zum T\u00f6ten von Menschen hergestellt wurden\u00ab. Gemessen am Gesamtexportvolumen Deutschlands sei die Summe dennoch \u00bbvernachl\u00e4ssigbar, entspricht sie doch gerade einmal 0,6% der gesamten deutschen Exporte. Auch ist die Anzahl der Arbeitspl\u00e4tze in der R\u00fcstungsindustrie eher gering (Sch\u00e4tzungen liegen bei 80.000 bis 100.000), aber die moralische Komponente dieser Produktion ist doch sehr bedr\u00fcckend. Denn: R\u00fcstungsproduktion ist kein \u201anormaler\u2018 Industriezweig. Hier werden mit Blut, Mord und Kriegen H\u00f6chstprofite erwirtschaftet \u2013 eine menschenverachtende Produktion.\u00ab <\/span><\/span><\/span><\/span><\/p>\n<p align=\"justify\"><span style=\"font-family: Courier New,serif;\"><span style=\"font-size: small;\"><span style=\"font-family: Arial,serif;\"><span style=\"font-size: medium;\">Arbeitsplatzverluste in der R\u00fcstungsindustrie sollen durch Wandlung in Arbeitspl\u00e4tze zur Herstellung ziviler, gesellschaftlich notwendiger Produkte kompensiert werden. Die Konversionsdebatte m\u00fcsse \u00bbin den R\u00fcstungsbetrieben nachhaltig gef\u00fchrt werden. Hier \u00fcbernimmt die IG Metall eine aktive und steuernde Rolle\u00ab. <\/span><\/span><\/span><\/span><\/p>\n<p align=\"justify\"><span style=\"font-family: Courier New,serif;\"><span style=\"font-size: small;\"><span style=\"font-family: Arial,serif;\"><span style=\"font-size: medium;\">Und noch eine Tatsache, die Mut macht: 78 Prozent der Deutschen sind laut einer repr\u00e4sentativen Emnid-Umfrage f\u00fcr einen v\u00f6lligen Stopp des Waffenhandels. Wir sind die Mehrheit, diese gilt es zu mobilisieren!<\/span><\/span><\/span><\/span><\/p>\n<p align=\"justify\"><span style=\"font-family: Courier New,serif;\"><span style=\"font-size: small;\"><span style=\"font-family: Arial,serif;\"><span style=\"font-size: medium;\">Sehr geehrte Damen und Herren,<\/span><\/span><\/span><\/span><\/p>\n<p align=\"justify\"><span style=\"font-family: Courier New,serif;\"><span style=\"font-size: small;\"><span style=\"font-family: Arial,serif;\"><span style=\"font-size: medium;\">liebe Friedensfreundinnen und Friedensfreunde, <\/span><\/span><\/span><\/span><\/p>\n<p align=\"justify\"><span style=\"font-family: Courier New,serif;\"><span style=\"font-size: small;\"><span style=\"font-family: Arial,serif;\"><span style=\"font-size: medium;\">wir wollen den Schwung positiver Entwicklungen mit in die kommende Phase des Widerstands nehmen. Wir m\u00fcssen vor und in den Konzernen gegen R\u00fcstungsproduktion und R\u00fcstungsexporte eintreten. Unterst\u00fctzung kommt vom Dachverband der Kritischen Aktion\u00e4rinnen und Aktion\u00e4re in K\u00f6ln. [#11]<\/span><\/span><\/span><\/span><\/p>\n<p align=\"justify\"><span style=\"font-family: Courier New,serif;\"><span style=\"font-size: small;\"><span style=\"font-family: Arial,serif;\"><span style=\"font-size: medium;\">Am 12. Mai findet die diesj\u00e4hrige Hauptversammlung der Rheinmetall AG im MARITIM Hotel in Berlin statt. Schon jetzt organisiert die Kampagne \u00bbLegt den Leo an die Kette\u00ab mit \u00bbAktion Aufschrei\u00ab den Gegenprotest unter dem Motto \u00bbRheinmetall entr\u00fcsten!\u00ab [#11]<\/span><\/span><\/span><\/span><\/p>\n<p align=\"justify\">\uf0e8 <span style=\"font-family: Courier New,serif;\"><span style=\"font-size: small;\"><span style=\"font-family: Arial,serif;\"><span style=\"font-size: medium;\">Lasst uns das Motto der Berliner Friedensfreunde aufgreifen und in die Republik hinausrufen: Stoppt den Waffenhandel &#8211; entr\u00fcstet Deutschland! <\/span><\/span><\/span><\/span><\/p>\n<p class=\"western\" align=\"justify\"><span style=\"font-family: Arial,serif;\">Vielen Dank.<\/span><\/p>\n<p class=\"western\" align=\"justify\"><span style=\"font-family: Arial,serif;\"><b>J\u00fcrgen Gr\u00e4sslin<\/b><\/span><\/p>\n<p class=\"western\" align=\"justify\"><span style=\"font-family: Arial,serif;\">ist Sprecher der Kampagne \u00bbAktion Aufschrei \u2013 Stoppt den Waffenhandel!\u00ab, <\/span><span style=\"font-family: Arial,serif;\">Bundessprecher der Deutschen Friedensgesellschaft &#8211; Vereinigte KriegsdienstgegnerInnen (DFG-VK), Sprecher der Kritischen Aktion\u00e4rInnen Daimler (KAD) und Vorsitzender des R\u00fcstungsInformationsB\u00fcros (RIB e.V.)<\/span><span style=\"font-family: Arial,serif;\">. <\/span><\/p>\n<p class=\"western\" align=\"justify\"><span style=\"font-family: Arial,serif;\">Er ist <\/span><span style=\"font-family: Arial,serif;\">Autor zahlreicher kritischer Sachb\u00fccher \u00fcber R\u00fcstungsexporte sowie Milit\u00e4r- und Wirtschaftspolitik, darunter internationale Bestseller. Zuletzt verfasste er das \u00bb<\/span><span style=\"font-family: Arial,serif;\"><i>Schwarzbuch Waffenhandel. Wie Deutschland am Krieg verdient<\/i><\/span><span style=\"font-family: Arial,serif;\">\u00ab; im Sommer 2015 erfolgt die 100. Lesung. <\/span><\/p>\n<p class=\"western\" align=\"justify\"><span style=\"font-family: Arial,serif;\">Gr\u00e4sslin wurde mit mehreren Preisen f\u00fcr Frieden und Zivilcourage ausgezeichnet, u.a. mit dem \u00bbAachener Friedenspreis\u00ab. Im Dezember 2014 wurde ihm der Kirchheimbolandener Friedenspreis und im M\u00e4rz 2015 der AMOS-Preis der Offenen Kirche W\u00fcrttemberg verliehen.<\/span><\/p>\n<p class=\"western\" align=\"justify\"><span style=\"font-family: Arial,serif;\"><b>Kontakt<\/b><\/span><\/p>\n<p class=\"western\" align=\"justify\"><span style=\"font-family: Arial,serif;\">Tel.: 0761-7678208, Mob.: 0170-6113759, <\/span><a href=\"mailto:graesslin@dfg-vk.de\"><span style=\"color: #00000a;\"><span style=\"font-family: Arial,serif;\">graesslin@dfg-vk.de<\/span><\/span><\/a><\/p>\n<p class=\"western\" align=\"justify\"><span style=\"font-family: Arial,serif;\"><b>Wichtige Websites<\/b><\/span><\/p>\n<p class=\"western\" align=\"justify\"><a href=\"http:\/\/www.juergengraesslin.com\"><span style=\"color: #00000a;\"><span style=\"font-family: Arial,serif;\">www.juergengraesslin.com<\/span><\/span><\/a><span style=\"font-family: Arial,serif;\">, <\/span><a href=\"http:\/\/www.aufschrei-waffenhandel.de\"><span style=\"color: #00000a;\"><span style=\"font-family: Arial,serif;\">www.aufschrei-waffenhandel.de<\/span><\/span><\/a><span style=\"font-family: Arial,serif;\">, <\/span><a href=\"http:\/\/www.dfg-vk.de\"><span style=\"color: #00000a;\"><span style=\"font-family: Arial,serif;\">www.dfg-vk.de<\/span><\/span><\/a><span style=\"font-family: Arial,serif;\">, <\/span><a href=\"http:\/\/www.rib-ev.de\"><span style=\"color: #00000a;\"><span style=\"font-family: Arial,serif;\">www.rib-ev.de<\/span><\/span><\/a><span style=\"font-family: Arial,serif;\"> und <\/span><a href=\"http:\/\/www.kritischeaktionaere.de\"><span style=\"color: #00000a;\"><span style=\"font-family: Arial,serif;\">www.kritischeaktionaere.de<\/span><\/span><\/a><\/p>\n<p class=\"western\" align=\"justify\"><span style=\"font-family: Arial,serif;\"><b>Quellen<\/b><\/span><\/p>\n<p class=\"western\" align=\"justify\"><span style=\"font-family: Arial,serif;\">[#1] TRENDS IN INTERNATIONAL ARMS TRANSFERS, 2014, ver\u00f6ffentlicht im M\u00e4rz 2015, Seite 2, <\/span><a href=\"http:\/\/www.sipri.org\"><span style=\"color: #00000a;\"><span style=\"font-family: Arial,serif;\">www.sipri.org<\/span><\/span><\/a><\/p>\n<p class=\"western\" align=\"justify\"><span style=\"font-family: Arial,serif;\"><span lang=\"en-GB\">[#2] T<\/span><\/span><span style=\"color: #000000;\"><span style=\"font-family: Arial,serif;\"><span lang=\"en-GB\">he SIPRI top <\/span><\/span><\/span><span style=\"color: #000000;\"><span style=\"font-size: small;\"><span style=\"font-family: Arial,serif;\"><span style=\"font-size: medium;\"><span lang=\"en-GB\">100 <\/span><\/span><\/span><\/span><\/span><span style=\"color: #000000;\"><span style=\"font-family: Arial,serif;\"><span lang=\"en-GB\">arms-producing companies, <\/span><\/span><\/span><span style=\"color: #000000;\"><span style=\"font-size: small;\"><span style=\"font-family: Arial,serif;\"><span style=\"font-size: medium;\"><span lang=\"en-GB\">2013, Seite 3 ff., <\/span><\/span><\/span><\/span><\/span><span style=\"font-family: Arial,serif;\"><span lang=\"en-GB\">www.sipri.org<\/span><\/span><\/p>\n<p class=\"western\" align=\"justify\"><span style=\"font-family: Arial,serif;\">[#3] Kleine Anfrage der Fraktion Die Linke \u00bbR\u00fcstungsexportentscheidungen des Bundessicherheitsrates\u00ab (BSR) (BT-Drucksache 18\/3002) vom 29.10.2014 und Antwort der Parlamentarischen Staatssekret\u00e4rin Brigitte Zypries vom 27.02.2015.<\/span><\/p>\n<p class=\"western\" align=\"justify\"><span style=\"font-family: Arial,serif;\"><span lang=\"en-GB\">[#4] \u00bbCorporate Social Responsibility\u00ab von Rheinmetall Defence, siehe <\/span><\/span><span style=\"font-family: Arial,serif;\"><span style=\"font-size: xx-small;\"><span lang=\"en-GB\">http:\/\/www.rheinmetall-defence.com\/de\/rheinmetall_defence\/company\/corporate_social_reponsibility\/index.php<\/span><\/span><\/span><\/p>\n<p class=\"western\" align=\"justify\"><span style=\"font-family: Arial,serif;\"><span lang=\"en-GB\">[#5] \u00bbFahd (armored personnel carrier)\u00ab siehe <\/span><\/span><span style=\"font-family: Arial,serif;\"><span style=\"font-size: xx-small;\"><span lang=\"en-GB\">http:\/\/en.wikipedia.org\/wiki\/Fahd _(vehicle)<\/span><\/span><\/span><\/p>\n<p class=\"western\" align=\"justify\"><span style=\"font-family: Arial,serif;\">[#6] Gr\u00e4sslin, J\u00fcrgen: <\/span><span style=\"font-family: Arial,serif;\"><i>\u00bbSchwarzbuch Waffenhandel. Wie Deutschland am Krieg verdient\u00ab<\/i><\/span><span style=\"font-family: Arial,serif;\">, M\u00fcnchen 2013, Kapitel 5.6 \u00bbKriegsprofiteur Rheinmetall\u00ab, S. 309 ff. und S. 319<\/span><\/p>\n<p class=\"western\" align=\"justify\"><span style=\"font-family: Arial,serif;\">[#6] Stellungnahme des Ausw\u00e4rtigen Amtes, Stand 30.03.2015, siehe <\/span><a href=\"http:\/\/www.auswaertiges-amt.de\/DE\/Aussenpolitik\/Laender\/Laenderinfos\/Algerien\/Innenpolitik_node.html\"><span style=\"color: #00000a;\"><span style=\"font-family: Arial,serif;\"><span style=\"font-size: xx-small;\">http:\/\/www.auswaertiges-amt.de\/DE\/Aussenpolitik\/Laender\/Laenderinfos\/Algerien\/Innenpolitik_node.html<\/span><\/span><\/span><\/a><\/p>\n<p class=\"western\" align=\"justify\"><span style=\"font-family: Arial,serif;\">[#7] \u00bbZwei weitere U-Boote f\u00fcr Israel\u00ab von Otfried Nassauer vom 13.02.2015, siehe <\/span><a href=\"http:\/\/www.bits.de\"><span style=\"color: #00000a;\"><span style=\"font-family: Arial,serif;\">www.bits.de<\/span><\/span><\/a><\/p>\n<p class=\"western\" align=\"justify\"><span style=\"font-family: Arial,serif;\">[#8] \u00bbRheinmetall setzt verst\u00e4rkt auf R\u00fcstung\u00ab, <\/span><span style=\"font-family: Arial,serif;\"><i>dpa<\/i><\/span><span style=\"font-family: Arial,serif;\">-Meldung vom 20.03.2015<\/span><\/p>\n<p class=\"western\" align=\"justify\"><span style=\"font-family: Arial,serif;\">[#9] \u00bbSchwaches R\u00fcstungsgesch\u00e4ft belastet Rheinmetall\u00ab in <\/span><span style=\"font-family: Arial,serif;\"><i>Rheinische Post<\/i><\/span><span style=\"font-family: Arial,serif;\"> vom 20.03.2015<\/span><\/p>\n<p class=\"western\" align=\"justify\"><span style=\"font-family: Arial,serif;\">[#10] \u00bbRheinmetall entr\u00fcsten!\u00ab Protestaktion anl\u00e4sslich der Rheinmetall-Hauptversammlung am 12.05.2015 in Berlin; Kontakt: Heinz D. Kappei, Jenaerstr. 1, 10717 Berlin, <\/span><a href=\"mailto:kappei@web.de\"><span style=\"color: #00000a;\"><span style=\"font-family: Arial,serif;\">kappei@web.de<\/span><\/span><\/a><\/p>\n<p class=\"western\" align=\"justify\"><span style=\"font-family: Arial,serif;\">[#11] Kontakt: Dachverband der Kritischen Aktion\u00e4rinnen und Aktion\u00e4re, <\/span><span style=\"font-family: Arial,serif;\">Pellenzstr. 39, 50823 K\u00f6ln, <\/span><span style=\"font-family: Arial,serif;\">Tel.: 0221-599 56 47; <\/span><\/p>\n<p class=\"western\" align=\"justify\"><span style=\"font-family: Arial,serif;\">E-Mail: <\/span><a href=\"http:\/\/service.gmx.net\/de\/cgi\/g.fcgi\/mail\/new?CUSTOMERNO=7198542&amp;t=de1917020875.1207574919.7bf314b9&amp;to=dachverband%40kritischeaktionaere.de\"><span style=\"color: #00000a;\"><span style=\"font-family: Arial,serif;\">dachverband@kritischeaktionaere.de<\/span><\/span><\/a><span style=\"font-family: Arial,serif;\">, <\/span><a href=\"http:\/\/service.gmx.net\/de\/cgi\/derefer?TYPE=3&amp;DEST=http%3A%2F%2Fwww.kritischeaktionaere.de\"><span style=\"color: #00000a;\"><span style=\"font-family: Arial,serif;\">www.kritischeaktionaere.de<\/span><\/span><\/a><\/p>\n","protected":false},"excerpt":{"rendered":"<p>R\u00fcstungsexporte stoppen! R\u00fcstungsindustrie auf Zivilproduktion umstellen! Rede von J\u00fcrgen Gr\u00e4sslin beim Ostermarsch Rhein-Ruhr am 4. April 2015 auf dem Marktplatz in D\u00fcsseldorf Sehr geehrte Damen und Herren, liebe Friedensfreundinnen und Friedensfreunde, aktuell hat das&#46;&#46;&#46;<\/p>\n","protected":false},"author":110,"featured_media":0,"comment_status":"open","ping_status":"open","sticky":false,"template":"","format":"standard","meta":{"footnotes":""},"categories":[2],"tags":[37],"class_list":["post-8221","post","type-post","status-publish","format-standard","hentry","category-aktionen","tag-ruestungsexporte"],"_links":{"self":[{"href":"https:\/\/www.friedenkoeln.de\/index.php?rest_route=\/wp\/v2\/posts\/8221","targetHints":{"allow":["GET"]}}],"collection":[{"href":"https:\/\/www.friedenkoeln.de\/index.php?rest_route=\/wp\/v2\/posts"}],"about":[{"href":"https:\/\/www.friedenkoeln.de\/index.php?rest_route=\/wp\/v2\/types\/post"}],"author":[{"embeddable":true,"href":"https:\/\/www.friedenkoeln.de\/index.php?rest_route=\/wp\/v2\/users\/110"}],"replies":[{"embeddable":true,"href":"https:\/\/www.friedenkoeln.de\/index.php?rest_route=%2Fwp%2Fv2%2Fcomments&post=8221"}],"version-history":[{"count":5,"href":"https:\/\/www.friedenkoeln.de\/index.php?rest_route=\/wp\/v2\/posts\/8221\/revisions"}],"predecessor-version":[{"id":8235,"href":"https:\/\/www.friedenkoeln.de\/index.php?rest_route=\/wp\/v2\/posts\/8221\/revisions\/8235"}],"wp:attachment":[{"href":"https:\/\/www.friedenkoeln.de\/index.php?rest_route=%2Fwp%2Fv2%2Fmedia&parent=8221"}],"wp:term":[{"taxonomy":"category","embeddable":true,"href":"https:\/\/www.friedenkoeln.de\/index.php?rest_route=%2Fwp%2Fv2%2Fcategories&post=8221"},{"taxonomy":"post_tag","embeddable":true,"href":"https:\/\/www.friedenkoeln.de\/index.php?rest_route=%2Fwp%2Fv2%2Ftags&post=8221"}],"curies":[{"name":"wp","href":"https:\/\/api.w.org\/{rel}","templated":true}]}}