{"id":8242,"date":"2015-04-07T00:25:33","date_gmt":"2015-04-06T22:25:33","guid":{"rendered":"http:\/\/www.friedenkoeln.de\/?p=8242"},"modified":"2015-04-07T00:25:33","modified_gmt":"2015-04-06T22:25:33","slug":"klimakonferenz-in-koeln","status":"publish","type":"post","link":"https:\/\/www.friedenkoeln.de\/?p=8242","title":{"rendered":"Klimakonferenz in K\u00f6ln"},"content":{"rendered":"<div class=\"moz-text-html\" lang=\"x-unicode\">\n<p><span style=\"font-family: Arial;\">Freitag, 10.04.2015 | 18:00 Uhr bis Sonntag, 12.04.2015 | 14:00 Uhr<br \/>\n<\/span><span style=\"font-family: Arial;\"><strong>Kampf ums Klima<br \/>\n<\/strong><em>Internationale Klimaaktionskonferenz<\/em><\/span><\/p>\n<p><span style=\"font-family: Arial;\">Universit\u00e4t K\u00f6ln, Hauptgeb\u00e4ude, Albertus-Magnus-Platz, 50923 K\u00f6ln<br \/>\nVeranstaltungswebseite: <a href=\"http:\/\/kampfumsklima.org\/\">http:\/\/kampfumsklima.org<\/a> <\/span><\/p>\n<p align=\"center\"><span style=\"font-family: Arial;\"><img decoding=\"async\" src=\"http:\/\/www.rosalux.de\/fileadmin\/images\/Veranstaltungen\/2015\/kampf-ums-klima_2015.jpg\" alt=\"\" align=\"middle\" \/><\/span><\/p>\n<p><span style=\"font-family: Arial;\">Das Jahr 2015 wird im Zeichen des menschengemachten Klimawandels stehen \u2013 und im Zeichen der Auseinandersetzungen ums Klima, die an immer mehr Fronten gef\u00fchrt werden.<\/p>\n<p>Erstes umk\u00e4mpftes Terrain: der COP21-Klimagipfel, der Ende des Jahres in Paris stattfinden wird. Dort soll nun ein neuer Anlauf f\u00fcr ein globales Klimaabkommen gestartet werden. Aber wird dort wirklich der Klimaschutz vorangetrieben werden, gar die Klimagerechtigkeit?<\/p>\n<p>Zweites Konfliktfeld ist die mit Riesenschritten voranschreitende Extraktion nat\u00fcrlicher Ressourcen, ob im Amazonas oder in Alberta, in der \u00c4gais oder im rheinischen Braunkohlerevier.<\/p>\n<p>Drittens geht es um die Energiewende hierzulande: wird der Prozess von der Regierung und der Energielobby gekapert, oder schaffen es die Bewegungen f\u00fcr eine demokratische, soziale und \u00f6kologische Energiewende noch, das Steuer herumzurei\u00dfen?<\/p>\n<p>Entlang der drei Str\u00e4nge Klimagerechtigkeit, Extraktivismus und Energiedemokratie, und mit besonderem Bezug auf die verschiedenen f\u00fcr 2015 geplanten Massenaktionen im rheinischen Braunkohlerevier sowie die Mobilisierung nach Paris zum Ende des Jahres, werden wir vermeintliche L\u00f6sungsans\u00e4tze einer kritischen Betrachtung unterziehen und Alternativen zum Status Quo debattieren: von Energiedemokratie \u00fcber Degrowth bis zum \u00d6kosozialismus.<\/p>\n<p><strong>Zur Konferenz gibt es eine eigene Webseite mit Programm und aktuellen Informationen: <\/strong><\/span><a href=\"http:\/\/kampfumsklima.org\/\"><strong><span style=\"font-family: Arial;\">http:\/\/kampfumsklima.org<\/span><\/strong><\/a><\/p>\n<p><em><span style=\"font-family: Arial;\">Eine Konferenz von: Rosa Luxemburg Stiftung, Attac Deutschland, ausgeCO2hlt, Oikos Hochschulgruppe K\u00f6ln, Solidarische Vielfalt und dem Allerweltshaus K\u00f6ln.<\/span><\/em><br \/>\n<span style=\"font-family: Arial;\"><br \/>\n_______________________________________________________________________________<\/p>\n<p>ROSA LUXEMBURG STIFTUNG<br \/>\nFranz-Mehring- Platz 1<br \/>\n10243 Berlin<br \/>\nTelefon: +49-(0)30-44310-0<br \/>\nFax: +49-(0)30-44310-222<br \/>\nWeb: <\/span><a href=\"http:\/\/www.rosalux.de\/\"><span style=\"font-family: Arial;\">http:\/\/www.rosalux.de<\/span><\/a><span style=\"font-family: Arial;\"><br \/>\nSocial Media: <\/span><a href=\"http:\/\/socialmedia.rosalux.de\/\"><span style=\"font-family: Arial;\">http:\/\/socialmedia.rosalux.de<\/span><\/a><span style=\"font-family: Arial;\"><br \/>\n_______________________________________________________________________________<br \/>\nUnter <\/span><a href=\"https:\/\/info.rosalux.de\/\"><span style=\"font-family: Arial;\">https:\/\/info.rosalux.de<\/span><\/a><span style=\"font-family: Arial;\"> k\u00f6nnen Sie mit Hilfe einer Webmaske Ihre Themeninteressen und Abonnements aktualisieren. Sollten Sie keine weiteren Informationen von der Rosa-Luxemburg-Stiftung w\u00fcnschen, k\u00f6nnen Sie sich unter dieser Adresse auch wieder aus unseren Verteilern austragen.<\/p>\n<p><\/span><\/p>\n<\/div>\n","protected":false},"excerpt":{"rendered":"<p>Freitag, 10.04.2015 | 18:00 Uhr bis Sonntag, 12.04.2015 | 14:00 Uhr Kampf ums Klima Internationale Klimaaktionskonferenz Universit\u00e4t K\u00f6ln, Hauptgeb\u00e4ude, Albertus-Magnus-Platz, 50923 K\u00f6ln Veranstaltungswebseite: http:\/\/kampfumsklima.org Das Jahr 2015 wird im Zeichen des menschengemachten Klimawandels stehen&#46;&#46;&#46;<\/p>\n","protected":false},"author":110,"featured_media":8243,"comment_status":"open","ping_status":"open","sticky":false,"template":"","format":"standard","meta":{"footnotes":""},"categories":[2],"tags":[36],"class_list":["post-8242","post","type-post","status-publish","format-standard","has-post-thumbnail","hentry","category-aktionen","tag-oekologie-und-frieden"],"_links":{"self":[{"href":"https:\/\/www.friedenkoeln.de\/index.php?rest_route=\/wp\/v2\/posts\/8242","targetHints":{"allow":["GET"]}}],"collection":[{"href":"https:\/\/www.friedenkoeln.de\/index.php?rest_route=\/wp\/v2\/posts"}],"about":[{"href":"https:\/\/www.friedenkoeln.de\/index.php?rest_route=\/wp\/v2\/types\/post"}],"author":[{"embeddable":true,"href":"https:\/\/www.friedenkoeln.de\/index.php?rest_route=\/wp\/v2\/users\/110"}],"replies":[{"embeddable":true,"href":"https:\/\/www.friedenkoeln.de\/index.php?rest_route=%2Fwp%2Fv2%2Fcomments&post=8242"}],"version-history":[{"count":1,"href":"https:\/\/www.friedenkoeln.de\/index.php?rest_route=\/wp\/v2\/posts\/8242\/revisions"}],"predecessor-version":[{"id":8244,"href":"https:\/\/www.friedenkoeln.de\/index.php?rest_route=\/wp\/v2\/posts\/8242\/revisions\/8244"}],"wp:featuredmedia":[{"embeddable":true,"href":"https:\/\/www.friedenkoeln.de\/index.php?rest_route=\/wp\/v2\/media\/8243"}],"wp:attachment":[{"href":"https:\/\/www.friedenkoeln.de\/index.php?rest_route=%2Fwp%2Fv2%2Fmedia&parent=8242"}],"wp:term":[{"taxonomy":"category","embeddable":true,"href":"https:\/\/www.friedenkoeln.de\/index.php?rest_route=%2Fwp%2Fv2%2Fcategories&post=8242"},{"taxonomy":"post_tag","embeddable":true,"href":"https:\/\/www.friedenkoeln.de\/index.php?rest_route=%2Fwp%2Fv2%2Ftags&post=8242"}],"curies":[{"name":"wp","href":"https:\/\/api.w.org\/{rel}","templated":true}]}}