{"id":8247,"date":"2015-04-09T21:59:47","date_gmt":"2015-04-09T19:59:47","guid":{"rendered":"http:\/\/www.friedenkoeln.de\/?p=8247"},"modified":"2015-04-12T13:13:05","modified_gmt":"2015-04-12T11:13:05","slug":"dfg-vk-koeln-friends-blockieren-erfolgreich-atomwaffenstuetzpunkt","status":"publish","type":"post","link":"https:\/\/www.friedenkoeln.de\/?p=8247","title":{"rendered":"DFG-VK K\u00f6ln &#038; Friends blockieren erfolgreich Atomwaffenst\u00fctzpunkt"},"content":{"rendered":"<h6><a href=\"http:\/\/www.friedenkoeln.de\/wp-content\/uploads\/2015\/04\/B\u00fcchel-Blockade15a.jpeg\" data-rel=\"lightbox-image-0\" data-rl_title=\"\" data-rl_caption=\"\" title=\"\"><img loading=\"lazy\" decoding=\"async\" class=\"  wp-image-8248 aligncenter\" src=\"http:\/\/www.friedenkoeln.de\/wp-content\/uploads\/2015\/04\/B\u00fcchel-Blockade15a-320x190.jpeg\" alt=\"B\u00fcchel-Blockade15a\" width=\"551\" height=\"327\" \/><\/a>\u00a0\u00a0\u00a0\u00a0\u00a0\u00a0\u00a0\u00a0\u00a0\u00a0\u00a0\u00a0 \u00a0 \u00a0 \u00a0 \u00a0 \u00a0\u00a0 \u00a0\u00a0\u00a0 Foto: Herbert Sauerwein<\/h6>\n<p>Der Atomwaffenst\u00fctzpunkt B\u00fcchel\/Eifel wurde am 9. 4. 15 erfolgreich von Aktivien der DFG-VK K\u00f6ln und Unterst\u00fctzerInnen blockiert. Bis zur R\u00e4umung der an 2 Punkten gleichzeitig durchgef\u00fchrten Blockade durch die Polizei konnte der reibungslose Betrieb der Atomwaffenstellung behindert werden.<\/p>\n<p>Im Anschlu\u00df an die Blokadeaktion fand eine Mahnwache am Atomwaffenst\u00fctzpunkt statt.<\/p>\n<p>Die Aktion war Teil der am 26. 3. 15 begonnenen 65-Tage Blockade, vgl. <a href=\"http:\/\/www.buechel-atomwaffenfrei.de\/buechel65\/\">http:\/\/www.buechel-atomwaffenfrei.de\/buechel65\/<\/a> . In den kommenden Wochen werden sich noch zahlreiche Friedens- und Anti-Atomgruppen an dieser Aktion beteiligen; immer neue Gruppen kommen dazu.<\/p>\n<p>Ein Erlebnisbericht der Aktion von Ariane Dettloff ist nachzulesen unter <a href=\"http:\/\/www.friedenkoeln.de\/wp-admin\/post.php?post=8273&amp;action=edit&amp;message=6\">http:\/\/www.friedenkoeln.de\/wp-admin\/post.php?post=8273&amp;action=edit&amp;message=6<\/a><\/p>\n<p>Ein Video der Aktion ist bei Newscan zu sehen: <a href=\"https:\/\/www.youtube.com\/watch?v=2zlZVXiinHo\">https:\/\/www.youtube.com\/watch?v=2zlZVXiinHo<\/a><\/p>\n<p>Eine Aufstellung der Beitr\u00e4ge von Newscan mit Aufnahmen vom Ostermarsch in B\u00fcchel ist zu sehen unter <a href=\"https:\/\/www.youtube.com\/channel\/UCQq6m3o-cCJod4BeTWMMSbw\/videos?view_as=public\">https:\/\/www.youtube.com\/channel\/UCQq6m3o-cCJod4BeTWMMSbw\/videos?view_as=public<\/a><\/p>\n<p style=\"text-align: left;\">Der qr-code von newscan f\u00fcrs Smartphone<\/p>\n<p style=\"text-align: center;\">\u00a0 \u00a0 \u00a0 \u00a0 \u00a0 \u00a0 \u00a0 \u00a0 \u00a0 \u00a0 \u00a0 \u00a0 \u00a0 \u00a0 \u00a0 \u00a0 \u00a0 \u00a0 \u00a0 \u00a0 \u00a0 \u00a0 \u00a0 \u00a0 \u00a0\u00a0 \u00a0 \u00a0 \u00a0 \u00a0\u00a0 <a href=\"http:\/\/www.friedenkoeln.de\/wp-content\/uploads\/2015\/04\/newscan.png\" data-rel=\"lightbox-image-1\" data-rl_title=\"\" data-rl_caption=\"\" title=\"\"><img loading=\"lazy\" decoding=\"async\" class=\"alignnone size-full wp-image-8266\" src=\"http:\/\/www.friedenkoeln.de\/wp-content\/uploads\/2015\/04\/newscan.png\" alt=\"newscan\" width=\"82\" height=\"82\" srcset=\"https:\/\/www.friedenkoeln.de\/wp-content\/uploads\/2015\/04\/newscan.png 82w, https:\/\/www.friedenkoeln.de\/wp-content\/uploads\/2015\/04\/newscan-65x65.png 65w, https:\/\/www.friedenkoeln.de\/wp-content\/uploads\/2015\/04\/newscan-50x50.png 50w\" sizes=\"auto, (max-width: 82px) 100vw, 82px\" \/><\/a><\/p>\n<p style=\"text-align: left;\">Eine vor dem Tor des Atomwaffenst\u00fctzpunkts zu haltende Rede ist ver\u00f6ffentlicht unter <a href=\"http:\/\/www.friedenkoeln.de\/?p=8277\">http:\/\/www.friedenkoeln.de\/?p=8277<\/a><\/p>\n<p>Weitere Fotos von Herbert Sauerwein:<\/p>\n<p><a href=\"http:\/\/www.friedenkoeln.de\/wp-content\/uploads\/2015\/04\/B\u00fcchel-Blockade15b.jpeg\" data-rel=\"lightbox-image-2\" data-rl_title=\"\" data-rl_caption=\"\" title=\"\"><img loading=\"lazy\" decoding=\"async\" class=\"alignnone size-medium wp-image-8249\" src=\"http:\/\/www.friedenkoeln.de\/wp-content\/uploads\/2015\/04\/B\u00fcchel-Blockade15b-320x190.jpeg\" alt=\"B\u00fcchel-Blockade15b\" width=\"320\" height=\"190\" \/><\/a><\/p>\n<p><a href=\"http:\/\/www.friedenkoeln.de\/wp-content\/uploads\/2015\/04\/B\u00fcchel-Blockade15c.jpeg\" data-rel=\"lightbox-image-3\" data-rl_title=\"\" data-rl_caption=\"\" title=\"\"><img loading=\"lazy\" decoding=\"async\" class=\" size-medium wp-image-8250 alignright\" src=\"http:\/\/www.friedenkoeln.de\/wp-content\/uploads\/2015\/04\/B\u00fcchel-Blockade15c-320x190.jpeg\" alt=\"B\u00fcchel-Blockade15c\" width=\"320\" height=\"190\" \/><\/a><\/p>\n<p><a href=\"http:\/\/www.friedenkoeln.de\/wp-content\/uploads\/2015\/04\/B\u00fcchel-Blockade15d.jpeg\" data-rel=\"lightbox-image-4\" data-rl_title=\"\" data-rl_caption=\"\" title=\"\"><img loading=\"lazy\" decoding=\"async\" class=\" size-medium wp-image-8251 alignleft\" src=\"http:\/\/www.friedenkoeln.de\/wp-content\/uploads\/2015\/04\/B\u00fcchel-Blockade15d-320x190.jpeg\" alt=\"B\u00fcchel-Blockade15d\" width=\"320\" height=\"190\" \/><\/a><\/p>\n<p><a href=\"http:\/\/www.friedenkoeln.de\/wp-content\/uploads\/2015\/04\/B\u00fcchel-Blockade15f.jpeg\" data-rel=\"lightbox-image-5\" data-rl_title=\"\" data-rl_caption=\"\" title=\"\"><img loading=\"lazy\" decoding=\"async\" class=\" size-medium wp-image-8254 alignright\" src=\"http:\/\/www.friedenkoeln.de\/wp-content\/uploads\/2015\/04\/B\u00fcchel-Blockade15f-320x190.jpeg\" alt=\"B\u00fcchel-Blockade15f\" width=\"320\" height=\"190\" \/><\/a><\/p>\n<p><a href=\"http:\/\/www.friedenkoeln.de\/wp-content\/uploads\/2015\/04\/B\u00fcchel-BLockade15e.jpeg\" data-rel=\"lightbox-image-6\" data-rl_title=\"\" data-rl_caption=\"\" title=\"\"><img loading=\"lazy\" decoding=\"async\" class=\" size-medium wp-image-8268 aligncenter\" src=\"http:\/\/www.friedenkoeln.de\/wp-content\/uploads\/2015\/04\/B\u00fcchel-BLockade15e-320x190.jpeg\" alt=\"B\u00fcchel-BLockade15e\" width=\"320\" height=\"190\" \/><\/a><\/p>\n","protected":false},"excerpt":{"rendered":"<p>\u00a0\u00a0\u00a0\u00a0\u00a0\u00a0\u00a0\u00a0\u00a0\u00a0\u00a0\u00a0 \u00a0 \u00a0 \u00a0 \u00a0 \u00a0\u00a0 \u00a0\u00a0\u00a0 Foto: Herbert Sauerwein Der Atomwaffenst\u00fctzpunkt B\u00fcchel\/Eifel wurde am 9. 4. 15 erfolgreich von Aktivien der DFG-VK K\u00f6ln und Unterst\u00fctzerInnen blockiert. Bis zur R\u00e4umung der an 2 Punkten&#46;&#46;&#46;<\/p>\n","protected":false},"author":110,"featured_media":8248,"comment_status":"open","ping_status":"open","sticky":false,"template":"","format":"standard","meta":{"footnotes":""},"categories":[2],"tags":[33],"class_list":["post-8247","post","type-post","status-publish","format-standard","has-post-thumbnail","hentry","category-aktionen","tag-atomwaffen"],"_links":{"self":[{"href":"https:\/\/www.friedenkoeln.de\/index.php?rest_route=\/wp\/v2\/posts\/8247","targetHints":{"allow":["GET"]}}],"collection":[{"href":"https:\/\/www.friedenkoeln.de\/index.php?rest_route=\/wp\/v2\/posts"}],"about":[{"href":"https:\/\/www.friedenkoeln.de\/index.php?rest_route=\/wp\/v2\/types\/post"}],"author":[{"embeddable":true,"href":"https:\/\/www.friedenkoeln.de\/index.php?rest_route=\/wp\/v2\/users\/110"}],"replies":[{"embeddable":true,"href":"https:\/\/www.friedenkoeln.de\/index.php?rest_route=%2Fwp%2Fv2%2Fcomments&post=8247"}],"version-history":[{"count":11,"href":"https:\/\/www.friedenkoeln.de\/index.php?rest_route=\/wp\/v2\/posts\/8247\/revisions"}],"predecessor-version":[{"id":8284,"href":"https:\/\/www.friedenkoeln.de\/index.php?rest_route=\/wp\/v2\/posts\/8247\/revisions\/8284"}],"wp:featuredmedia":[{"embeddable":true,"href":"https:\/\/www.friedenkoeln.de\/index.php?rest_route=\/wp\/v2\/media\/8248"}],"wp:attachment":[{"href":"https:\/\/www.friedenkoeln.de\/index.php?rest_route=%2Fwp%2Fv2%2Fmedia&parent=8247"}],"wp:term":[{"taxonomy":"category","embeddable":true,"href":"https:\/\/www.friedenkoeln.de\/index.php?rest_route=%2Fwp%2Fv2%2Fcategories&post=8247"},{"taxonomy":"post_tag","embeddable":true,"href":"https:\/\/www.friedenkoeln.de\/index.php?rest_route=%2Fwp%2Fv2%2Ftags&post=8247"}],"curies":[{"name":"wp","href":"https:\/\/api.w.org\/{rel}","templated":true}]}}