{"id":8273,"date":"2015-04-12T12:34:31","date_gmt":"2015-04-12T10:34:31","guid":{"rendered":"http:\/\/www.friedenkoeln.de\/?p=8273"},"modified":"2015-04-12T13:00:46","modified_gmt":"2015-04-12T11:00:46","slug":"erlebnisbericht-buechel-blockade-9-4-15","status":"publish","type":"post","link":"https:\/\/www.friedenkoeln.de\/?p=8273","title":{"rendered":"Erlebnisbericht B\u00fcchel-Blockade 9. 4. 15"},"content":{"rendered":"<p>Von Ariane Dettloff<\/p>\n<p class=\"western\">Gruppe DFG\/VK and Friends<\/p>\n<p class=\"western\"><a href=\"http:\/\/www.friedenkoeln.de\/wp-content\/uploads\/2015\/04\/B\u00fcchel-Blockade15f.jpeg\" data-rel=\"lightbox-image-0\" data-rl_title=\"\" data-rl_caption=\"\" title=\"\"><img loading=\"lazy\" decoding=\"async\" class=\"alignnone size-medium wp-image-8254\" src=\"http:\/\/www.friedenkoeln.de\/wp-content\/uploads\/2015\/04\/B\u00fcchel-Blockade15f-320x190.jpeg\" alt=\"B\u00fcchel-Blockade15f\" width=\"320\" height=\"190\" \/><\/a><\/p>\n<h6 class=\"western\">Foto: Herbert Sauerwein<\/h6>\n<p class=\"western\">Aufbruch unterm Halbmond. Um 5 Uhr 15 ist es noch reichlich dunkel. Wir haben Sorge, dass die Autofahrer in schneller Fahrt zum Bundeswehr-Fliegerhorst B\u00fcchel uns vielleicht nicht rechtzeitig erkennen k\u00f6nnten. Herbert erkl\u00e4rt sich bereit, eine Lampe zu schwenken, um die Autofahrer zu warnen. Die Stirnfalten gl\u00e4tten sich. Kurz vor dem Haupttor sehen wir schon die Polizeiwagen und setzen uns mit unseren Transparenten \u201eatomwaffenfrei jetzt!\u201c auf die Zufahrtstra\u00dfe aus Alflen. Der erste Wagen steuert auf uns los \u2013 die Stirnfalten werden tiefer. Wow \u2013 er h\u00e4lt! Der Fahrer steigt aus, erkl\u00e4rt verstimmt, er wolle zu seinem Arbeitsplatz. Wo der denn sei? \u201eAuf dem Fliegerhorst!\u201c Dann w\u00fcrden wir ihn jetzt nicht durchlassen, bekommt er zu h\u00f6ren, denn wir wollten den Normalbetrieb dieses Atomwaffenstandorts heute im Rahmen von \u201eB\u00fcchel 65\u201c behindern. Kein Verst\u00e4ndnis.<\/p>\n<p class=\"western\">Mittlerweile stauen sich vor uns die Autos, viele wenden, fahren zur\u00fcck. Vier Polizisten n\u00e4hern sich uns drei Quer-Sitzenden. Einer erkl\u00e4rt, wir bildeten \u201eeine Gefahr f\u00fcr die \u00f6ffentliche Ordnung und Sicherheit\u201c. Er l\u00f6se daher jetzt unsere unerlaubte Versammlung auf. Es folgt die \u00fcbliche Belehrung \u00fcber m\u00f6gliche rechtliche Konsequenzen. Kurzes Z\u00f6gern unsererseits, dann steht der Erste auf. Wir gehen zur Seite. Personalienfeststellung.<\/p>\n<p class=\"western\">Eine zweite Gruppe sitzt zur gleichen Zeit auf der anderen Zufahrtsstra\u00dfe von B\u00fcchel zum Fliegerhost, um auch dort den Protest gegen die hier stationierten Atomwaffen durch Behinderung der Zufahrt deutlich zu machen. Da einige nicht selber die Stra\u00dfe verlassen, werden sie von den PolizistInnen weggetragen und die Personalien aufgenommen.<\/p>\n<p class=\"western\">Wir wollen aber weiterhin unsere Transparente zeigen, was von der Polizei am Stra\u00dfenrand und auf der Mitte des Kreisels vor dem Haupttor geduldet wird. Hier kommen weiterhin massenhaft SoldatInnen zu ihrem Arbeitsplatz, viele von ihnen sehr sehr jung. Wissen sie, was sie tun? Wollen sie es ernsthaft verantworten? Die unbewegten Mienen verraten es nicht. Immerhin: Unser Protest wird wahrgenommen. Ein Pappschild zeigt ein menschliches Gehirn mit dem Aufdruck: \u201eSie haben da was!\u201c Wer es wie nutzt, bleibt im D\u00e4mmerlicht des k\u00fchlen Morgens verborgen. Gegen halb acht steigt die Sonne auf, und uns bleibt das Prinzip Hoffnung. Zwanzig weitere Blockaden sind schon angek\u00fcndigt.<\/p>\n<p class=\"western\">Nach einem gemeinsamen Fr\u00fchst\u00fcck im Mahnwachenzelt begeben wir uns wieder mit unseren Transparenten und Pace-Fahnen zum Protest auf den Kreisel vor dem Haupttor.<\/p>\n<p class=\"western\">Zwischen zehn und zw\u00f6lf Uhr donnern 20 Tornado-Kampfflugzeuge der Bundeswehr \u00fcber die Moselberge hinweg \u2013 mit ihnen \u00fcben deutsche Soldaten das Ausklinken von US-Atombomben.<\/p>\n","protected":false},"excerpt":{"rendered":"<p>Von Ariane Dettloff Gruppe DFG\/VK and Friends Foto: Herbert Sauerwein Aufbruch unterm Halbmond. Um 5 Uhr 15 ist es noch reichlich dunkel. Wir haben Sorge, dass die Autofahrer in schneller Fahrt zum Bundeswehr-Fliegerhorst B\u00fcchel&#46;&#46;&#46;<\/p>\n","protected":false},"author":110,"featured_media":8274,"comment_status":"open","ping_status":"open","sticky":false,"template":"","format":"standard","meta":{"footnotes":""},"categories":[2],"tags":[33],"class_list":["post-8273","post","type-post","status-publish","format-standard","has-post-thumbnail","hentry","category-aktionen","tag-atomwaffen"],"_links":{"self":[{"href":"https:\/\/www.friedenkoeln.de\/index.php?rest_route=\/wp\/v2\/posts\/8273","targetHints":{"allow":["GET"]}}],"collection":[{"href":"https:\/\/www.friedenkoeln.de\/index.php?rest_route=\/wp\/v2\/posts"}],"about":[{"href":"https:\/\/www.friedenkoeln.de\/index.php?rest_route=\/wp\/v2\/types\/post"}],"author":[{"embeddable":true,"href":"https:\/\/www.friedenkoeln.de\/index.php?rest_route=\/wp\/v2\/users\/110"}],"replies":[{"embeddable":true,"href":"https:\/\/www.friedenkoeln.de\/index.php?rest_route=%2Fwp%2Fv2%2Fcomments&post=8273"}],"version-history":[{"count":3,"href":"https:\/\/www.friedenkoeln.de\/index.php?rest_route=\/wp\/v2\/posts\/8273\/revisions"}],"predecessor-version":[{"id":8281,"href":"https:\/\/www.friedenkoeln.de\/index.php?rest_route=\/wp\/v2\/posts\/8273\/revisions\/8281"}],"wp:featuredmedia":[{"embeddable":true,"href":"https:\/\/www.friedenkoeln.de\/index.php?rest_route=\/wp\/v2\/media\/8274"}],"wp:attachment":[{"href":"https:\/\/www.friedenkoeln.de\/index.php?rest_route=%2Fwp%2Fv2%2Fmedia&parent=8273"}],"wp:term":[{"taxonomy":"category","embeddable":true,"href":"https:\/\/www.friedenkoeln.de\/index.php?rest_route=%2Fwp%2Fv2%2Fcategories&post=8273"},{"taxonomy":"post_tag","embeddable":true,"href":"https:\/\/www.friedenkoeln.de\/index.php?rest_route=%2Fwp%2Fv2%2Ftags&post=8273"}],"curies":[{"name":"wp","href":"https:\/\/api.w.org\/{rel}","templated":true}]}}