{"id":8286,"date":"2015-04-12T15:55:17","date_gmt":"2015-04-12T13:55:17","guid":{"rendered":"http:\/\/www.friedenkoeln.de\/?p=8286"},"modified":"2015-04-12T15:55:17","modified_gmt":"2015-04-12T13:55:17","slug":"bundestags-petition-gegen-die-erhoehung-des-bnd-etats-2016","status":"publish","type":"post","link":"https:\/\/www.friedenkoeln.de\/?p=8286","title":{"rendered":"Bundestags-Petition gegen die Erh\u00f6hung des BND-Etats 2016"},"content":{"rendered":"<pre>Am Mittwoch, den ersten April, hat der Petitionsausschuss des Deutschen\r\nBundestages die Petition 57952 freigeschaltet\r\n<a class=\"moz-txt-link-rfc2396E\" href=\"https:\/\/epetitionen.bundestag.de\/content\/petitionen\/_2015\/_03\/_13\/Petition_57952.html\">&lt;https:\/\/epetitionen.bundestag.de\/content\/petitionen\/_2015\/_03\/_13\/Petition_57952.html&gt;<\/a>.\r\nIn dieser Petition wird die K\u00fcrzung des BND-Etats gefordert.\r\n\r\nDie Petition wird u.a. begr\u00fcndet mit der Massen\u00fcberwachung durch den BND\r\nsowie der Weitergabe von Daten, die Drohnenangriffe der US-Streitkr\u00e4fte\r\nunterst\u00fctzen. Weiter f\u00fchrt die Begr\u00fcndung aus, dass der BND bereits\r\nheute nicht mehr vom Parlament kontrolliert werden kann. Dies haben auch\r\ndie Anh\u00f6rungen im NSA-Untersuchungsausschuss in den letzten Wochen\r\ndeutlich gemacht.\r\nZu den Unterst\u00fctzern dieser Petition geh\u00f6rt das Forum InformatikerInnen f\u00fcr Frieden und gesellschaftliche Verantwortung (FIfF) e.V. sowie #StopWatchingUs K\u00f6ln<\/pre>\n","protected":false},"excerpt":{"rendered":"<p>Am Mittwoch, den ersten April, hat der Petitionsausschuss des Deutschen Bundestages die Petition 57952 freigeschaltet &lt;https:\/\/epetitionen.bundestag.de\/content\/petitionen\/_2015\/_03\/_13\/Petition_57952.html&gt;. In dieser Petition wird die K\u00fcrzung des BND-Etats gefordert. Die Petition wird u.a. begr\u00fcndet mit der Massen\u00fcberwachung durch&#46;&#46;&#46;<\/p>\n","protected":false},"author":110,"featured_media":0,"comment_status":"open","ping_status":"open","sticky":false,"template":"","format":"standard","meta":{"footnotes":""},"categories":[2],"tags":[40],"class_list":["post-8286","post","type-post","status-publish","format-standard","hentry","category-aktionen","tag-demokratie"],"_links":{"self":[{"href":"https:\/\/www.friedenkoeln.de\/index.php?rest_route=\/wp\/v2\/posts\/8286","targetHints":{"allow":["GET"]}}],"collection":[{"href":"https:\/\/www.friedenkoeln.de\/index.php?rest_route=\/wp\/v2\/posts"}],"about":[{"href":"https:\/\/www.friedenkoeln.de\/index.php?rest_route=\/wp\/v2\/types\/post"}],"author":[{"embeddable":true,"href":"https:\/\/www.friedenkoeln.de\/index.php?rest_route=\/wp\/v2\/users\/110"}],"replies":[{"embeddable":true,"href":"https:\/\/www.friedenkoeln.de\/index.php?rest_route=%2Fwp%2Fv2%2Fcomments&post=8286"}],"version-history":[{"count":1,"href":"https:\/\/www.friedenkoeln.de\/index.php?rest_route=\/wp\/v2\/posts\/8286\/revisions"}],"predecessor-version":[{"id":8287,"href":"https:\/\/www.friedenkoeln.de\/index.php?rest_route=\/wp\/v2\/posts\/8286\/revisions\/8287"}],"wp:attachment":[{"href":"https:\/\/www.friedenkoeln.de\/index.php?rest_route=%2Fwp%2Fv2%2Fmedia&parent=8286"}],"wp:term":[{"taxonomy":"category","embeddable":true,"href":"https:\/\/www.friedenkoeln.de\/index.php?rest_route=%2Fwp%2Fv2%2Fcategories&post=8286"},{"taxonomy":"post_tag","embeddable":true,"href":"https:\/\/www.friedenkoeln.de\/index.php?rest_route=%2Fwp%2Fv2%2Ftags&post=8286"}],"curies":[{"name":"wp","href":"https:\/\/api.w.org\/{rel}","templated":true}]}}