{"id":8321,"date":"2015-04-23T21:44:24","date_gmt":"2015-04-23T19:44:24","guid":{"rendered":"http:\/\/www.friedenkoeln.de\/?p=8321"},"modified":"2015-04-23T21:51:24","modified_gmt":"2015-04-23T19:51:24","slug":"bundesregierung-soll-sich-staerker-fuer-die-atomare-abruestung-einsetzen","status":"publish","type":"post","link":"https:\/\/www.friedenkoeln.de\/?p=8321","title":{"rendered":"Bundesregierung soll sich st\u00e4rker f\u00fcr die atomare Abr\u00fcstung einsetzen"},"content":{"rendered":"<div class=\"moz-text-html\" lang=\"x-unicode\">\n<table border=\"0\" width=\"100%\" cellspacing=\"0\" cellpadding=\"10\">\n<tbody>\n<tr>\n<td align=\"center\">\n<table width=\"800\">\n<tbody>\n<tr>\n<td align=\"left\">\n<div id=\"ms\">\n<div class=\"mscontent content\">\n<div id=\"c2984\" class=\"csc-default\">\n<p class=\"bodytext\">Die Kampagne <i>atomwaffenfrei.jetzt<\/i>, die von 50 Organisationen und Gruppen<\/p>\n<p class=\"bodytext\">getragen wird, ruft die Bundesregierung auf, anl\u00e4sslich des Beginns der vierw\u00f6chi-<\/p>\n<p class=\"bodytext\">gen Konferenz in New York zur \u00dcberpr\u00fcfung des Atomwaffensperrvertrags am<\/p>\n<p class=\"bodytext\">kommenden Montag mutiger f\u00fcr die atomare Abr\u00fcstung einzutreten. Der Antrag<\/p>\n<p class=\"bodytext\">der gro\u00dfen Koalition, der am Freitag debattiert wird, enth\u00e4lt keine konkreten For-<\/p>\n<p class=\"bodytext\">derungen f\u00fcr Abr\u00fcstungsschritte, die die Bundesregierung unternehmen kann,<\/p>\n<p class=\"bodytext\">sondern beschr\u00e4nkt sich auf vage Formulierungen und Wunsch\u00e4u\u00dferungen. Der<\/p>\n<p class=\"bodytext\">Schwerpunkt des Antrags liegt vor allem auf der Nichtverbreitung von<\/p>\n<p class=\"bodytext\">Atomwaffen.<\/p>\n<p class=\"bodytext\">Die Kampagne fordert die deutsche Bundesregierung auf, sich bei der Konferenz<\/p>\n<p class=\"bodytext\">in New York, nicht nur f\u00fcr eine Fortschreibung des im Abschlussdokument enthal-<\/p>\n<p class=\"bodytext\">tenen Aktionsplans von 2010 einzusetzen, sondern sich deutlich gegen die Moder-<\/p>\n<p class=\"bodytext\">nisierung und f\u00fcr eine \u00c4chtung der Atomwaffen auszusprechen und sich der \u00f6ster-<\/p>\n<p class=\"bodytext\">reichischen Initiative <i>Austrian Pledge<\/i> anzuschlie\u00dfen. Mit dem <i>Austrian Pledge<\/i><\/p>\n<p class=\"bodytext\">verpflichten sich Staaten, die sogenannte Rechtsl\u00fccke f\u00fcr das Verbot und die<\/p>\n<p class=\"bodytext\">Eliminierung von Atomwaffen vertraglich zu schlie\u00dfen.<\/p>\n<p class=\"bodytext\">Die humanit\u00e4re Initiative hat zwischenzeitlich sehr viel Fahrt aufgenommen: Sie<\/p>\n<p class=\"bodytext\">wird von 155 Staaten unterst\u00fctzt, drei Staatenkonferenzen in zwei Jahren behan-<\/p>\n<p class=\"bodytext\">delten das Thema katastrophale humanit\u00e4re Folgen der Atomwaffen. Sie wird<\/p>\n<p class=\"bodytext\">aber mit keinem Wort im Antrag der Unions- und SPD-Fraktion erw\u00e4hnt. Nur im<\/p>\n<p class=\"bodytext\">letzten Absatz wurde in Anlehnung an einem Passus im \u00fcberparteilichen Bundes-<\/p>\n<p class=\"bodytext\">tagsantrag von 2010 (17\/1159) die Forderung aufgenommen, an der Diskussion<\/p>\n<p class=\"bodytext\">von zivilgesellschaftlichen Ans\u00e4tzen f\u00fcr eine vollst\u00e4ndige Abr\u00fcstung teilzuneh-<\/p>\n<p class=\"bodytext\">men, wie beispielsweise der Diskussion um die humanit\u00e4ren Folgewirkungen<\/p>\n<p class=\"bodytext\">eines Atombombeneinsatzes.<\/p>\n<p class=\"bodytext\">\u201eDiese Diskussion ist allerdings nicht mehr eine zivilgesellschaftliche, sondern<\/p>\n<p class=\"bodytext\">eine Diskussion unter Staaten geworden. Der Antrag ignoriert die wachsende Zahl<\/p>\n<p class=\"bodytext\">von Staaten, die sich nicht nur mehreren Erkl\u00e4rungen zu den humanit\u00e4ren Folgen<\/p>\n<p class=\"bodytext\">der Atomwaffen, sondern auch dem <i>Austrian Pledge<\/i> angeschlossen haben\u201c, sagt<\/p>\n<p class=\"bodytext\">Xanthe Hall, Sprecherin der Kampagne und Abr\u00fcstungscampaignerin der IPPNW.<\/p>\n<p class=\"bodytext\">Ein zweiter Antrag der Fraktion Die Linke steht am Freitag ebenfalls auf der Ta-<\/p>\n<p class=\"bodytext\">gesordnung. Er behandelt den breiteren Kontext der europ\u00e4ischen Sicherheit. Die<\/p>\n<p class=\"bodytext\">Fraktion Die Linke fordert die Bundesregierung auf, die aufgrund der erh\u00f6hten<\/p>\n<p class=\"bodytext\">Spannung zwischen NATO und Russland gef\u00e4hrdeten R\u00fcstungskontrollabkommen<\/p>\n<p class=\"bodytext\">wie den INF-Vertrag zu retten. Weder NATO noch Russland sollten einem anderen<\/p>\n<p class=\"bodytext\">Staat mit dem Einsatz von Nuklearwaffen drohen.<\/p>\n<p class=\"bodytext\">\u201eDie Gr\u00fcnde f\u00fcr diese Spannung, die ihre Wurzeln bereits vor der Ukrainekrise<\/p>\n<p class=\"bodytext\">haben, werden im Antrag der gro\u00dfen Koalition kaum erw\u00e4hnt. Stattdessen wird<\/p>\n<p class=\"bodytext\">alleine Russland verantwortlich gemacht. Lediglich in einem Satz erw\u00e4hnt der<\/p>\n<p class=\"bodytext\">Antrag, dass alle Atomwaffenstaaten ihre atomaren Waffen modernisieren. \u00dcber<\/p>\n<p class=\"bodytext\">die Atomwaffen in Deutschland, die in ca. f\u00fcnf Jahre gegen neue modernisierte<\/p>\n<p class=\"bodytext\">Bomben ausgetauscht werden, wird g\u00e4nzlich geschwiegen\u201c, sagt Roland Blach,<\/p>\n<p class=\"bodytext\">Koordinator der Kampagne <i>atomwaffenfrei.jetzt<\/i>. Bereits in der Befragung der<\/p>\n<p class=\"bodytext\">Bundesregierung zum Jahresabr\u00fcstungsbericht am (4. M\u00e4rz 2015) hat Au\u00dfen-<\/p>\n<p class=\"bodytext\">minister Steinmeier den 2010 beschlossenen Abzug dieser Atomwaffen auf Eis<\/p>\n<p class=\"bodytext\">gelegt.<\/p>\n<p class=\"bodytext\">\u201eDer Bundestagsbeschluss 2010 war ein Hoffnungsschimmer, sprach sich doch<\/p>\n<p class=\"bodytext\">eine Mehrheit des Bundestages f\u00fcr den Abzug der Atomwaffen aus Deutschland<\/p>\n<p class=\"bodytext\">aus. F\u00fcnf Jahre sp\u00e4ter muss festgehalten werden, dass dies nur leere Versprechen<\/p>\n<p class=\"bodytext\">waren, denen keine Taten folgten. Stattdessen sollen nun die Atomwaffen in<\/p>\n<p class=\"bodytext\">B\u00fcchel modernisiert werden. Dem neuen nuklearen R\u00fcstungswettlauf schaut die<\/p>\n<p class=\"bodytext\">Bundesregierung tatenlos zu. Dies ist ein gro\u00dfer R\u00fcckschritt und konterkariert<\/p>\n<p class=\"bodytext\">jegliche Bem\u00fchungen f\u00fcr eine atomwaffenfreie Zukunft\u201c, so Philipp Ingenleuf<\/p>\n<p class=\"bodytext\">vom Netzwerk Friedenskooperative und Co-Koordinator der Kampagne.<\/p>\n<p class=\"bodytext\">\u201eDie in der Kampagne <i>atomwaffenfrei.jetzt<\/i> zusammengeschlossenen Gruppen<\/p>\n<p class=\"bodytext\">werden ihr Engagement daher in den kommenden Monaten verst\u00e4rken\u201c, so Blach.<\/p>\n<p class=\"bodytext\">Mehr als zwei Dutzend Gruppen beteiligen sich bisher an den seit dem 26. M\u00e4rz<\/p>\n<p class=\"bodytext\">und noch bis 29. Mai Blockadeaktionen B\u00fcchel65.<\/p>\n<p class=\"bodytext\">Der Antrag der Fraktionen CDU\/CSU und SPD:<\/p>\n<p class=\"bodytext\"><a href=\"http:\/\/dipbt.bundestag.de\/doc\/btd\/18\/046\/1804685.pdf\">http:\/\/dipbt.bundestag.de\/doc\/btd\/18\/046\/1804685.pdf<\/a><\/p>\n<p class=\"bodytext\">Der Antrag der Fraktion Die Linke:<\/p>\n<p class=\"bodytext\"><a href=\"http:\/\/dipbt.bundestag.de\/doc\/btd\/18\/046\/1804681.pdf\">http:\/\/dipbt.bundestag.de\/doc\/btd\/18\/046\/1804681.pdf<\/a><\/p>\n<p class=\"bodytext\">Austrian Pledge: <a href=\"http:\/\/www.bmeia.gv.at\/...\/HINW14_Austrian_Pledge.pdf\">http:\/\/www.bmeia.gv.at\/&#8230;\/HINW14_Austrian_Pledge.pdf<\/a><\/p>\n<p class=\"bodytext\"><b>Kontakte:<\/b><br \/>\nXanthe Hall, IPPNW, 030-698074-12, Mobil: 0171-435 8404, <a href=\"mailto:xanthe@ippnw.de\">xanthe@ippnw.de<\/a><br \/>\nRoland Blach, DFG-VK, 0711-51885601, Mobil: 0177-2507286, <a href=\"mailto:ba-wue@dfg-vk.de\">ba-wue@dfg-vk.de<\/a><br \/>\nPhilipp Ingenleuf, Netzwerk Friedenskooperative, 0228-692904,<\/p>\n<p class=\"bodytext\">Mobil: 0173\/ 5214186, <a href=\"mailto:p.ingenleuf@friedenskooperative.de\">p.ingenleuf@friedenskooperative.de<\/a><\/p>\n<\/div>\n<\/div>\n<div class=\"floatBreaker\"><\/div>\n<\/div>\n<\/td>\n<\/tr>\n<tr>\n<td align=\"left\">\n<table width=\"800\">\n<tbody>\n<tr>\n<td valign=\"top\"><b>Die Kampagne:<\/b><br \/>\nZiel unserer Kampagne ist, Atomwaffen durch einen juristisch verbindlichen<\/p>\n<p>Vertrag weltweit zu \u00e4chten, so wie es bei anderen Massenvernichtungswaffen<\/p>\n<p>schon geschehen ist. Denn es gibt nur eine Antwort auf die Gefahren, die Atom-<\/p>\n<p>waffen mit sich bringen: ihre vollst\u00e4ndige Abschaffung. Auf dem Weg zur welt-<\/p>\n<p>weiten Abr\u00fcstung ist ein erster wichtiger Beitrag der Abzug der US-Atomwaffen<\/p>\n<p>aus Deutschland. Deswegen setzen wir uns mit Nachdruck daf\u00fcr ein. Die geplante<\/p>\n<p>Modernisierung der in Europa stationierten Atombomben ist kontraproduktiv und<\/p>\n<p>au\u00dferdem eine Verschwendung von Finanzressourcen. Daher fordern wir einen<\/p>\n<p>Stopp dieser Pl\u00e4ne.<\/td>\n<td rowspan=\"2\" valign=\"top\"><b>atomwaffenfrei.jetzt<\/b><br \/>\nKoordinator: Roland Blach<br \/>\nWerastr. 10<br \/>\n70182 Stuttgart<br \/>\nTel. 0711-51885601<br \/>\nE-Mail: ba-wue@dfg-vk.dewww.atomwaffenfrei.de<\/td>\n<\/tr>\n<tr>\n<td colspan=\"2\" align=\"center\"><\/td>\n<\/tr>\n<\/tbody>\n<\/table>\n<\/td>\n<\/tr>\n<\/tbody>\n<\/table>\n<\/td>\n<\/tr>\n<\/tbody>\n<\/table>\n<\/div>\n","protected":false},"excerpt":{"rendered":"<p>Die Kampagne atomwaffenfrei.jetzt, die von 50 Organisationen und Gruppen getragen wird, ruft die Bundesregierung auf, anl\u00e4sslich des Beginns der vierw\u00f6chi- gen Konferenz in New York zur \u00dcberpr\u00fcfung des Atomwaffensperrvertrags am kommenden Montag mutiger f\u00fcr&#46;&#46;&#46;<\/p>\n","protected":false},"author":110,"featured_media":0,"comment_status":"open","ping_status":"open","sticky":false,"template":"","format":"standard","meta":{"footnotes":""},"categories":[2],"tags":[33,32],"class_list":["post-8321","post","type-post","status-publish","format-standard","hentry","category-aktionen","tag-atomwaffen","tag-information-diskussion"],"_links":{"self":[{"href":"https:\/\/www.friedenkoeln.de\/index.php?rest_route=\/wp\/v2\/posts\/8321","targetHints":{"allow":["GET"]}}],"collection":[{"href":"https:\/\/www.friedenkoeln.de\/index.php?rest_route=\/wp\/v2\/posts"}],"about":[{"href":"https:\/\/www.friedenkoeln.de\/index.php?rest_route=\/wp\/v2\/types\/post"}],"author":[{"embeddable":true,"href":"https:\/\/www.friedenkoeln.de\/index.php?rest_route=\/wp\/v2\/users\/110"}],"replies":[{"embeddable":true,"href":"https:\/\/www.friedenkoeln.de\/index.php?rest_route=%2Fwp%2Fv2%2Fcomments&post=8321"}],"version-history":[{"count":3,"href":"https:\/\/www.friedenkoeln.de\/index.php?rest_route=\/wp\/v2\/posts\/8321\/revisions"}],"predecessor-version":[{"id":8324,"href":"https:\/\/www.friedenkoeln.de\/index.php?rest_route=\/wp\/v2\/posts\/8321\/revisions\/8324"}],"wp:attachment":[{"href":"https:\/\/www.friedenkoeln.de\/index.php?rest_route=%2Fwp%2Fv2%2Fmedia&parent=8321"}],"wp:term":[{"taxonomy":"category","embeddable":true,"href":"https:\/\/www.friedenkoeln.de\/index.php?rest_route=%2Fwp%2Fv2%2Fcategories&post=8321"},{"taxonomy":"post_tag","embeddable":true,"href":"https:\/\/www.friedenkoeln.de\/index.php?rest_route=%2Fwp%2Fv2%2Ftags&post=8321"}],"curies":[{"name":"wp","href":"https:\/\/api.w.org\/{rel}","templated":true}]}}