{"id":8341,"date":"2015-05-03T12:57:33","date_gmt":"2015-05-03T10:57:33","guid":{"rendered":"http:\/\/www.friedenkoeln.de\/?p=8341"},"modified":"2015-05-03T12:58:13","modified_gmt":"2015-05-03T10:58:13","slug":"atomwaffen-blockade-unrechtmaessig-geraeumt","status":"publish","type":"post","link":"https:\/\/www.friedenkoeln.de\/?p=8341","title":{"rendered":"Atomwaffen-Blockade unrechtm\u00e4\u00dfig ger\u00e4umt?"},"content":{"rendered":"<p>Ein lesenswerter Bericht von Heinz Weinhausen zur Blockade selbstverwalteter K\u00f6lner Betriebe am 20. 4. 15 ist erschienen unter<\/p>\n<p><a class=\"moz-txt-link-freetext\" href=\"http:\/\/www.nrhz.de\/flyer\/beitrag.php?id=21553\">http:\/\/www.nrhz.de\/flyer\/beitrag.php?id=21553<\/a><\/p>\n<p><img loading=\"lazy\" decoding=\"async\" class=\" aligncenter\" src=\"http:\/\/www.nrhz.de\/flyer\/media\/21553\/buechel65_gruppe.JPG\" alt=\"\" width=\"443\" height=\"328\" \/><\/p>\n<h5 style=\"text-align: center;\">Blockadegruppe von K\u00f6lner Selbstverwalteten Betrieben mit Unterst\u00fctzerInnen<\/h5>\n<div><\/div>\n","protected":false},"excerpt":{"rendered":"<p>Ein lesenswerter Bericht von Heinz Weinhausen zur Blockade selbstverwalteter K\u00f6lner Betriebe am 20. 4. 15 ist erschienen unter http:\/\/www.nrhz.de\/flyer\/beitrag.php?id=21553 Blockadegruppe von K\u00f6lner Selbstverwalteten Betrieben mit Unterst\u00fctzerInnen<\/p>\n","protected":false},"author":110,"featured_media":8342,"comment_status":"open","ping_status":"open","sticky":false,"template":"","format":"standard","meta":{"footnotes":""},"categories":[2],"tags":[33],"class_list":["post-8341","post","type-post","status-publish","format-standard","has-post-thumbnail","hentry","category-aktionen","tag-atomwaffen"],"_links":{"self":[{"href":"https:\/\/www.friedenkoeln.de\/index.php?rest_route=\/wp\/v2\/posts\/8341","targetHints":{"allow":["GET"]}}],"collection":[{"href":"https:\/\/www.friedenkoeln.de\/index.php?rest_route=\/wp\/v2\/posts"}],"about":[{"href":"https:\/\/www.friedenkoeln.de\/index.php?rest_route=\/wp\/v2\/types\/post"}],"author":[{"embeddable":true,"href":"https:\/\/www.friedenkoeln.de\/index.php?rest_route=\/wp\/v2\/users\/110"}],"replies":[{"embeddable":true,"href":"https:\/\/www.friedenkoeln.de\/index.php?rest_route=%2Fwp%2Fv2%2Fcomments&post=8341"}],"version-history":[{"count":1,"href":"https:\/\/www.friedenkoeln.de\/index.php?rest_route=\/wp\/v2\/posts\/8341\/revisions"}],"predecessor-version":[{"id":8343,"href":"https:\/\/www.friedenkoeln.de\/index.php?rest_route=\/wp\/v2\/posts\/8341\/revisions\/8343"}],"wp:featuredmedia":[{"embeddable":true,"href":"https:\/\/www.friedenkoeln.de\/index.php?rest_route=\/wp\/v2\/media\/8342"}],"wp:attachment":[{"href":"https:\/\/www.friedenkoeln.de\/index.php?rest_route=%2Fwp%2Fv2%2Fmedia&parent=8341"}],"wp:term":[{"taxonomy":"category","embeddable":true,"href":"https:\/\/www.friedenkoeln.de\/index.php?rest_route=%2Fwp%2Fv2%2Fcategories&post=8341"},{"taxonomy":"post_tag","embeddable":true,"href":"https:\/\/www.friedenkoeln.de\/index.php?rest_route=%2Fwp%2Fv2%2Ftags&post=8341"}],"curies":[{"name":"wp","href":"https:\/\/api.w.org\/{rel}","templated":true}]}}