{"id":8345,"date":"2015-05-04T23:19:28","date_gmt":"2015-05-04T21:19:28","guid":{"rendered":"http:\/\/www.friedenkoeln.de\/?p=8345"},"modified":"2015-05-04T23:23:11","modified_gmt":"2015-05-04T21:23:11","slug":"die-befreiung-von-majdanek-und-auschwitz-zeugnis-eines-kuenstlers","status":"publish","type":"post","link":"https:\/\/www.friedenkoeln.de\/?p=8345","title":{"rendered":"Die Befreiung von Majdanek und Auschwitz: Zeugnis eines K\u00fcnstlers"},"content":{"rendered":"<div id=\"yiv9357347821\">\n<div id=\"yiv9357347821yui_3_16_0_1_1430758708952_12932\">\n<div id=\"yiv9357347821yui_3_16_0_1_1430758708952_12931\">\n<div id=\"yiv9357347821yui_3_16_0_1_1430758708952_9721\">\n<div id=\"yiv9357347821yui_3_16_0_1_1430758708952_9720\">\n<div id=\"yiv9357347821yui_3_16_0_1_1430758708952_9730\" class=\"yiv9357347821y_msg_container\">\n<div id=\"yiv9357347821\">\n<div id=\"yiv9357347821yui_3_16_0_1_1430758708952_9729\">\n<table id=\"yiv9357347821yui_3_16_0_1_1430758708952_9728\" border=\"0\" cellspacing=\"0\" cellpadding=\"20\">\n<tbody id=\"yiv9357347821yui_3_16_0_1_1430758708952_9727\">\n<tr id=\"yiv9357347821yui_3_16_0_1_1430758708952_9726\">\n<td id=\"yiv9357347821yui_3_16_0_1_1430758708952_9725\" colspan=\"1\" rowspan=\"1\" valign=\"top\">\n<div id=\"yiv9357347821yui_3_16_0_1_1430758708952_9724\">\n<div id=\"yui_3_16_0_1_1430759420741_6507\" dir=\"ltr\"><span id=\"yiv9357347821yui_3_16_0_1_1430758708952_9723\" style=\"font-family: Arial; font-size: medium;\">Liebe FriedensfreundInnen und MitstreiterInnen,<br \/>\n<\/span><\/div>\n<p><span id=\"yiv9357347821yui_3_16_0_1_1430758708952_9723\" style=\"font-family: Arial; font-size: medium;\"> <br clear=\"none\" \/> ab heute ist die Ausstellung \u201eDer Soldat Tolkatchev an den Toren zur H\u00f6lle\u201c an der Universit\u00e4t K\u00f6ln zu sehen, die von der israelischen Holocaust-Gedenkst\u00e4tte Yad Vashem konzipiert wurde. Sie wird vom Arbeitskreis Zivilklausel anl\u00e4sslich des 70. Jahrestages der Befreiung vom Faschismus gezeigt. <\/span><\/p>\n<div id=\"yiv9357347821yqtfd49668\" class=\"yiv9357347821yqt7155200728\" style=\"text-align: center;\"><a href=\"http:\/\/www.friedenkoeln.de\/wp-content\/uploads\/2015\/05\/tolkatchev.jpg\" data-rel=\"lightbox-image-0\" data-rl_title=\"\" data-rl_caption=\"\" title=\"\"><img loading=\"lazy\" decoding=\"async\" class=\"alignnone size-medium wp-image-8347\" src=\"http:\/\/www.friedenkoeln.de\/wp-content\/uploads\/2015\/05\/tolkatchev-180x190.jpg\" alt=\"tolkatchev\" width=\"180\" height=\"190\" \/><\/a><br clear=\"none\" \/> <br clear=\"none\" \/> Der sowjetische K\u00fcnstler Zinovii Tolkatchev (1903-1977) war an der Seite der Roten Armee beteiligt an der Befreiung der Konzentrationslager Majdanek und Auschwitz und hat dabei die Menschen in den Lagern gezeichnet und dokumentiert. <br clear=\"none\" \/> <br clear=\"none\" \/> In Gegnerschaft zu den Bestrebungen der Nazis, jegliche Menschlichkeit auszurotten, arbeitet Tolkatchev die W\u00fcrde der Menschen in den Lagern, ihre Pers\u00f6nlichkeit und ihren Widerstand f\u00fcr Humanit\u00e4t heraus. Deutlich wird: Selbst in den KZs wurden Solidarit\u00e4t und Humanit\u00e4t realisiert, sie sind immer eine Alternative. Gleichzeitig wird die Selbstentmenschlichung der T\u00e4ter und Profiteure des Faschismus (z. B. die I. G. Farbenindustrie) deutlich.<\/div>\n<div id=\"yiv9357347821yqtfd02218\" class=\"yiv9357347821yqt7155200728\">\n<div id=\"yiv9357347821yqtfd10490\" class=\"yiv9357347821yqt4609042474\"><br clear=\"none\" \/> Hier ist die Ausstellung zu sehen:<br clear=\"none\" \/> 1. Mai \u2013 8. Mai: Erdgeschoss der Uni-Mensa<br clear=\"none\" \/> 9. Mai \u2013 29. Mai: Foyer des Philosophikums<br clear=\"none\" \/> 30. Mai \u2013 9. Juni: Uni-Hauptgeb\u00e4ude<br clear=\"none\" \/> 10. Juni \u2013 30. Juni: Foyer der Humanwiss. Fakult\u00e4t <br clear=\"none\" \/> <br clear=\"none\" \/> Das Flugblatt zur Ausstellung sowie die genauen Ausstellungsrundg\u00e4nge und Rahmveranstaltungen k\u00f6nnt Ihr im Flugblatt des Arbeitskreises nachlesen:<br clear=\"none\" \/> <a href=\"http:\/\/www.zivilklausel.uni-koeln.de\/Flyer-Tolkatchev.pdf\">http:\/\/www.zivilklausel.uni-koeln.de\/Flyer-Tolkatchev.pdf <\/a><br clear=\"none\" \/> <br clear=\"none\" \/> Es finden unter anderem Ausstellungsrundg\u00e4nge mit dem Kunsthistoriker Stefan Groh\u00e9 und dem Historiker Habbo Knoch sowie mit dem Schriftsteller Do\u011fan Akhanl\u0131 statt; eine antifaschistische Lesung aus den von den Nazis verbrannten B\u00fcchern und eine Veranstaltung zum antifaschistischen Widerstand, zur Befreiung 1945 und die Lehren f\u00fcr heute. <br clear=\"none\" \/> <br clear=\"none\" \/> Wir freuen uns \u00fcber Euren Besuch und eine Verbreitung dieser Ank\u00fcndigung, <br clear=\"none\" \/> <br clear=\"none\" \/> Senta Pineau<br clear=\"none\" \/> f\u00fcr den AK Zivilklausel<\/div>\n<\/div>\n<\/div>\n<div id=\"yiv9357347821yqtfd37391\" class=\"yiv9357347821yqt7155200728\"><\/div>\n<\/td>\n<\/tr>\n<\/tbody>\n<\/table>\n<div id=\"yiv9357347821yqtfd42878\" class=\"yiv9357347821yqt7155200728\"><\/div>\n<\/div>\n<div id=\"yiv9357347821yqtfd44884\" class=\"yiv9357347821yqt7155200728\"><\/div>\n<\/div>\n<div id=\"yiv9357347821yqtfd31378\" class=\"yiv9357347821yqt7155200728\">\n<div id=\"yiv9357347821yqtfd17574\" class=\"yiv9357347821yqt4609042474\"><br clear=\"none\" \/><br clear=\"none\" \/><\/div>\n<\/div>\n<\/div>\n<div id=\"yiv9357347821yqtfd52319\" class=\"yiv9357347821yqt7155200728\"><\/div>\n<\/div>\n<div id=\"yiv9357347821yqtfd40885\" class=\"yiv9357347821yqt7155200728\"><\/div>\n<\/div>\n<div id=\"yiv9357347821yqtfd17190\" class=\"yiv9357347821yqt7155200728\"><\/div>\n<\/div>\n<\/div>\n<\/div>\n<div id=\"yiv9357347821yqtfd06048\" class=\"yiv9357347821yqt7155200728\"><\/div>\n","protected":false},"excerpt":{"rendered":"<p>Liebe FriedensfreundInnen und MitstreiterInnen, ab heute ist die Ausstellung \u201eDer Soldat Tolkatchev an den Toren zur H\u00f6lle\u201c an der Universit\u00e4t K\u00f6ln zu sehen, die von der israelischen Holocaust-Gedenkst\u00e4tte Yad Vashem konzipiert wurde. Sie wird&#46;&#46;&#46;<\/p>\n","protected":false},"author":110,"featured_media":8347,"comment_status":"open","ping_status":"open","sticky":false,"template":"","format":"standard","meta":{"footnotes":""},"categories":[2],"tags":[32,9],"class_list":["post-8345","post","type-post","status-publish","format-standard","has-post-thumbnail","hentry","category-aktionen","tag-information-diskussion","tag-frieden-und-kunst"],"_links":{"self":[{"href":"https:\/\/www.friedenkoeln.de\/index.php?rest_route=\/wp\/v2\/posts\/8345","targetHints":{"allow":["GET"]}}],"collection":[{"href":"https:\/\/www.friedenkoeln.de\/index.php?rest_route=\/wp\/v2\/posts"}],"about":[{"href":"https:\/\/www.friedenkoeln.de\/index.php?rest_route=\/wp\/v2\/types\/post"}],"author":[{"embeddable":true,"href":"https:\/\/www.friedenkoeln.de\/index.php?rest_route=\/wp\/v2\/users\/110"}],"replies":[{"embeddable":true,"href":"https:\/\/www.friedenkoeln.de\/index.php?rest_route=%2Fwp%2Fv2%2Fcomments&post=8345"}],"version-history":[{"count":3,"href":"https:\/\/www.friedenkoeln.de\/index.php?rest_route=\/wp\/v2\/posts\/8345\/revisions"}],"predecessor-version":[{"id":8349,"href":"https:\/\/www.friedenkoeln.de\/index.php?rest_route=\/wp\/v2\/posts\/8345\/revisions\/8349"}],"wp:featuredmedia":[{"embeddable":true,"href":"https:\/\/www.friedenkoeln.de\/index.php?rest_route=\/wp\/v2\/media\/8347"}],"wp:attachment":[{"href":"https:\/\/www.friedenkoeln.de\/index.php?rest_route=%2Fwp%2Fv2%2Fmedia&parent=8345"}],"wp:term":[{"taxonomy":"category","embeddable":true,"href":"https:\/\/www.friedenkoeln.de\/index.php?rest_route=%2Fwp%2Fv2%2Fcategories&post=8345"},{"taxonomy":"post_tag","embeddable":true,"href":"https:\/\/www.friedenkoeln.de\/index.php?rest_route=%2Fwp%2Fv2%2Ftags&post=8345"}],"curies":[{"name":"wp","href":"https:\/\/api.w.org\/{rel}","templated":true}]}}