{"id":8360,"date":"2015-05-16T23:54:02","date_gmt":"2015-05-16T21:54:02","guid":{"rendered":"http:\/\/www.friedenkoeln.de\/?p=8360"},"modified":"2015-05-16T23:54:02","modified_gmt":"2015-05-16T21:54:02","slug":"diskussionsveranstaltung-mit-ulrich-schneider-bundessprecher-der-vvn","status":"publish","type":"post","link":"https:\/\/www.friedenkoeln.de\/?p=8360","title":{"rendered":"Diskussionsveranstaltung mit Ulrich Schneider, Bundessprecher der VVN"},"content":{"rendered":"<p>Am Dienstag, den <b id=\"yiv8394786584yui_3_16_0_1_1431773673686_7236\">19. Mai<\/b>, findet um 18 Uhr in H\u00f6rsaal XXIV (Ren\u00e9-K\u00f6nig-H\u00f6rsaal) im Wiso-Geb\u00e4ude der Uni K\u00f6ln folgende Diskussionsveranstaltung statt:<br clear=\"none\" \/><b id=\"yiv8394786584yui_3_16_0_1_1431773673686_7115\">&#8222;Aufrechter Gang &#8211; Ein Leben lang! Der antifaschistische Widerstand und die Befreiung 1945: Aktuelle Bedeutung, Lehren und Konsequenzen&#8220;<\/b>.<br clear=\"none\" \/>\u00a0<br clear=\"none\" \/>Die Veranstaltung ist initiiert vom Arbeitskreis Zivilklausel anl\u00e4sslich des 70. Jahrestags der Befreiung vom Faschismus und der Ausstellung &#8222;Der Soldat Tolkatchev an den Toren zur H\u00f6lle&#8220;, die aktuell im Philosophikum der Universit\u00e4t K\u00f6ln zu sehen ist (Infos unter: www.zivilklausel.uni-koeln.de). <b id=\"yiv8394786584yui_3_16_0_1_1431773673686_7137\">Referent ist der Historiker Ulrich Schneider, Bundessprecher der Vereinigung der Verfolgten des Naziregimes \u2013 Bund der Antifaschistinnen und Antifaschisten.<\/b><br clear=\"none\" \/><br clear=\"none\" \/>Es gibt immer eine Alternative! Bis in den KZs hat es Widerstand gegen die Faschisten gegeben: B\u00fcrgerliche Humanisten, Sozialdemokraten und Kommunisten waren verbunden in ihrem Kampf gegen die Nazi-Barbarei, gegen Krieg und die systematische &#8222;Ausrottung&#8220; &#8222;unwerten&#8220; Lebens.<\/p>\n<div id=\"yiv8394786584yqtfd33529\" class=\"yiv8394786584yqt6020040750\"><br clear=\"none\" \/>Der Widerstand und die in ihm lebendigen Anspr\u00fcche und Hoffnungen auf eine Welt, &#8222;in der der Mensch dem Menschen ein Helfer ist&#8220; (Brecht), legten die Grundlagen f\u00fcr die Konsequenzen, die 1945 gezogen wurden: Die UN wurde gegr\u00fcndet mit dem Anspruch, die &#8222;k\u00fcnftigen Generationen vor der Gei\u00dfel des Krieges bewahren&#8220;, das Grundgesetz erhebt die W\u00fcrde des Menschen zum obersten Grundsatz. Im Potsdamer Abkommen der Alliierten sollten Konsequenzen gezogen werden daf\u00fcr, dass von Deutschland nie wieder Krieg ausgeht, die Gesellschaft human gestaltet wird und die Macht der Kriegsprofiteure eingeengt wird: Demokratisierung der Gesellschaft (und nicht zuletzt des Bildungssystems), Denazifizierung, Demilitarisierung und Demonopolisierung standen auf der Tagesordnung.<br clear=\"none\" \/><br clear=\"none\" \/>Heute &#8211; nach Jahren der &#8211; mittlerweile delegitimierten &#8211; neoliberalen Kommerzialisierung aller Lebensbereiche stehen wir vor der Aufgabe, diese Ziele zu realisieren: Menschenw\u00fcrdige Lebensverh\u00e4ltnisse, Frieden und soziale Verbesserung f\u00fcr alle, aufgekl\u00e4rte Bildung und Wissenschaft, eine solidarische Alltagskultur und mitmenschliche Anteilnahme.<br clear=\"none\" \/><br clear=\"none\" \/>Daf\u00fcr wollen wir aus dem historischen Wirken der Antifaschistinnen und Antifaschisten lernen: Was waren ihre Ziele und die Grundlagen f\u00fcr ihren Mut? Was hat ihren Widerstand ausgemacht? Welche Aktualit\u00e4t haben die Konsequenzen, die nach 1945 gezogen worden heute?<\/div>\n","protected":false},"excerpt":{"rendered":"<p>Am Dienstag, den 19. Mai, findet um 18 Uhr in H\u00f6rsaal XXIV (Ren\u00e9-K\u00f6nig-H\u00f6rsaal) im Wiso-Geb\u00e4ude der Uni K\u00f6ln folgende Diskussionsveranstaltung statt:&#8222;Aufrechter Gang &#8211; Ein Leben lang! Der antifaschistische Widerstand und die Befreiung 1945: Aktuelle&#46;&#46;&#46;<\/p>\n","protected":false},"author":110,"featured_media":0,"comment_status":"open","ping_status":"open","sticky":false,"template":"","format":"standard","meta":{"footnotes":""},"categories":[2],"tags":[32],"class_list":["post-8360","post","type-post","status-publish","format-standard","hentry","category-aktionen","tag-information-diskussion"],"_links":{"self":[{"href":"https:\/\/www.friedenkoeln.de\/index.php?rest_route=\/wp\/v2\/posts\/8360","targetHints":{"allow":["GET"]}}],"collection":[{"href":"https:\/\/www.friedenkoeln.de\/index.php?rest_route=\/wp\/v2\/posts"}],"about":[{"href":"https:\/\/www.friedenkoeln.de\/index.php?rest_route=\/wp\/v2\/types\/post"}],"author":[{"embeddable":true,"href":"https:\/\/www.friedenkoeln.de\/index.php?rest_route=\/wp\/v2\/users\/110"}],"replies":[{"embeddable":true,"href":"https:\/\/www.friedenkoeln.de\/index.php?rest_route=%2Fwp%2Fv2%2Fcomments&post=8360"}],"version-history":[{"count":1,"href":"https:\/\/www.friedenkoeln.de\/index.php?rest_route=\/wp\/v2\/posts\/8360\/revisions"}],"predecessor-version":[{"id":8361,"href":"https:\/\/www.friedenkoeln.de\/index.php?rest_route=\/wp\/v2\/posts\/8360\/revisions\/8361"}],"wp:attachment":[{"href":"https:\/\/www.friedenkoeln.de\/index.php?rest_route=%2Fwp%2Fv2%2Fmedia&parent=8360"}],"wp:term":[{"taxonomy":"category","embeddable":true,"href":"https:\/\/www.friedenkoeln.de\/index.php?rest_route=%2Fwp%2Fv2%2Fcategories&post=8360"},{"taxonomy":"post_tag","embeddable":true,"href":"https:\/\/www.friedenkoeln.de\/index.php?rest_route=%2Fwp%2Fv2%2Ftags&post=8360"}],"curies":[{"name":"wp","href":"https:\/\/api.w.org\/{rel}","templated":true}]}}