{"id":8369,"date":"2015-05-23T05:32:30","date_gmt":"2015-05-23T03:32:30","guid":{"rendered":"http:\/\/www.friedenkoeln.de\/?p=8369"},"modified":"2015-05-24T21:58:25","modified_gmt":"2015-05-24T19:58:25","slug":"27-mai-10-30-uhr-verwaltungsgericht-koeln-burgmauer-kundgebung-gegen-kampfdrohnen","status":"publish","type":"post","link":"https:\/\/www.friedenkoeln.de\/?p=8369","title":{"rendered":"27. Mai, 10.30 Uhr, Verwaltungsgericht K\u00f6ln (Burgmauer): Kundgebung gegen Kampfdrohnen"},"content":{"rendered":"<div>Aus aktuellem Anlass haben wir eine <b>Mahnwache vor dem Eingang des Verwaltungsgerichts in K\u00f6ln an der Burgmauer f\u00fcr Mittwoch den 27. Mai um 10.30 Uhr<\/b> angemeldet, weil dort der <b>Prozess einer jemenitischen Familie gegen die Bundesrepublik Deutschland<\/b> beginnt, w\u00e4hrend gleichzeitig aus dem selben Anlass das <b>Aktionsb\u00fcndnis &#8222;Stoppt den US-Drohnenkrieg via Ramstein&#8220; <\/b>vor dem Deutschen Bundestag in Berlin demonstriert.<\/div>\n<div>Die klagenden Jemeniten haben im August 2012 einen <b>Drohnenangriff<\/b> \u00fcberlebt, bei dem mehrere ihrer Angeh\u00f6rigen ermordet wurden &#8211; einer von ihnen hatte erst kurz zuvor \u00f6ffentlich dazu aufgerufen, sich der Terrorgruppe Al Kaida entgegenzustellen.<\/div>\n<div>(Weiter siehe unten: Prozess gegen Drohnenangriffe \u00fcber US-Luftwaffenbasis in Ramstein, Quelle Informationststelle Militarisierung IMI e.V.)<\/div>\n<div><\/div>\n<div>In \u00dcbereinstimmung mit dem Zwei-Plus-Vier-Vertrag von 1990, der Deuschland &#8222;volle Souver\u00e4nit\u00e4t \u00fcber seine inneren und \u00e4u\u00dferen Angelegenheiten&#8220; zuspricht und bekr\u00e4ftigt, dass &#8222;von deutschem Boden nur Frieden ausgeht&#8220;, <b>fordern wir<\/b><\/div>\n<div><b>&gt; den Generalbundesanwalt auf, unverz\u00fcglich Ermittlungen auf dem US-St\u00fctzpunkt Ramstein gegen Personen aufzunehmen, die am Betrieb der Sateliten-Relais-Station beteiligt sind und<\/b><\/div>\n<div><b>&gt; die Bundesregierung auf, &#8211; sich f\u00fcr die sofortige Schlie\u00dfung der Relais-Satelliten-Station in Ramstein einzusetzen und<\/b><\/div>\n<div><b>&gt; auf die Anschaffung von Kampfdrohnen f\u00fcr die Bundeswehr zu verzichten.<\/b><\/div>\n<div>(Siehe auch <a href=\"http:\/\/www.imi-online.de\/2015\/05\/11\/prozess-gegen-drohnenangriffe-ueber-us-luftwaffenbasis-in-rammstein\/\">http:\/\/www.imi-online.de\/2015\/05\/11\/prozess-gegen-drohnenangriffe-ueber-us-luftwaffenbasis-in-rammstein<\/a><\/div>\n<div>sowie\u00a0<a href=\"http:\/\/www.ag-friedensforschung.de\/themen\/Drohnen1\/2015-05-22.html\"> http:\/\/www.ag-friedensforschung.de\/themen\/Drohnen1\/2015-05-22.html<\/a>)<\/div>\n<div><\/div>\n<div><b>Kommt zur Mahnwache am Mittwoch 27. Mai um 10.30 Uhr vor dem Eingang zum Verwaltungsgericht K\u00f6ln an der Burgmauer!<\/b><\/div>\n<div><b>\u00a0<\/b><\/div>\n","protected":false},"excerpt":{"rendered":"<p>Aus aktuellem Anlass haben wir eine Mahnwache vor dem Eingang des Verwaltungsgerichts in K\u00f6ln an der Burgmauer f\u00fcr Mittwoch den 27. Mai um 10.30 Uhr angemeldet, weil dort der Prozess einer jemenitischen Familie gegen&#46;&#46;&#46;<\/p>\n","protected":false},"author":110,"featured_media":0,"comment_status":"open","ping_status":"open","sticky":false,"template":"","format":"standard","meta":{"footnotes":""},"categories":[2],"tags":[42,39],"class_list":["post-8369","post","type-post","status-publish","format-standard","hentry","category-aktionen","tag-abruestung","tag-kampfdrohnen"],"_links":{"self":[{"href":"https:\/\/www.friedenkoeln.de\/index.php?rest_route=\/wp\/v2\/posts\/8369","targetHints":{"allow":["GET"]}}],"collection":[{"href":"https:\/\/www.friedenkoeln.de\/index.php?rest_route=\/wp\/v2\/posts"}],"about":[{"href":"https:\/\/www.friedenkoeln.de\/index.php?rest_route=\/wp\/v2\/types\/post"}],"author":[{"embeddable":true,"href":"https:\/\/www.friedenkoeln.de\/index.php?rest_route=\/wp\/v2\/users\/110"}],"replies":[{"embeddable":true,"href":"https:\/\/www.friedenkoeln.de\/index.php?rest_route=%2Fwp%2Fv2%2Fcomments&post=8369"}],"version-history":[{"count":3,"href":"https:\/\/www.friedenkoeln.de\/index.php?rest_route=\/wp\/v2\/posts\/8369\/revisions"}],"predecessor-version":[{"id":8374,"href":"https:\/\/www.friedenkoeln.de\/index.php?rest_route=\/wp\/v2\/posts\/8369\/revisions\/8374"}],"wp:attachment":[{"href":"https:\/\/www.friedenkoeln.de\/index.php?rest_route=%2Fwp%2Fv2%2Fmedia&parent=8369"}],"wp:term":[{"taxonomy":"category","embeddable":true,"href":"https:\/\/www.friedenkoeln.de\/index.php?rest_route=%2Fwp%2Fv2%2Fcategories&post=8369"},{"taxonomy":"post_tag","embeddable":true,"href":"https:\/\/www.friedenkoeln.de\/index.php?rest_route=%2Fwp%2Fv2%2Ftags&post=8369"}],"curies":[{"name":"wp","href":"https:\/\/api.w.org\/{rel}","templated":true}]}}