{"id":8377,"date":"2015-05-25T00:11:16","date_gmt":"2015-05-24T22:11:16","guid":{"rendered":"http:\/\/www.friedenkoeln.de\/?p=8377"},"modified":"2015-05-25T00:14:07","modified_gmt":"2015-05-24T22:14:07","slug":"29-mai-abschlussblockade-in-buechel","status":"publish","type":"post","link":"https:\/\/www.friedenkoeln.de\/?p=8377","title":{"rendered":"29. Mai: Abschlu\u00dfblockade in B\u00fcchel"},"content":{"rendered":"<div class=\"moz-text-flowed\" lang=\"x-unicode\" style=\"text-align: center;\"><a href=\"http:\/\/www.friedenkoeln.de\/wp-content\/uploads\/2015\/05\/B\u00fcchel-Blockade15d.jpeg\" data-rel=\"lightbox-image-0\" data-rl_title=\"\" data-rl_caption=\"\" title=\"\"><img loading=\"lazy\" decoding=\"async\" class=\"alignnone size-medium wp-image-8379\" src=\"http:\/\/www.friedenkoeln.de\/wp-content\/uploads\/2015\/05\/B\u00fcchel-Blockade15d-320x190.jpeg\" alt=\"B\u00fcchel-Blockade15d\" width=\"320\" height=\"190\" \/><\/a><\/div>\n<div class=\"moz-text-flowed\" lang=\"x-unicode\"><\/div>\n<div class=\"moz-text-flowed\" lang=\"x-unicode\"><strong>&#8222;Bundeswehr \u00fcben den Atomkrieg <\/strong><br \/>\n<strong>Tornado-Piloten trainieren t\u00e4glich den Bombenabwurf in B\u00fcchel&#8220; <\/strong>so heisst es im Infoblatt, dass wir am 1. Mai in K\u00f6ln verteilt haben. (s.A.) Die meisten dort wussten von nichts, und waren entr\u00fcstet.Russland auch:<\/p>\n<p>&#8222;Russlands Botschafter bei der Nato fordert die USA auf, ihre taktischen<br \/>\nAtomwaffen aus Europa abzuziehen.&#8220; (DiePresse.com 15.05.2015)<br \/>\nWeiter: &#8222;&#8220;Das w\u00e4re ein seri\u00f6ser Beitrag zur strategischen Stabilit\u00e4t<br \/>\nund Sicherheit in Europa&#8220;, sagte er. Washington solle sich ein Beispiel<br \/>\nan Moskau nehmen. Nach dem Zerfall der Sowjetunion 1991 habe Russland<br \/>\nalles daf\u00fcr getan, um seine Atomwaffen aus Kasachstan, Wei\u00dfrussland und<br \/>\nder Ukraine auf sein Territorium zur\u00fcckzuf\u00fchren.&#8220;<\/p>\n<p>Washington und die Bundesregierung setzen leider auf die Erstschlagsdoktrin und da werden die Bomben in B\u00fcchel eine wichtige Rolle spielen. Was im Umkehrschluss heisst, dass die Gefahr besteht, dass Russland bei einer Eskalation selbst den Erstschlag durchf\u00fchrt.<\/p>\n<p>Wir m\u00fcssen auf einem Pulverfass leben, damit Obama die NATO-Osterweiterung weitertreiben kann.<\/p>\n<p>M\u00dcSSEN WIR DAS?<\/p>\n<p>Die Aktivist*innen in B\u00fcchel meinen NEIN. Atomwaffen sind v\u00f6lkerrechtswidrig und es steht in unserer Verantwortung, dass diese hier verschrottet werden. Deswegen gibt es 65 Tage bis zum 29. Mai Aktionen und Blockaden am Fliegerhorst B\u00fcchel. Mit zivilem Ungehorsam ein Zeichen setzen, die Misere bekanntmachen.<\/p>\n<p>Die Frage der Atombomben ist eine keine lokale, sondern einen bundespolitische Frage. Wir m\u00fcssen alle helfen, dass die Atombomben-Ungeheuerlichkeit weiter bekannt wird, dass sie auf die bundespolitische Agenda kommt.<\/p>\n<p>Daher ruft die B\u00fcchel65-Gruppe zu einer gro\u00dfen Aktion und Demonstration am Freitag, den 29. Mai auf. Insbesondere werden 50 Menschen gesucht, die den \u00fcblichen Platzverweis vor dem Tor des Fliegerhorstes nicht akzepzeptierenund dsich immer wiededr zum Blockieren auf die Stra\u00dfe setzen bis sie in Polizeigewahrsam genommen werden. So hoffen sie, kann die das Thema endlich in die Medien kommen.<\/p>\n<p>Kommt zur gro\u00dfen friedlichen Mahnwachen-Protest. Wer zudem sich dort der Aktion 50 &#8211; Blockadeaktion anschliessen will, bitte melden, es werden noch Aktivist*innen gesucht.<\/p>\n<p>Infos: siehe<br \/>\n<a href=\"http:\/\/www.buechel-atomwaffenfrei.de\/buechel65\/%20\">http:\/\/www.buechel-atomwaffenfrei.de\/buechel65\/ <\/a><\/p>\n<p>Lasst uns Frieden schaffen.<\/p>\n<p>Es gr\u00fc\u00dft<\/p>\n<p>Heinz Weinhausen<\/p>\n<\/div>\n","protected":false},"excerpt":{"rendered":"<p>&#8222;Bundeswehr \u00fcben den Atomkrieg Tornado-Piloten trainieren t\u00e4glich den Bombenabwurf in B\u00fcchel&#8220; so heisst es im Infoblatt, dass wir am 1. Mai in K\u00f6ln verteilt haben. (s.A.) Die meisten dort wussten von nichts, und waren&#46;&#46;&#46;<\/p>\n","protected":false},"author":110,"featured_media":8378,"comment_status":"open","ping_status":"open","sticky":false,"template":"","format":"standard","meta":{"footnotes":""},"categories":[2],"tags":[42,33],"class_list":["post-8377","post","type-post","status-publish","format-standard","has-post-thumbnail","hentry","category-aktionen","tag-abruestung","tag-atomwaffen"],"_links":{"self":[{"href":"https:\/\/www.friedenkoeln.de\/index.php?rest_route=\/wp\/v2\/posts\/8377","targetHints":{"allow":["GET"]}}],"collection":[{"href":"https:\/\/www.friedenkoeln.de\/index.php?rest_route=\/wp\/v2\/posts"}],"about":[{"href":"https:\/\/www.friedenkoeln.de\/index.php?rest_route=\/wp\/v2\/types\/post"}],"author":[{"embeddable":true,"href":"https:\/\/www.friedenkoeln.de\/index.php?rest_route=\/wp\/v2\/users\/110"}],"replies":[{"embeddable":true,"href":"https:\/\/www.friedenkoeln.de\/index.php?rest_route=%2Fwp%2Fv2%2Fcomments&post=8377"}],"version-history":[{"count":3,"href":"https:\/\/www.friedenkoeln.de\/index.php?rest_route=\/wp\/v2\/posts\/8377\/revisions"}],"predecessor-version":[{"id":8382,"href":"https:\/\/www.friedenkoeln.de\/index.php?rest_route=\/wp\/v2\/posts\/8377\/revisions\/8382"}],"wp:featuredmedia":[{"embeddable":true,"href":"https:\/\/www.friedenkoeln.de\/index.php?rest_route=\/wp\/v2\/media\/8378"}],"wp:attachment":[{"href":"https:\/\/www.friedenkoeln.de\/index.php?rest_route=%2Fwp%2Fv2%2Fmedia&parent=8377"}],"wp:term":[{"taxonomy":"category","embeddable":true,"href":"https:\/\/www.friedenkoeln.de\/index.php?rest_route=%2Fwp%2Fv2%2Fcategories&post=8377"},{"taxonomy":"post_tag","embeddable":true,"href":"https:\/\/www.friedenkoeln.de\/index.php?rest_route=%2Fwp%2Fv2%2Ftags&post=8377"}],"curies":[{"name":"wp","href":"https:\/\/api.w.org\/{rel}","templated":true}]}}