{"id":8423,"date":"2015-06-07T11:27:30","date_gmt":"2015-06-07T09:27:30","guid":{"rendered":"http:\/\/www.friedenkoeln.de\/?p=8423"},"modified":"2015-06-07T11:27:30","modified_gmt":"2015-06-07T09:27:30","slug":"ende-gelaende-kohlebagger-stoppen-klima-schuetzen","status":"publish","type":"post","link":"https:\/\/www.friedenkoeln.de\/?p=8423","title":{"rendered":"Ende Gel\u00e4nde \u2013 Kohlebagger Stoppen, Klima sch\u00fctzen!"},"content":{"rendered":"<p>Am Wochenende vom 14. bis 16. August 2015 werden wir gemeinsam mit vielen anderen Menschen in einer Aktion zivilen Ungehorsams den dreckigsten und gr\u00f6\u00dften CO2-Verursacher Europas \u2013 die Tagebaue im rheinischen Braunkohlerevier \u2013 lahmlegen. W\u00e4hrend einige an der Abbruchkante protestieren, werden andere im Tagebau die Bagger und andere Infrastruktur im Tagebau blockieren. Gemeinsam werden wir RWE dazu bringen, die Bagger zu stoppen. Unsere Aktion wird ein Bild der Vielfalt, Kreativit\u00e4t und Offenheit vermitteln. Alle, ob protesterfahren oder nicht, k\u00f6nnen an der Aktion teilnehmen. Ende Gel\u00e4nde f\u00fcr die Kohlebagger und eine Klima zerst\u00f6rende Politik!<\/p>\n<p>Weitere Informationen: <a href=\"https:\/\/ende-gel\u00e4nde.org\/\">https:\/\/ende-gel\u00e4nde.org\/<\/a><\/p>\n","protected":false},"excerpt":{"rendered":"<p>Am Wochenende vom 14. bis 16. August 2015 werden wir gemeinsam mit vielen anderen Menschen in einer Aktion zivilen Ungehorsams den dreckigsten und gr\u00f6\u00dften CO2-Verursacher Europas \u2013 die Tagebaue im rheinischen Braunkohlerevier \u2013 lahmlegen.&#46;&#46;&#46;<\/p>\n","protected":false},"author":110,"featured_media":0,"comment_status":"open","ping_status":"open","sticky":false,"template":"","format":"standard","meta":{"footnotes":""},"categories":[2],"tags":[36],"class_list":["post-8423","post","type-post","status-publish","format-standard","hentry","category-aktionen","tag-oekologie-und-frieden"],"_links":{"self":[{"href":"https:\/\/www.friedenkoeln.de\/index.php?rest_route=\/wp\/v2\/posts\/8423","targetHints":{"allow":["GET"]}}],"collection":[{"href":"https:\/\/www.friedenkoeln.de\/index.php?rest_route=\/wp\/v2\/posts"}],"about":[{"href":"https:\/\/www.friedenkoeln.de\/index.php?rest_route=\/wp\/v2\/types\/post"}],"author":[{"embeddable":true,"href":"https:\/\/www.friedenkoeln.de\/index.php?rest_route=\/wp\/v2\/users\/110"}],"replies":[{"embeddable":true,"href":"https:\/\/www.friedenkoeln.de\/index.php?rest_route=%2Fwp%2Fv2%2Fcomments&post=8423"}],"version-history":[{"count":1,"href":"https:\/\/www.friedenkoeln.de\/index.php?rest_route=\/wp\/v2\/posts\/8423\/revisions"}],"predecessor-version":[{"id":8424,"href":"https:\/\/www.friedenkoeln.de\/index.php?rest_route=\/wp\/v2\/posts\/8423\/revisions\/8424"}],"wp:attachment":[{"href":"https:\/\/www.friedenkoeln.de\/index.php?rest_route=%2Fwp%2Fv2%2Fmedia&parent=8423"}],"wp:term":[{"taxonomy":"category","embeddable":true,"href":"https:\/\/www.friedenkoeln.de\/index.php?rest_route=%2Fwp%2Fv2%2Fcategories&post=8423"},{"taxonomy":"post_tag","embeddable":true,"href":"https:\/\/www.friedenkoeln.de\/index.php?rest_route=%2Fwp%2Fv2%2Ftags&post=8423"}],"curies":[{"name":"wp","href":"https:\/\/api.w.org\/{rel}","templated":true}]}}