{"id":8439,"date":"2015-06-19T01:14:36","date_gmt":"2015-06-18T23:14:36","guid":{"rendered":"http:\/\/www.friedenkoeln.de\/?p=8439"},"modified":"2015-06-19T01:14:36","modified_gmt":"2015-06-18T23:14:36","slug":"wenn-die-vereinten-nationen-von-rassismus-sprechen-und-deutschland-nicht","status":"publish","type":"post","link":"https:\/\/www.friedenkoeln.de\/?p=8439","title":{"rendered":"Wenn die Vereinten Nationen von Rassismus sprechen \u2013 und Deutschland nicht"},"content":{"rendered":"<p>Im Mai wurde die Anti-Rassismus-Politik Deutschlands durch die internationale Gemeinschaft umfassend beleuchtet. Die Bundesregierung hatte dem Anti-Rassismus-Ausschuss der Vereinten Nationen in Genf ihren turnusgem\u00e4\u00dfen Staatenbericht zur Umsetzung des internationalen \u00dcbereinkommens gegen rassistische Diskriminierung vorgelegt. Obwohl der Ausschuss diesbez\u00fcglich auf akute gesellschaftliche Problemlagen hingewiesen hat, fristet das \u00dcbereinkommen auch fast ein halbes Jahrhundert nach dessen Unterzeichnung in Deutschland ein Schattendasein. Was hat das Schweigen \u00fcber die Anti-Rassismus-Konvention hierzulande mit dem allgemeinen gesellschaftlichen Schweigen \u00fcber Rassismus zu tun? Ein Kommentar.<\/p>\n<p>s.: <a href=\"http:\/\/www.migazin.de\/2015\/06\/18\/wenn-die-vereinten-nationen-von-rassismus-sprechen-und-deutschland-nicht\/\">http:\/\/www.migazin.de\/2015\/06\/18\/wenn-die-vereinten-nationen-von-rassismus-sprechen-und-deutschland-nicht\/<\/a><\/p>\n","protected":false},"excerpt":{"rendered":"<p>Im Mai wurde die Anti-Rassismus-Politik Deutschlands durch die internationale Gemeinschaft umfassend beleuchtet. Die Bundesregierung hatte dem Anti-Rassismus-Ausschuss der Vereinten Nationen in Genf ihren turnusgem\u00e4\u00dfen Staatenbericht zur Umsetzung des internationalen \u00dcbereinkommens gegen rassistische Diskriminierung vorgelegt.&#46;&#46;&#46;<\/p>\n","protected":false},"author":110,"featured_media":0,"comment_status":"open","ping_status":"open","sticky":false,"template":"","format":"standard","meta":{"footnotes":""},"categories":[2],"tags":[32],"class_list":["post-8439","post","type-post","status-publish","format-standard","hentry","category-aktionen","tag-information-diskussion"],"_links":{"self":[{"href":"https:\/\/www.friedenkoeln.de\/index.php?rest_route=\/wp\/v2\/posts\/8439","targetHints":{"allow":["GET"]}}],"collection":[{"href":"https:\/\/www.friedenkoeln.de\/index.php?rest_route=\/wp\/v2\/posts"}],"about":[{"href":"https:\/\/www.friedenkoeln.de\/index.php?rest_route=\/wp\/v2\/types\/post"}],"author":[{"embeddable":true,"href":"https:\/\/www.friedenkoeln.de\/index.php?rest_route=\/wp\/v2\/users\/110"}],"replies":[{"embeddable":true,"href":"https:\/\/www.friedenkoeln.de\/index.php?rest_route=%2Fwp%2Fv2%2Fcomments&post=8439"}],"version-history":[{"count":1,"href":"https:\/\/www.friedenkoeln.de\/index.php?rest_route=\/wp\/v2\/posts\/8439\/revisions"}],"predecessor-version":[{"id":8440,"href":"https:\/\/www.friedenkoeln.de\/index.php?rest_route=\/wp\/v2\/posts\/8439\/revisions\/8440"}],"wp:attachment":[{"href":"https:\/\/www.friedenkoeln.de\/index.php?rest_route=%2Fwp%2Fv2%2Fmedia&parent=8439"}],"wp:term":[{"taxonomy":"category","embeddable":true,"href":"https:\/\/www.friedenkoeln.de\/index.php?rest_route=%2Fwp%2Fv2%2Fcategories&post=8439"},{"taxonomy":"post_tag","embeddable":true,"href":"https:\/\/www.friedenkoeln.de\/index.php?rest_route=%2Fwp%2Fv2%2Ftags&post=8439"}],"curies":[{"name":"wp","href":"https:\/\/api.w.org\/{rel}","templated":true}]}}