{"id":8458,"date":"2015-06-22T08:21:27","date_gmt":"2015-06-22T06:21:27","guid":{"rendered":"http:\/\/www.friedenkoeln.de\/?p=8458"},"modified":"2015-06-22T08:22:06","modified_gmt":"2015-06-22T06:22:06","slug":"hirsohima-mahnt-atomwaffen-abschaffen","status":"publish","type":"post","link":"https:\/\/www.friedenkoeln.de\/?p=8458","title":{"rendered":"Hiroshima mahnt: Atomwaffen abschaffen!"},"content":{"rendered":"<p><span style=\"font-size: large;\"><b>Aktivit\u00e4ten zum 70. Jahrestag des Abwurfs der Atombomben von Hiroshima und Nagasaki in K\u00f6ln<br \/>\n<\/b><\/span><\/p>\n<p><img loading=\"lazy\" decoding=\"async\" class=\"\" src=\"http:\/\/news.ippnw.de\/typo3temp\/pics\/e813329488.jpg\" alt=\"\" width=\"525\" height=\"372\" border=\"0\" \/><\/p>\n<p><span style=\"font-size: medium;\">5. 8., 20.00 Uhr, Mahnmal im Hiroshima-Nagasaki-Park auf dem H\u00fcgel<br \/>\nZusammenkunft und Gedenken zum 70. Jahrestag des Atombombenabwurfs.<br \/>\nMit Blue Flower und Barbara Conrady-Takenaka.<br \/>\nUnsere Zukunft: Atomwaffenfrei!<\/span><\/p>\n<p>5. 8., 22.00 Uhr, Aachener Weiher<br \/>\nLichteraktion zum Gedenken an den 70. Jahrestag des Atombombenabwurfs<\/p>\n<p>6. 8., 17.00 Uhr, Domplatte<br \/>\nKundgebung zum Gedenken an den 70. Jahrestag des Atombombenabwurfs<br \/>\nUnsere Zukunft: Atomwaffenfrei!<\/p>\n<p>27. 9., 18.00 Uhr, Kart\u00e4userkirche, Kart\u00e4usergasse 7<br \/>\nKonzert: <span style=\"color: #330033;\"><span style=\"font-family: Calibri,sans-serif;\"><span style=\"font-size: small;\"><b>Die Mauern stehen spurlos und kalt<\/b><\/span><\/span><\/span>.<br \/>\n<span style=\"color: #330033;\"><span style=\"font-family: Calibri,sans-serif;\"><span style=\"font-size: small;\">Mit deutschen Lyrik-Texten, vertont von Wolfgang Rihm und den Aufzeichnungen eines \u00dcberlebenden.<br \/>\nJuliane Busse, Klavier; Hiroko Haag, Sopran; Barbara Conrady-Takenaka, Sprecherin<\/span><\/span><\/span><br \/>\nZum Gedenken an den 70. Jahrestag des Atombombenabwurfs<br \/>\nUnsere Zukunft: Atomwaffenfrei!<\/p>\n","protected":false},"excerpt":{"rendered":"<p>Aktivit\u00e4ten zum 70. Jahrestag des Abwurfs der Atombomben von Hiroshima und Nagasaki in K\u00f6ln 5. 8., 20.00 Uhr, Mahnmal im Hiroshima-Nagasaki-Park auf dem H\u00fcgel Zusammenkunft und Gedenken zum 70. Jahrestag des Atombombenabwurfs. Mit Blue&#46;&#46;&#46;<\/p>\n","protected":false},"author":110,"featured_media":8459,"comment_status":"open","ping_status":"open","sticky":false,"template":"","format":"standard","meta":{"footnotes":""},"categories":[2],"tags":[42,33],"class_list":["post-8458","post","type-post","status-publish","format-standard","has-post-thumbnail","hentry","category-aktionen","tag-abruestung","tag-atomwaffen"],"_links":{"self":[{"href":"https:\/\/www.friedenkoeln.de\/index.php?rest_route=\/wp\/v2\/posts\/8458","targetHints":{"allow":["GET"]}}],"collection":[{"href":"https:\/\/www.friedenkoeln.de\/index.php?rest_route=\/wp\/v2\/posts"}],"about":[{"href":"https:\/\/www.friedenkoeln.de\/index.php?rest_route=\/wp\/v2\/types\/post"}],"author":[{"embeddable":true,"href":"https:\/\/www.friedenkoeln.de\/index.php?rest_route=\/wp\/v2\/users\/110"}],"replies":[{"embeddable":true,"href":"https:\/\/www.friedenkoeln.de\/index.php?rest_route=%2Fwp%2Fv2%2Fcomments&post=8458"}],"version-history":[{"count":2,"href":"https:\/\/www.friedenkoeln.de\/index.php?rest_route=\/wp\/v2\/posts\/8458\/revisions"}],"predecessor-version":[{"id":8461,"href":"https:\/\/www.friedenkoeln.de\/index.php?rest_route=\/wp\/v2\/posts\/8458\/revisions\/8461"}],"wp:featuredmedia":[{"embeddable":true,"href":"https:\/\/www.friedenkoeln.de\/index.php?rest_route=\/wp\/v2\/media\/8459"}],"wp:attachment":[{"href":"https:\/\/www.friedenkoeln.de\/index.php?rest_route=%2Fwp%2Fv2%2Fmedia&parent=8458"}],"wp:term":[{"taxonomy":"category","embeddable":true,"href":"https:\/\/www.friedenkoeln.de\/index.php?rest_route=%2Fwp%2Fv2%2Fcategories&post=8458"},{"taxonomy":"post_tag","embeddable":true,"href":"https:\/\/www.friedenkoeln.de\/index.php?rest_route=%2Fwp%2Fv2%2Ftags&post=8458"}],"curies":[{"name":"wp","href":"https:\/\/api.w.org\/{rel}","templated":true}]}}