{"id":8463,"date":"2015-06-23T20:35:26","date_gmt":"2015-06-23T18:35:26","guid":{"rendered":"http:\/\/www.friedenkoeln.de\/?p=8463"},"modified":"2015-06-23T20:35:26","modified_gmt":"2015-06-23T18:35:26","slug":"mediale-kriegstrommeln-stoppen","status":"publish","type":"post","link":"https:\/\/www.friedenkoeln.de\/?p=8463","title":{"rendered":"Mediale Kriegstrommeln  stoppen"},"content":{"rendered":"<p class=\"western\" align=\"left\"><span style=\"font-family: Times New Roman,serif;\"><span style=\"font-size: large;\">Wann? 09.09.2015, 19.30 Uhr<\/span><\/span><\/p>\n<p class=\"western\" align=\"left\"><span style=\"font-family: Times New Roman,serif;\"><span style=\"font-size: large;\">Wo? Tersteegenhaus, Emmastr. 6, Cafeteria (1. Stock)<\/span><\/span><\/p>\n<p class=\"western\" align=\"left\"><span style=\"font-family: Times New Roman,serif;\"><span style=\"font-size: large;\">Referentin: <strong>Claudia Haydt<\/strong>, Soziologin und Vorstands-mitglied Informationsstelle Militarisierung T\u00fcbingen<\/span><\/span><\/p>\n<p class=\"western\" align=\"left\">\n<p class=\"western\" align=\"left\"><span style=\"font-family: Times New Roman,serif;\"><span style=\"font-size: large;\">Wer die Bev\u00f6lkerung davon \u00fcberzeugen will, dass Krieg ein notwendiges Mittel der Politik ist, muss daf\u00fcr \u00dcberzeugungsarbeit leisten. Stimmt aber der Eindruck, dass \u201edie Politik\u201c und \u201edie Medien\u201c oft auf gleicher Ebene agieren, wir also \u201eeinseitig\u201c informiert werden? Gibt es tats\u00e4chlich so etwas die ein (stilles) \u201eNetzwerk\u201c zwischen Politik und Medien? Zu diesem Thema hast Claudia Haydt gearbeitet und wir freuen uns, dass sie mit uns und Ihnen dar\u00fcber diskutieren m\u00f6chte. Wir laden herzlich ein.<\/span><\/span><\/p>\n<p class=\"western\" align=\"left\"><a href=\"http:\/\/www.friedenkoeln.de\/wp-content\/uploads\/2015\/06\/Friedenstaube2.jpg\" data-id=\"8465\" data-rel=\"lightbox-image-0\" data-rl_title=\"\" data-rl_caption=\"\" title=\"\"><img loading=\"lazy\" decoding=\"async\" class=\"alignnone size-medium wp-image-8465\" src=\"http:\/\/www.friedenkoeln.de\/wp-content\/uploads\/2015\/06\/Friedenstaube2-320x190.jpg\" alt=\"Friedenstaube2\" width=\"320\" height=\"190\" \/><\/a><\/p>\n<p class=\"western\" align=\"left\">\n<p class=\"western\"><span style=\"font-family: Arial,sans-serif;\"><span style=\"font-size: x-large;\"><b>Friedensinitiative S\u00fclz-Klettenberg<\/b><\/span><\/span><\/p>\n<p class=\"western\"><span style=\"font-size: large;\">In Zusammenarbeit mit: DFG-VK K\u00f6ln, K\u00f6lner Friedensforum, Friedensbildungswerk K\u00f6ln<br \/>\n<\/span><\/p>\n","protected":false},"excerpt":{"rendered":"<p>Wann? 09.09.2015, 19.30 Uhr Wo? Tersteegenhaus, Emmastr. 6, Cafeteria (1. Stock) Referentin: Claudia Haydt, Soziologin und Vorstands-mitglied Informationsstelle Militarisierung T\u00fcbingen Wer die Bev\u00f6lkerung davon \u00fcberzeugen will, dass Krieg ein notwendiges Mittel der Politik ist,&#46;&#46;&#46;<\/p>\n","protected":false},"author":110,"featured_media":8464,"comment_status":"open","ping_status":"open","sticky":false,"template":"","format":"standard","meta":{"footnotes":""},"categories":[2],"tags":[32],"class_list":["post-8463","post","type-post","status-publish","format-standard","has-post-thumbnail","hentry","category-aktionen","tag-information-diskussion"],"_links":{"self":[{"href":"https:\/\/www.friedenkoeln.de\/index.php?rest_route=\/wp\/v2\/posts\/8463","targetHints":{"allow":["GET"]}}],"collection":[{"href":"https:\/\/www.friedenkoeln.de\/index.php?rest_route=\/wp\/v2\/posts"}],"about":[{"href":"https:\/\/www.friedenkoeln.de\/index.php?rest_route=\/wp\/v2\/types\/post"}],"author":[{"embeddable":true,"href":"https:\/\/www.friedenkoeln.de\/index.php?rest_route=\/wp\/v2\/users\/110"}],"replies":[{"embeddable":true,"href":"https:\/\/www.friedenkoeln.de\/index.php?rest_route=%2Fwp%2Fv2%2Fcomments&post=8463"}],"version-history":[{"count":1,"href":"https:\/\/www.friedenkoeln.de\/index.php?rest_route=\/wp\/v2\/posts\/8463\/revisions"}],"predecessor-version":[{"id":8466,"href":"https:\/\/www.friedenkoeln.de\/index.php?rest_route=\/wp\/v2\/posts\/8463\/revisions\/8466"}],"wp:featuredmedia":[{"embeddable":true,"href":"https:\/\/www.friedenkoeln.de\/index.php?rest_route=\/wp\/v2\/media\/8464"}],"wp:attachment":[{"href":"https:\/\/www.friedenkoeln.de\/index.php?rest_route=%2Fwp%2Fv2%2Fmedia&parent=8463"}],"wp:term":[{"taxonomy":"category","embeddable":true,"href":"https:\/\/www.friedenkoeln.de\/index.php?rest_route=%2Fwp%2Fv2%2Fcategories&post=8463"},{"taxonomy":"post_tag","embeddable":true,"href":"https:\/\/www.friedenkoeln.de\/index.php?rest_route=%2Fwp%2Fv2%2Ftags&post=8463"}],"curies":[{"name":"wp","href":"https:\/\/api.w.org\/{rel}","templated":true}]}}