{"id":8480,"date":"2015-06-27T18:15:11","date_gmt":"2015-06-27T16:15:11","guid":{"rendered":"http:\/\/www.friedenkoeln.de\/?p=8480"},"modified":"2015-07-10T19:06:44","modified_gmt":"2015-07-10T17:06:44","slug":"wie-werden-heute-kriege-gemacht-zwei-ehemalige-cia-analysten-beurteilen-die-politik-des-westens-in-der-ukraine-und-im-mittleren-osten","status":"publish","type":"post","link":"https:\/\/www.friedenkoeln.de\/?p=8480","title":{"rendered":"Wie werden heute Kriege \u201cgemacht\u201d? &#8211; Zwei ehemalige CIA-Analysten beurteilen die Politik \u201edes Westens\u201c in der Ukraine und im Mittleren Osten"},"content":{"rendered":"<div>\n<p class=\"bodytext\"><b>Freitag, den 18.9. 2015 um 19 Uhr in der\u00a0Lutherkirche S\u00fcdstadt, Martin-Luther-Platz, 50677 K\u00f6ln\u00a0<\/b><\/p>\n<\/div>\n<div>\n<p class=\"bodytext\"><img loading=\"lazy\" decoding=\"async\" src=\"http:\/\/www.attac-koeln.de\/typo3temp\/pics\/a8265357ec.jpg\" alt=\"\" width=\"300\" height=\"215\" border=\"0\" \/><\/p>\n<\/div>\n<div>\n<p class=\"bodytext\"><b>Ray McGovern (75 J.) und Elizabeth Murray (55 J.<\/b>) haben jeweils fast drei\u00dfig Jahre als hochrangige Analysten bei der CIA und anderen US-amerikanischen Sicherheitsdiensten gearbeitet. Ray war auf\u00a0die\u00a0Sowjetunion spezialisiert, Elizabeth auf den Nahen und Mittleren Osten. Beide sind nun in der amerikanischen Friedens- und B\u00fcrgerrechtsbewegung aktiv, treten gegen Krieg, Aufr\u00fcstung und B\u00fcrger\u00fcberwachung ein. Sie geh\u00f6ren zum engen Kreis der Unterst\u00fctzer von Edward Snowden und anderen Whistleblowern in den USA. Als Mitglieder der Veteran Intelligence Professionals for Sanity warnten sie Bundeskanzlerin Merkel am 31. August 2014 in einem Offenen Brief vor unzuverl\u00e4ssigen Satellitenfotos der NATO, die eine Invasion der russischen Armee in der Ostukraine belegen sollten; und am 26. Mai 2015 war Ray bei den Erstunterzeichnern eines weiteren Offenen Briefs zahlreicher US-amerikanischer Friedensorganisationen, welche die Kanzlerin aufforderten, sich aktiv f\u00fcr die Beendigung des\u00a0US-Drohnenkriegs einzusetzen, der\u00a0\u00fcber die deutsche\u00a0Luftwaffenbasis Ramstein durchgef\u00fchrt wird.<\/p>\n<\/div>\n<div>\n<p class=\"bodytext\">Elizabeth und Ray analysieren einerseits die beiden Konfliktregionen, auf die sie spezialisiert sind, andererseits aber davon ausgehend auch \u00fcbergreifende Fragen der Au\u00dfenpolitik. Daraus ergeben sich mit ihnen \u00a0z.B. Diskussionsfragen wie:<\/p>\n<\/div>\n<div>\n<p class=\"bodytext\">&#8211;\u00a0\u00a0\u00a0\u00a0\u00a0\u00a0\u00a0\u00a0\u00a0\u00a0 Wie werden heute Kriege \u201cgemacht\u201d?<\/p>\n<\/div>\n<div>\n<p class=\"bodytext\">&#8211;\u00a0\u00a0\u00a0\u00a0\u00a0\u00a0\u00a0\u00a0\u00a0\u00a0 Welche Interessen stehen dahinter?<\/p>\n<\/div>\n<div>\n<p class=\"bodytext\">&#8211;\u00a0\u00a0\u00a0\u00a0\u00a0\u00a0\u00a0\u00a0\u00a0\u00a0 Welche grunds\u00e4tzlichen Lehren k\u00f6nnen wir aus aktuellen Konflikten\u00a0\u00a0\u00a0\u00a0\u00a0 ziehen?<\/p>\n<\/div>\n<div>\n<p class=\"bodytext\">&#8211;\u00a0\u00a0\u00a0\u00a0\u00a0\u00a0\u00a0\u00a0\u00a0\u00a0 Welche Rolle spielen Geheimdienste in der Au\u00dfenpolitik?<\/p>\n<\/div>\n<div>\n<p class=\"bodytext\">&#8211;\u00a0\u00a0\u00a0\u00a0\u00a0\u00a0\u00a0\u00a0\u00a0\u00a0 Welche Alternativen g\u00e4be es?<\/p>\n<\/div>\n<div>\n<p class=\"bodytext\">&#8211;\u00a0\u00a0\u00a0\u00a0\u00a0\u00a0\u00a0\u00a0\u00a0\u00a0 Was k\u00f6nnen die B\u00fcrgerInnen weltweit daf\u00fcr tun?<\/p>\n<\/div>\n<div>\n<p class=\"bodytext\">&#8211; \u00a0 \u00a0 \u00a0 \u00a0 \u00a0 Wie sollte Deutschland sich verhalten?<\/p>\n<\/div>\n<div>\n<p class=\"bodytext\">Sie stehen uns f\u00fcr eine Diskussion zur Verf\u00fcgung. Es wird konsekutiv in Deutsche gedolmetscht.<\/p>\n<\/div>\n<div>\n<p class=\"bodytext\"><em><span class=\"Apple-style-span\"><span class=\"Apple-style-span\" style=\"font-size: large;\"><small><small><span class=\"Apple-style-span\" style=\"font-size: large;\"><small><small><small><span class=\"Apple-style-span\" style=\"font-size: large;\"><small><small><small>Eine Veranstaltung von Friedensforum K\u00f6ln, Attac K\u00f6ln, Friedensbildungswerk K\u00f6ln, StopWatchingUs K\u00f6ln, DFG-VK K\u00f6ln, WhistleBlower Netzwerk K\u00f6ln und weiteren Mitveranstaltern.<\/small><\/small><\/small><\/span><\/small><\/small><\/small><\/span><\/small><\/small><\/span><\/span><\/em><\/p>\n<\/div>\n<div>\n<p class=\"bodytext\"><em>Eintritt frei\u00a0\u2013\u00a0Spenden erbeten<\/em><\/p>\n<p class=\"bodytext\">Weitere Informationen:<\/p>\n<p><a href=\"http:\/\/www.heise.de\/tp\/artikel\/42\/42680\/1.html\">http:\/\/www.heise.de\/tp\/artikel\/42\/42680\/1.html<\/a><\/p>\n<p><a href=\"http:\/\/www.ag-friedensforschung.de\/regionen\/Syrien\/usa-vips-dt.html\">http:\/\/www.ag-friedensforschung.de\/regionen\/Syrien\/usa-vips-dt.html<\/a><\/p>\n<p><a href=\"http:\/\/www.raymcgovern.com\">http:\/\/www.raymcgovern.com<\/a><\/p>\n<\/div>\n","protected":false},"excerpt":{"rendered":"<p>Freitag, den 18.9. 2015 um 19 Uhr in der\u00a0Lutherkirche S\u00fcdstadt, Martin-Luther-Platz, 50677 K\u00f6ln\u00a0 Ray McGovern (75 J.) und Elizabeth Murray (55 J.) haben jeweils fast drei\u00dfig Jahre als hochrangige Analysten bei der CIA und&#46;&#46;&#46;<\/p>\n","protected":false},"author":110,"featured_media":8482,"comment_status":"open","ping_status":"open","sticky":false,"template":"","format":"standard","meta":{"footnotes":""},"categories":[],"tags":[32],"class_list":["post-8480","post","type-post","status-publish","format-standard","has-post-thumbnail","hentry","tag-information-diskussion"],"_links":{"self":[{"href":"https:\/\/www.friedenkoeln.de\/index.php?rest_route=\/wp\/v2\/posts\/8480","targetHints":{"allow":["GET"]}}],"collection":[{"href":"https:\/\/www.friedenkoeln.de\/index.php?rest_route=\/wp\/v2\/posts"}],"about":[{"href":"https:\/\/www.friedenkoeln.de\/index.php?rest_route=\/wp\/v2\/types\/post"}],"author":[{"embeddable":true,"href":"https:\/\/www.friedenkoeln.de\/index.php?rest_route=\/wp\/v2\/users\/110"}],"replies":[{"embeddable":true,"href":"https:\/\/www.friedenkoeln.de\/index.php?rest_route=%2Fwp%2Fv2%2Fcomments&post=8480"}],"version-history":[{"count":4,"href":"https:\/\/www.friedenkoeln.de\/index.php?rest_route=\/wp\/v2\/posts\/8480\/revisions"}],"predecessor-version":[{"id":8520,"href":"https:\/\/www.friedenkoeln.de\/index.php?rest_route=\/wp\/v2\/posts\/8480\/revisions\/8520"}],"wp:featuredmedia":[{"embeddable":true,"href":"https:\/\/www.friedenkoeln.de\/index.php?rest_route=\/wp\/v2\/media\/8482"}],"wp:attachment":[{"href":"https:\/\/www.friedenkoeln.de\/index.php?rest_route=%2Fwp%2Fv2%2Fmedia&parent=8480"}],"wp:term":[{"taxonomy":"category","embeddable":true,"href":"https:\/\/www.friedenkoeln.de\/index.php?rest_route=%2Fwp%2Fv2%2Fcategories&post=8480"},{"taxonomy":"post_tag","embeddable":true,"href":"https:\/\/www.friedenkoeln.de\/index.php?rest_route=%2Fwp%2Fv2%2Ftags&post=8480"}],"curies":[{"name":"wp","href":"https:\/\/api.w.org\/{rel}","templated":true}]}}