{"id":8492,"date":"2015-07-03T12:23:08","date_gmt":"2015-07-03T10:23:08","guid":{"rendered":"http:\/\/www.friedenkoeln.de\/?p=8492"},"modified":"2015-07-03T12:23:08","modified_gmt":"2015-07-03T10:23:08","slug":"unser-rezept-fuer-frieden-praevention","status":"publish","type":"post","link":"https:\/\/www.friedenkoeln.de\/?p=8492","title":{"rendered":"Unser Rezept f\u00fcr Frieden: Pr\u00e4vention"},"content":{"rendered":"<p><b>Friedenskonferenz der IPPNW vom 2. bis 4. Oktober 2015 in Frankfurt<\/b><\/p>\n<p>D<span class=\"pt11\">ie \u00e4rztliche Friedensorganisation IPPNW ist sehr besorgt \u00fcber den wachsenden Unfrieden in der Welt &#8211; nicht nur \u00fcber das Blutvergie\u00dfen im Mittleren und Nahen Osten, sondern auch \u00fcber das Aufflammen der Ost-West-Konfrontation und \u00fcber den Krieg in der Ukraine. Angesichts der langen Liste gewaltsamer Auseinandersetzungen stellt sich die Frage: Was k\u00f6nnen wir tun?<\/p>\n<p>Die IPPNW-Konferenz <b>&#8222;Unser Rezept f\u00fcr Frieden: Pr\u00e4vention&#8220;<\/b> vom 2.-4. Oktober 2015 in Frankfurt a.M. sucht Antworten und will unterschiedliche Erfahrungen ziviler Konfliktbearbeitung als &#8222;Best Practice&#8220;, als Erfolgsmethode, pr\u00e4sentieren. Seit langem leisten Friedensbewegung und Friedens- und Konfliktforschung praktische Beitr\u00e4ge f\u00fcr eine auf Pr\u00e4vention angelegte Friedenskultur: Friedenslogik statt Kriegslogik!<\/p>\n<p>Im Sinne des Mitbegr\u00fcnders der IPPNW, Horst-Eberhard Richter, wonach die Friedensbewegung auf dem Weg \u00fcber das kritische <b>ANTI<\/b> zu einem ver\u00e4ndernden <b>PRO<\/b> gelangen m\u00fcsse, orientiert sich die Konferenz an den \u00e4rztlichen Begriffen Untersuchung-Diagnose-Therapie. Es geht darum, die <b>&#8222;Krankheit Friedlosigkeit&#8220;<\/b> zu ergr\u00fcnden: die Ursachen aktueller Kriege und Fluchtbewegungen, die Folgen der herrschenden Wirtschaftsordnung und Alternativen dazu, die Ann\u00e4herung an die &#8222;Natur des Menschen&#8220; an Hand neurobiologischer Erkenntnisse bis hin zu den Spaltungstendenzen in unserer Gesellschaft. Mit all dem m\u00f6chten wir zu einer wirksamen Praxis der Pr\u00e4vention und der \u00dcberwindung von Gewalt beitragen. Die zivile Konfliktbearbeitung er\u00f6ffnet Wege zum Frieden jenseits der herk\u00f6mmlichen milit\u00e4rstrategischen und politischen Denkmuster. Die Konferenz ist ein Angebot, voneinander zu lernen und auch kontroverse Debatten zu f\u00fchren.<\/p>\n<p>Sich an diesem spannenden Prozess zu beteiligen, dazu l\u00e4dt die IPPNW Sie ganz herzlich nach Frankfurt ein!<\/p>\n<p>Das Programm und die M\u00f6glichkeit zur Online-Anmeldung finden Sie unter<br \/>\n<a href=\"http:\/\/www.kultur-des-friedens.de\" target=\"_blank\">www.kultur-des-friedens.de<\/a><\/p>\n<p>Susanne Grabenhorst, IPPNW-Vorsitzende<\/span><\/p>\n","protected":false},"excerpt":{"rendered":"<p>Friedenskonferenz der IPPNW vom 2. bis 4. Oktober 2015 in Frankfurt Die \u00e4rztliche Friedensorganisation IPPNW ist sehr besorgt \u00fcber den wachsenden Unfrieden in der Welt &#8211; nicht nur \u00fcber das Blutvergie\u00dfen im Mittleren und&#46;&#46;&#46;<\/p>\n","protected":false},"author":110,"featured_media":0,"comment_status":"open","ping_status":"open","sticky":false,"template":"","format":"standard","meta":{"footnotes":""},"categories":[2],"tags":[32,31,27],"class_list":["post-8492","post","type-post","status-publish","format-standard","hentry","category-aktionen","tag-information-diskussion","tag-konferenzen","tag-kultur"],"_links":{"self":[{"href":"https:\/\/www.friedenkoeln.de\/index.php?rest_route=\/wp\/v2\/posts\/8492","targetHints":{"allow":["GET"]}}],"collection":[{"href":"https:\/\/www.friedenkoeln.de\/index.php?rest_route=\/wp\/v2\/posts"}],"about":[{"href":"https:\/\/www.friedenkoeln.de\/index.php?rest_route=\/wp\/v2\/types\/post"}],"author":[{"embeddable":true,"href":"https:\/\/www.friedenkoeln.de\/index.php?rest_route=\/wp\/v2\/users\/110"}],"replies":[{"embeddable":true,"href":"https:\/\/www.friedenkoeln.de\/index.php?rest_route=%2Fwp%2Fv2%2Fcomments&post=8492"}],"version-history":[{"count":1,"href":"https:\/\/www.friedenkoeln.de\/index.php?rest_route=\/wp\/v2\/posts\/8492\/revisions"}],"predecessor-version":[{"id":8493,"href":"https:\/\/www.friedenkoeln.de\/index.php?rest_route=\/wp\/v2\/posts\/8492\/revisions\/8493"}],"wp:attachment":[{"href":"https:\/\/www.friedenkoeln.de\/index.php?rest_route=%2Fwp%2Fv2%2Fmedia&parent=8492"}],"wp:term":[{"taxonomy":"category","embeddable":true,"href":"https:\/\/www.friedenkoeln.de\/index.php?rest_route=%2Fwp%2Fv2%2Fcategories&post=8492"},{"taxonomy":"post_tag","embeddable":true,"href":"https:\/\/www.friedenkoeln.de\/index.php?rest_route=%2Fwp%2Fv2%2Ftags&post=8492"}],"curies":[{"name":"wp","href":"https:\/\/api.w.org\/{rel}","templated":true}]}}