{"id":8496,"date":"2015-07-03T13:14:41","date_gmt":"2015-07-03T11:14:41","guid":{"rendered":"http:\/\/www.friedenkoeln.de\/?p=8496"},"modified":"2015-07-03T13:14:41","modified_gmt":"2015-07-03T11:14:41","slug":"entlarvt-fzj-und-bundesforschungsministerium-fuehren-oeffentlichkeit-seit-jahren-in-die-irre","status":"publish","type":"post","link":"https:\/\/www.friedenkoeln.de\/?p=8496","title":{"rendered":"Entlarvt! FZJ und Bundesforschungsministerium f\u00fchren \u00d6ffentlichkeit seit Jahren in die Irre"},"content":{"rendered":"<p>Aufgetauchte Unterlagen belegen: J\u00fclicher Atomm\u00fcll ist nicht atomwaffentauglich.<\/p>\n<p><a href=\"https:\/\/www.ausgestrahlt.de\/mitmachen\/export-usa\/hintergrund.html\">https:\/\/www.ausgestrahlt.de\/mitmachen\/export-usa\/hintergrund.html<\/a><\/p>\n","protected":false},"excerpt":{"rendered":"<p>Aufgetauchte Unterlagen belegen: J\u00fclicher Atomm\u00fcll ist nicht atomwaffentauglich. https:\/\/www.ausgestrahlt.de\/mitmachen\/export-usa\/hintergrund.html<\/p>\n","protected":false},"author":110,"featured_media":0,"comment_status":"open","ping_status":"open","sticky":false,"template":"","format":"standard","meta":{"footnotes":""},"categories":[],"tags":[33,32,36],"class_list":["post-8496","post","type-post","status-publish","format-standard","hentry","tag-atomwaffen","tag-information-diskussion","tag-oekologie-und-frieden"],"_links":{"self":[{"href":"https:\/\/www.friedenkoeln.de\/index.php?rest_route=\/wp\/v2\/posts\/8496","targetHints":{"allow":["GET"]}}],"collection":[{"href":"https:\/\/www.friedenkoeln.de\/index.php?rest_route=\/wp\/v2\/posts"}],"about":[{"href":"https:\/\/www.friedenkoeln.de\/index.php?rest_route=\/wp\/v2\/types\/post"}],"author":[{"embeddable":true,"href":"https:\/\/www.friedenkoeln.de\/index.php?rest_route=\/wp\/v2\/users\/110"}],"replies":[{"embeddable":true,"href":"https:\/\/www.friedenkoeln.de\/index.php?rest_route=%2Fwp%2Fv2%2Fcomments&post=8496"}],"version-history":[{"count":1,"href":"https:\/\/www.friedenkoeln.de\/index.php?rest_route=\/wp\/v2\/posts\/8496\/revisions"}],"predecessor-version":[{"id":8497,"href":"https:\/\/www.friedenkoeln.de\/index.php?rest_route=\/wp\/v2\/posts\/8496\/revisions\/8497"}],"wp:attachment":[{"href":"https:\/\/www.friedenkoeln.de\/index.php?rest_route=%2Fwp%2Fv2%2Fmedia&parent=8496"}],"wp:term":[{"taxonomy":"category","embeddable":true,"href":"https:\/\/www.friedenkoeln.de\/index.php?rest_route=%2Fwp%2Fv2%2Fcategories&post=8496"},{"taxonomy":"post_tag","embeddable":true,"href":"https:\/\/www.friedenkoeln.de\/index.php?rest_route=%2Fwp%2Fv2%2Ftags&post=8496"}],"curies":[{"name":"wp","href":"https:\/\/api.w.org\/{rel}","templated":true}]}}