{"id":8505,"date":"2015-07-05T23:13:48","date_gmt":"2015-07-05T21:13:48","guid":{"rendered":"http:\/\/www.friedenkoeln.de\/?p=8505"},"modified":"2015-07-05T23:13:48","modified_gmt":"2015-07-05T21:13:48","slug":"friedensfahrradtour-kommt-am-5-8-nach-koeln","status":"publish","type":"post","link":"https:\/\/www.friedenkoeln.de\/?p=8505","title":{"rendered":"Friedensfahrradtour kommt am 5. 8. nach K\u00f6ln"},"content":{"rendered":"<p class=\"western\" style=\"text-align: center;\"><a href=\"http:\/\/www.friedenkoeln.de\/wp-content\/uploads\/2015\/05\/DFG-FFT2014-wu-89.jpg\" data-id=\"8356\" data-rel=\"lightbox-image-0\" data-rl_title=\"\" data-rl_caption=\"\" title=\"\"><img loading=\"lazy\" decoding=\"async\" class=\"alignnone size-medium wp-image-8356\" src=\"http:\/\/www.friedenkoeln.de\/wp-content\/uploads\/2015\/05\/DFG-FFT2014-wu-89-320x190.jpg\" alt=\"DFG-FFT2014-wu (89)\" width=\"320\" height=\"190\" \/><\/a><\/p>\n<p class=\"western\"><span style=\"font-size: medium;\">Auf unsere<\/span><span style=\"font-size: medium;\">r<\/span><span style=\"font-size: medium;\"> diesj\u00e4hrige<\/span><span style=\"font-size: medium;\">n<\/span> <span style=\"font-size: medium;\"><b>Aktions-<\/b><\/span><span style=\"font-size: medium;\"><b>FriedensFahrradTour<\/b><\/span><span style=\"font-size: medium;\"> NRW vom 1. &#8211; 9. Aug. von M\u00fcnster zum Atomwaffenst\u00fctzpunkt B\u00fcchel kommen wir am 5. Aug. nach K\u00f6ln und fahren am 6. Aug. weiter \u00fcber Bonn nach Remagen:<\/span><\/p>\n<p class=\"western\"><span style=\"font-size: medium;\"><b>5.8. von Krefeld \u00fcber Neu\u00df nach K\u00f6ln.<\/b><\/span><\/p>\n<p class=\"western\"><span style=\"font-size: medium;\">ca. 15.15 Uhr Milit\u00e4rringstra\u00dfe,<\/span><\/p>\n<p class=\"western\"><span style=\"font-size: medium;\">ca. 16 Uhr Forum Ziviler Friedensdienst, Am K\u00f6lner Brett 8, K.-Ehrenfeld,<\/span><\/p>\n<p class=\"western\"><span style=\"font-family: Arial Narrow,serif;\"><span style=\"font-size: medium;\">ca. 19 h Jugendherberge K.-Riehl, <\/span><\/span><\/p>\n<p class=\"western\"><span style=\"font-family: Arial Narrow,serif;\"><span style=\"font-size: medium;\">ca. 20.15 Deserteursdenkmal an der Burgmauer,<\/span><\/span><\/p>\n<p class=\"western\"><span style=\"font-size: medium;\">ca. 20.30 Uhr Hiroshima-Nagasaki-Park (Hiroshima-Gedenkaktion)<\/span><\/p>\n<p class=\"western\"><span style=\"font-size: medium;\">ca. 22 -24 Uhr Lichteraktion auf dem Aachener Weiher<\/span><\/p>\n<p class=\"western\"><span style=\"font-size: medium;\"><b>6.8. K\u00f6ln 10 -11 Uhr Flugblattaktion vor der Gamescom in K\u00f6ln-Deutz<\/b><\/span><\/p>\n<p class=\"western\"><span style=\"font-size: medium;\"><b>Ihr k\u00f6nnt eine, mehrere oder alle Etappen mitradeln!<\/b><\/span><\/p>\n<p class=\"western\"><span style=\"font-size: medium;\">Informationen zum aktuellen Planungsstand und zu den Anmeldeformalit\u00e4ten findet Ihr im Internet auf der Homepage der DFG-VK NRW: <\/span><a href=\"http:\/\/www.nrw.dfg-vk.de\"><span style=\"font-size: medium;\">www.nrw.dfg-vk.de<\/span><\/a><\/p>\n<p class=\"western\"><span style=\"font-size: medium;\">(telefonisch oder per E-Mail auch bei Michael S\u00fcnner 0174 9509932, michael.suenner@netcologne.de)<\/span><\/p>\n<p class=\"western\"><span style=\"text-decoration: underline;\"><span style=\"font-size: medium;\"><b>FriedensFahrradTour NRW 2015<\/b><\/span><\/span><\/p>\n<p class=\"western\"><b><span style=\"font-size: small;\">Zukunft Sichern \u2013 Abr\u00fcsten!<\/span><\/b><\/p>\n<p class=\"western\"><span style=\"font-family: Arial Narrow,serif;\"><span style=\"font-size: medium;\"><b>70 Jahre Hiroshima und Nagasaki:<\/b><\/span><\/span> <span style=\"font-family: Arial Narrow,serif;\"><span style=\"font-size: medium;\"><b>F\u00fcr Frieden, atomare Abr\u00fcstung und ein ziviles Europa!<\/b><\/span><\/span><\/p>\n<p class=\"western\">\u2022 <span style=\"font-size: small;\">Kein Krieg in meinem Namen<\/span><\/p>\n<p class=\"western\">\u2022 <span style=\"font-size: small;\">Friedensarbeiter statt Soldaten<\/span><\/p>\n<p class=\"western\">\u2022 <span style=\"font-size: small;\">Atomwaffen \u00e4chten<\/span><\/p>\n<p class=\"western\">\u2022 <span style=\"font-size: small;\">Grenzen \u00f6ffnen f\u00fcr Menschen, f\u00fcr R\u00fcstung schlie\u00dfen<\/span><\/p>\n<p class=\"western\">\u2022 <span style=\"font-size: small;\">Geld f\u00fcr Soziales, nicht f\u00fcr R\u00fcstung<\/span><\/p>\n<p class=\"western\">\n","protected":false},"excerpt":{"rendered":"<p>Auf unserer diesj\u00e4hrigen Aktions-FriedensFahrradTour NRW vom 1. &#8211; 9. Aug. von M\u00fcnster zum Atomwaffenst\u00fctzpunkt B\u00fcchel kommen wir am 5. Aug. nach K\u00f6ln und fahren am 6. Aug. weiter \u00fcber Bonn nach Remagen: 5.8. von&#46;&#46;&#46;<\/p>\n","protected":false},"author":110,"featured_media":8506,"comment_status":"open","ping_status":"open","sticky":false,"template":"","format":"standard","meta":{"footnotes":""},"categories":[2],"tags":[],"class_list":["post-8505","post","type-post","status-publish","format-standard","has-post-thumbnail","hentry","category-aktionen"],"_links":{"self":[{"href":"https:\/\/www.friedenkoeln.de\/index.php?rest_route=\/wp\/v2\/posts\/8505","targetHints":{"allow":["GET"]}}],"collection":[{"href":"https:\/\/www.friedenkoeln.de\/index.php?rest_route=\/wp\/v2\/posts"}],"about":[{"href":"https:\/\/www.friedenkoeln.de\/index.php?rest_route=\/wp\/v2\/types\/post"}],"author":[{"embeddable":true,"href":"https:\/\/www.friedenkoeln.de\/index.php?rest_route=\/wp\/v2\/users\/110"}],"replies":[{"embeddable":true,"href":"https:\/\/www.friedenkoeln.de\/index.php?rest_route=%2Fwp%2Fv2%2Fcomments&post=8505"}],"version-history":[{"count":1,"href":"https:\/\/www.friedenkoeln.de\/index.php?rest_route=\/wp\/v2\/posts\/8505\/revisions"}],"predecessor-version":[{"id":8507,"href":"https:\/\/www.friedenkoeln.de\/index.php?rest_route=\/wp\/v2\/posts\/8505\/revisions\/8507"}],"wp:featuredmedia":[{"embeddable":true,"href":"https:\/\/www.friedenkoeln.de\/index.php?rest_route=\/wp\/v2\/media\/8506"}],"wp:attachment":[{"href":"https:\/\/www.friedenkoeln.de\/index.php?rest_route=%2Fwp%2Fv2%2Fmedia&parent=8505"}],"wp:term":[{"taxonomy":"category","embeddable":true,"href":"https:\/\/www.friedenkoeln.de\/index.php?rest_route=%2Fwp%2Fv2%2Fcategories&post=8505"},{"taxonomy":"post_tag","embeddable":true,"href":"https:\/\/www.friedenkoeln.de\/index.php?rest_route=%2Fwp%2Fv2%2Ftags&post=8505"}],"curies":[{"name":"wp","href":"https:\/\/api.w.org\/{rel}","templated":true}]}}