{"id":8514,"date":"2015-07-09T21:18:04","date_gmt":"2015-07-09T19:18:04","guid":{"rendered":"http:\/\/www.friedenkoeln.de\/?p=8514"},"modified":"2015-07-09T21:28:01","modified_gmt":"2015-07-09T19:28:01","slug":"hiroshima-ak-offener-brief-an-frau-reker","status":"publish","type":"post","link":"https:\/\/www.friedenkoeln.de\/?p=8514","title":{"rendered":"Hiroshima-AK: Offener Brief an Frau Reker"},"content":{"rendered":"<h4 class=\"western\">Hiroshima-Nagasaki-Arbeitskreis\u00a0 <span style=\"font-size: medium;\">im K\u00f6lner Friedensforum<\/span><\/h4>\n<p><span style=\"font-family: Times New Roman,serif;\"><span style=\"font-size: small;\"><span style=\"font-family: Arial Narrow,sans-serif;\"><span style=\"font-size: medium;\"><b><span id=\"Rahmen2\" dir=\"ltr\">A<\/span>tomwaffen abschaffen \u2013 weltweit!<\/b><\/span><\/span><\/span><\/span><\/p>\n<p style=\"text-align: right;\"><a href=\"http:\/\/www.friedenkoeln.de\/wp-content\/uploads\/2015\/07\/kranich.png\" data-id=\"8515\" data-rel=\"lightbox-image-0\" data-rl_title=\"\" data-rl_caption=\"\" title=\"\"><img loading=\"lazy\" decoding=\"async\" class=\"alignnone size-full wp-image-8515\" src=\"http:\/\/www.friedenkoeln.de\/wp-content\/uploads\/2015\/07\/kranich.png\" alt=\"kranich\" width=\"158\" height=\"135\" \/><\/a><\/p>\n<p class=\"western\"><span style=\"font-family: Times New Roman,serif;\"><span style=\"font-size: small;\">Frau<br \/>\nHenriette Reker<\/span><\/span><\/p>\n<p class=\"western\"><span style=\"font-family: Times New Roman,serif;\"><span style=\"font-size: small;\">Am Hof 20 &#8211; 26<\/span><\/span><\/p>\n<p class=\"western\"><span style=\"font-family: Times New Roman,serif;\"><span style=\"font-size: small;\">50667 K\u00f6ln<\/span><\/span><\/p>\n<p class=\"western\"><span style=\"font-family: Times New Roman,serif;\"><span style=\"font-size: small;\"> 22.. 06. 2015<\/span><\/span><\/p>\n<p class=\"western\"><span style=\"font-family: Times New Roman,serif;\"><span style=\"font-size: medium;\">Sehr geehrte Frau Reker,<\/span><\/span><\/p>\n<p class=\"western\"><span style=\"font-family: Times New Roman,serif;\"><span style=\"font-size: medium;\">wir sind einer von vielen Zusammenschl\u00fcssen in Deutschland, deren Thema die Abschaffung aller Atomwaffen ist. Das ist auch das Ziel der weltweiten Vereinigung \u201eMayors for Peace\u201c &#8211; gegr\u00fcndet vom B\u00fcrgermeister von Hiroshima &#8211; der K\u00f6lner Oberb\u00fcrgermeister geh\u00f6rt ihr seit 1985 an. <\/span><\/span><\/p>\n<p class=\"western\"><span style=\"font-family: Times New Roman,serif;\"><span style=\"font-size: medium;\">Auch Sie w\u00fcrden also im Falle Ihrer Wahl ab dem 13. September 2015 eine \u201eB\u00fcrgermeisterin f\u00fcr den Frieden\u201c sein und zusammen mit 434 deutschen und 6706 internationalen Kolleginnen und Kollegen Ihre Kr\u00e4fte und M\u00f6glichkeiten nutzen, um dem Ziel einer atomwaffenfreien Welt n\u00e4her zu kommen. <\/span><\/span><\/p>\n<p class=\"western\"><span style=\"font-family: Times New Roman,serif;\"><span style=\"font-size: small;\"><span style=\"font-size: medium;\">Welche Aktivit\u00e4ten k\u00f6nnen Sie sich in diesem Zusammenhang vorstellen? Unsere Vorschl\u00e4ge w\u00e4ren da: Auf Ihrer Homepage den Mayors for Peace einen Platz einr\u00e4umen. Einen Mitarbeiter\/eine Mitarbeiterin mit diesem Thema befassen, es in die Stellenbeschreibung aufnehmen. Eine j\u00e4hrliche Spende f\u00fcr die deutsche Vereinigung der Mayors for Peace in Ihrem Budget vorsehen. Den Einsatz f\u00fcr eine atomwaffenfreie Zukunft als Teil Ihrer F\u00fcrsorge f\u00fcr das Wohl der K\u00f6lner Menschen betrachten. Den Titel <\/span><span style=\"color: #4f81bd;\"><span style=\"font-size: medium;\">Mayor for Peace<\/span><\/span> <span style=\"font-size: medium;\">in Ihrem Briefkopf f\u00fchren. J\u00e4hrlich am 8. Juli die Friedensflagge der Mayors for Peace am Rathaus hissen zur Erinnerung an das Urteil des Internationalen Gerichtshofs vom 8.7.1996. <\/span><\/span><\/span><\/p>\n<p class=\"western\"><span style=\"font-family: Times New Roman,serif;\"><span style=\"font-size: medium;\">Wir m\u00f6chten Sie gegebenenfalls bei allen Ihren Schritten auf dem Weg zu einer atomwaffen-freien Zukunft gern unterst\u00fctzen und begleiten.<\/span><\/span><\/p>\n<p class=\"western\"><span style=\"font-family: Times New Roman,serif;\"><span style=\"font-size: medium;\">Ihrer Antwort sehen wir mit Interesse entgegen.<\/span><\/span><\/p>\n<p class=\"western\"><span style=\"font-family: Times New Roman,serif;\"><span style=\"font-size: medium;\">Mit freundlichen Gr\u00fc\u00dfen<\/span><\/span><\/p>\n<p class=\"western\"><span style=\"font-family: Times New Roman,serif;\"><span style=\"font-size: medium;\">AK Hiroshima-Nagasaki im K\u00f6lner Friedensforum<\/span><\/span><\/p>\n<p class=\"western\"><span style=\"font-family: Times New Roman,serif;\"><span style=\"font-size: medium;\">i.A. <\/span><\/span><\/p>\n<p class=\"western\"><span style=\"font-family: Times New Roman,serif;\"><span style=\"font-size: small;\"><span style=\"font-size: medium;\">Anlage: Flyer AKHN<\/span><\/span><\/span><\/p>\n","protected":false},"excerpt":{"rendered":"<p>Hiroshima-Nagasaki-Arbeitskreis\u00a0 im K\u00f6lner Friedensforum Atomwaffen abschaffen \u2013 weltweit! Frau Henriette Reker Am Hof 20 &#8211; 26 50667 K\u00f6ln 22.. 06. 2015 Sehr geehrte Frau Reker, wir sind einer von vielen Zusammenschl\u00fcssen in Deutschland, deren&#46;&#46;&#46;<\/p>\n","protected":false},"author":110,"featured_media":8515,"comment_status":"open","ping_status":"open","sticky":false,"template":"","format":"standard","meta":{"footnotes":""},"categories":[2],"tags":[33,27],"class_list":["post-8514","post","type-post","status-publish","format-standard","has-post-thumbnail","hentry","category-aktionen","tag-atomwaffen","tag-kultur"],"_links":{"self":[{"href":"https:\/\/www.friedenkoeln.de\/index.php?rest_route=\/wp\/v2\/posts\/8514","targetHints":{"allow":["GET"]}}],"collection":[{"href":"https:\/\/www.friedenkoeln.de\/index.php?rest_route=\/wp\/v2\/posts"}],"about":[{"href":"https:\/\/www.friedenkoeln.de\/index.php?rest_route=\/wp\/v2\/types\/post"}],"author":[{"embeddable":true,"href":"https:\/\/www.friedenkoeln.de\/index.php?rest_route=\/wp\/v2\/users\/110"}],"replies":[{"embeddable":true,"href":"https:\/\/www.friedenkoeln.de\/index.php?rest_route=%2Fwp%2Fv2%2Fcomments&post=8514"}],"version-history":[{"count":2,"href":"https:\/\/www.friedenkoeln.de\/index.php?rest_route=\/wp\/v2\/posts\/8514\/revisions"}],"predecessor-version":[{"id":8519,"href":"https:\/\/www.friedenkoeln.de\/index.php?rest_route=\/wp\/v2\/posts\/8514\/revisions\/8519"}],"wp:featuredmedia":[{"embeddable":true,"href":"https:\/\/www.friedenkoeln.de\/index.php?rest_route=\/wp\/v2\/media\/8515"}],"wp:attachment":[{"href":"https:\/\/www.friedenkoeln.de\/index.php?rest_route=%2Fwp%2Fv2%2Fmedia&parent=8514"}],"wp:term":[{"taxonomy":"category","embeddable":true,"href":"https:\/\/www.friedenkoeln.de\/index.php?rest_route=%2Fwp%2Fv2%2Fcategories&post=8514"},{"taxonomy":"post_tag","embeddable":true,"href":"https:\/\/www.friedenkoeln.de\/index.php?rest_route=%2Fwp%2Fv2%2Ftags&post=8514"}],"curies":[{"name":"wp","href":"https:\/\/api.w.org\/{rel}","templated":true}]}}