{"id":8517,"date":"2015-07-09T21:26:48","date_gmt":"2015-07-09T19:26:48","guid":{"rendered":"http:\/\/www.friedenkoeln.de\/?p=8517"},"modified":"2015-07-09T21:26:48","modified_gmt":"2015-07-09T19:26:48","slug":"flaggentag-der-mayors-for-peace-friedensgruppen-wenden-sich-an-ob-roters","status":"publish","type":"post","link":"https:\/\/www.friedenkoeln.de\/?p=8517","title":{"rendered":"Flaggentag der Mayors for Peace: Friedensgruppen wenden sich an OB Roters"},"content":{"rendered":"<p class=\"western\">OFFENER BRIEF<\/p>\n<p class=\"western\">an den Oberb\u00fcrgermeister der Stadt K\u00f6ln K\u00f6ln, 8.7.2015<\/p>\n<p class=\"western\">Historisches Rathaus<\/p>\n<p class=\"western\">50667 K\u00f6ln<\/p>\n<p class=\"western\">Sehr geehrter Herr Oberb\u00fcrgermeister der Stadt K\u00f6ln,<\/p>\n<p><span style=\"font-family: Times New Roman,serif;\"><span style=\"font-size: medium;\">Wir begr\u00fc\u00dfen, dass Sie \u2013 vertreten durch Herrn B\u00fcrgermeister Dr. Heinen \u2013 am 8. 7. aus Anlass des Flaggentages der Mayors for Peace einen Empfang geben.<\/span><\/span><\/p>\n<p><span style=\"font-family: Times New Roman,serif;\"><span style=\"font-size: medium;\">Werden Sie in den kommenden Jahren sich auch sichtbar an der allj\u00e4hrlichen Aktion der Mayors for Peace beteiligen und vom K\u00f6lner Rathaus und den Bezirksrath\u00e4usern die Friedensfahne wehen lassen?<\/span><\/span><\/p>\n<p><span style=\"font-family: Times New Roman,serif;\"><span style=\"font-size: medium;\">Im Zusammenhang mit diesem Anlass und in Sorge wegen der weltweiten Beteiligung deutschen Milit\u00e4rs an vielen Kriegen sowie der Verstrickung der BRD-Regierung im Ukraine-Konflikt wenden wir \u2013 K\u00f6lner Friedensgruppen \u2013 uns an Sie mit der Frage:<\/span><\/span><\/p>\n<p><span style=\"font-family: Times New Roman,serif;\"><span style=\"font-size: medium;\">&#8211; Welche M\u00f6glichkeiten sehen Sie als \u201eMayor for Peace\u201c, um aus K\u00f6ln in der Zukunft zur Kriegspr\u00e4vention beizutragen? <\/span><\/span><\/p>\n<p class=\"western\">Wir haben dazu einige Vorschl\u00e4ge, darunter:<\/p>\n<p class=\"western\">&#8211; Setzen Sie sich f\u00fcr den Abzug der US-Atomwaffen in unserer Nachbarschaft, in B\u00fcchel bei Cochem an der Mosel, ein \u2013 der Bundestag hat diese Forderung bereits beschlossen. Dieser Beschluss blieb aber leider bis jetzt Makulatur. Die USA haben im Gegenteil die Modernisierung ihrer dort stationierten A-Waffen beschlossen, und die Bundesregierung h\u00e4lt an ihrer \u201enuklearen Teilhabe\u201c fest. T\u00e4glich \u00fcben Bundeswehrpiloten hier den Atombomben-Einsatz. Es w\u00e4re gut, wenn Sie den B\u00fcrgermeister von B\u00fcchel einladen k\u00f6nnten, sich den \u201eMayors for Peace\u201c anzuschlie\u00dfen.<\/p>\n<p class=\"western\">&#8211; Als \u201eMayor for Peace\u201c k\u00f6nnten Sie Ihren Einfluss f\u00fcr eine friedensfreundlichere Stadt K\u00f6ln geltend machen:<\/p>\n<p class=\"western\"><span style=\"text-decoration: line-through;\">&#8211;<\/span> <span style=\"color: #008000;\">Sorgen <\/span>Sie als Aufsichtratsvorsitzender der K\u00f6ln Messe AG daf\u00fcr, dass die Hightech-Waffenmesse \u201eItec\u201c nicht mehr in K\u00f6ln stattfindet.<\/p>\n<p class=\"western\">&#8211; Verweigern Sie der Propaganda-Offensive der Bundeswehr zwecks Rekrutierung von Nachwuchs die Unterst\u00fctzung: kein Milit\u00e4r-Auftritt bei K\u00f6lner Messen f\u00fcr Sch\u00fcler und Jugendliche (Didacta, Gamescom, Einstieg Abi etc.)<\/p>\n<p class=\"western\">&#8211; Versuchen Sie Milit\u00e4rmusik-Veranstaltungen \u2013 Bundeswehr-Konzerte in der Philharmonie oder K\u00f6ln-Arena \u2013 zu unterbinden.<\/p>\n<p class=\"western\">&#8211; Beenden Sie die unselige Tradition der Wehrmacht auf K\u00f6lner Boden: keine \u00f6ffentlichen Soldaten-Gel\u00f6bnisse in K\u00f6ln!<\/p>\n<p class=\"western\">&#8211; Kriegerdenkm\u00e4ler wie \u201eUnseren Helden\u201c der deutschen Angriffskriege 1914-18 und 1939-1945 etwa in Z\u00fcndorf oder Gedenktafeln f\u00fcr \u201egefallene\u201c deutsche Soldaten im Friedenspark sowie des Beiboots der \u201eFregatte K\u00f6ln\u201c am Eigelstein sind so nicht hinnehmbar.<\/p>\n<p class=\"western\">F\u00fcr Gespr\u00e4che \u00fcber diese und weitere geeignete Initiativen stehen wir gerne zur Verf\u00fcgung.<\/p>\n<p class=\"western\"><span style=\"font-size: small;\">Kontakt: <\/span><\/p>\n<p><span style=\"font-size: small;\">Ariane Dettloff, DFG\/VK Gruppe K\u00f6ln, c\/o Friedensbildungswerk K\u00f6ln, Obenmarspforten 7 \u2013 11, 50667 K\u00f6ln<\/span><\/p>\n<p class=\"western\"><span style=\"font-size: small;\">Reiner Schmidt, bundeswehr wegtreten, c\/o <\/span><span style=\"font-size: xx-small;\">Autonomes Zentrum K\u00f6ln, Luxemburger Str. 93, 50674 K\u00f6ln<\/span><\/p>\n","protected":false},"excerpt":{"rendered":"<p>OFFENER BRIEF an den Oberb\u00fcrgermeister der Stadt K\u00f6ln K\u00f6ln, 8.7.2015 Historisches Rathaus 50667 K\u00f6ln Sehr geehrter Herr Oberb\u00fcrgermeister der Stadt K\u00f6ln, Wir begr\u00fc\u00dfen, dass Sie \u2013 vertreten durch Herrn B\u00fcrgermeister Dr. Heinen \u2013 am&#46;&#46;&#46;<\/p>\n","protected":false},"author":110,"featured_media":0,"comment_status":"open","ping_status":"open","sticky":false,"template":"","format":"standard","meta":{"footnotes":""},"categories":[],"tags":[33,32,27],"class_list":["post-8517","post","type-post","status-publish","format-standard","hentry","tag-atomwaffen","tag-information-diskussion","tag-kultur"],"_links":{"self":[{"href":"https:\/\/www.friedenkoeln.de\/index.php?rest_route=\/wp\/v2\/posts\/8517","targetHints":{"allow":["GET"]}}],"collection":[{"href":"https:\/\/www.friedenkoeln.de\/index.php?rest_route=\/wp\/v2\/posts"}],"about":[{"href":"https:\/\/www.friedenkoeln.de\/index.php?rest_route=\/wp\/v2\/types\/post"}],"author":[{"embeddable":true,"href":"https:\/\/www.friedenkoeln.de\/index.php?rest_route=\/wp\/v2\/users\/110"}],"replies":[{"embeddable":true,"href":"https:\/\/www.friedenkoeln.de\/index.php?rest_route=%2Fwp%2Fv2%2Fcomments&post=8517"}],"version-history":[{"count":1,"href":"https:\/\/www.friedenkoeln.de\/index.php?rest_route=\/wp\/v2\/posts\/8517\/revisions"}],"predecessor-version":[{"id":8518,"href":"https:\/\/www.friedenkoeln.de\/index.php?rest_route=\/wp\/v2\/posts\/8517\/revisions\/8518"}],"wp:attachment":[{"href":"https:\/\/www.friedenkoeln.de\/index.php?rest_route=%2Fwp%2Fv2%2Fmedia&parent=8517"}],"wp:term":[{"taxonomy":"category","embeddable":true,"href":"https:\/\/www.friedenkoeln.de\/index.php?rest_route=%2Fwp%2Fv2%2Fcategories&post=8517"},{"taxonomy":"post_tag","embeddable":true,"href":"https:\/\/www.friedenkoeln.de\/index.php?rest_route=%2Fwp%2Fv2%2Ftags&post=8517"}],"curies":[{"name":"wp","href":"https:\/\/api.w.org\/{rel}","templated":true}]}}