{"id":8536,"date":"2015-07-14T22:11:17","date_gmt":"2015-07-14T20:11:17","guid":{"rendered":"http:\/\/www.friedenkoeln.de\/?p=8536"},"modified":"2015-07-14T22:16:12","modified_gmt":"2015-07-14T20:16:12","slug":"raketenschild-nach-atomdeal-mit-iran-unnoetig","status":"publish","type":"post","link":"https:\/\/www.friedenkoeln.de\/?p=8536","title":{"rendered":"Raketenschild nach Atomdeal mit Iran unn\u00f6tig"},"content":{"rendered":"<pre><strong> Lawrow fordert von USA Stellungnahme\r\n<\/strong>\r\n\r\n  <a class=\"moz-txt-link-freetext\" href=\"http:\/\/de.sputniknews.com\/politik\/20150714\/303257408.html\">http:\/\/de.sputniknews.com\/politik\/20150714\/303257408.html\r\n<\/a>\r\n\r\nNach der historischen Einigung mit dem Iran f\u00e4llt der einzige Grund f\u00fcr\r\nden geplanten US-Raketenschild in Europa weg. Russlands Au\u00dfenminister\r\nSergej Lawrow hat nach den Atomverhandlungen in Wien von den USA eine\r\nStellungnahme gefordert.\r\n\r\n\u0084Alle erinnern sich daran, dass (der amerikanische) Pr\u00e4sident Obama im\r\nApril 2009 in Prag gesagt hat, dass der Aufbau des europ\u00e4ischen Segments\r\nder Raketenwehr nicht mehr n\u00f6tig w\u00e4re, sollte das iranische Atomproblem\r\ngel\u00f6st werden\u0093, sagte Lawrow nach dem Gespr\u00e4chsmarathon in Wien. \u0084Darauf\r\nmachen wir jetzt unsere amerikanischen Kollegen aufmerksam. Wir erwarten\r\nvon ihnen Reaktion.\u0093\r\n\r\nNach jahrelangen Verhandlungen haben sich die UN-Vetom\u00e4chte und\r\nDeutschland mit Iran auf ein historisches Atomabkommen geeinigt. Demnach\r\nreduziert der Iran sein Atomprogramm. Im Gegenzug sollen die Sanktionen\r\naufgehoben werden.\r\n\r\nDas umstrittene iranische Atomprogramm war bislang das einzige Argument,\r\nmit dem die USA den Aufbau ihres Raketenschildes in Osteuropa\r\nbegr\u00fcndeten. Die Vereinigten Staaten traten 2002 vom mit Russland\r\ngeschlossenen Vertrag zur Begrenzung der Raketenabwehrsysteme einseitig\r\nzur\u00fcck und k\u00fcndigten die Aufstellung von Abfangraketen und Radaranlagen\r\nin Osteuropa an \u0096 offenbar um russische Interkontinentalraketen abfangen\r\nzu k\u00f6nnen. Formell begr\u00fcndete Washington diese Pl\u00e4ne jedoch mit dem\r\nSchutz vor dem Iran, der wegen seiner Atom- und Raketenprogramme\r\ninternational unter Druck stand.\r\n\r\nDiese US-Pl\u00e4ne stie\u00dfen bei Russland auf Widerstand, weil die USA es\r\nablehnen, rechtsverbindlich zu garantieren, dass der entstehende\r\nRaketenschirm nicht Russlands Atomraketen zum Ziel hat. Moskau drohte\r\nals Gegenschritt in der Ostsee-Exklave Kaliningrad Kurzstreckenraketen\r\nvom Typ Iskander aufzustellen und weitere Pr\u00e4ventionsma\u00dfnahmen zu\r\nergreifen. Die jahrelangen ergebnislosen Verhandlungen mit Russland\r\nwurden im M\u00e4rz 2014 von den USA unter Verweis auf die Ukraine-Krise\r\nabgebrochen.\r\n\r\n\/Siehe auch:\/\r\n\r\nTrotz Atomdeal mit Iran: USA bauen am umstrittenen Raketenschild weiter\r\n<a href=\"http:\/\/&lt;http:\/\/de.sputniknews.com\/politik\/20150407\/301813289.html\">&lt;http:\/\/de.sputniknews.com\/politik\/20150407\/301813289.html&gt;\r\n&lt;https:\/\/twitter.com\/share&gt;\r\n<\/a>\r\nWilly Wimmer: Begr\u00fcndung f\u00fcr Raketenschirm ist Russland\r\n<a class=\"moz-txt-link-rfc2396E\" href=\"http:\/\/de.sputniknews.com\/politik\/20150521\/302420160.html\">&lt;http:\/\/de.sputniknews.com\/politik\/20150521\/302420160.html&gt;<\/a>\r\n<\/pre>\n","protected":false},"excerpt":{"rendered":"<p>Lawrow fordert von USA Stellungnahme http:\/\/de.sputniknews.com\/politik\/20150714\/303257408.html Nach der historischen Einigung mit dem Iran f\u00e4llt der einzige Grund f\u00fcr den geplanten US-Raketenschild in Europa weg. Russlands Au\u00dfenminister Sergej Lawrow hat nach den Atomverhandlungen in Wien&#46;&#46;&#46;<\/p>\n","protected":false},"author":110,"featured_media":0,"comment_status":"open","ping_status":"open","sticky":false,"template":"","format":"standard","meta":{"footnotes":""},"categories":[],"tags":[42,33],"class_list":["post-8536","post","type-post","status-publish","format-standard","hentry","tag-abruestung","tag-atomwaffen"],"_links":{"self":[{"href":"https:\/\/www.friedenkoeln.de\/index.php?rest_route=\/wp\/v2\/posts\/8536","targetHints":{"allow":["GET"]}}],"collection":[{"href":"https:\/\/www.friedenkoeln.de\/index.php?rest_route=\/wp\/v2\/posts"}],"about":[{"href":"https:\/\/www.friedenkoeln.de\/index.php?rest_route=\/wp\/v2\/types\/post"}],"author":[{"embeddable":true,"href":"https:\/\/www.friedenkoeln.de\/index.php?rest_route=\/wp\/v2\/users\/110"}],"replies":[{"embeddable":true,"href":"https:\/\/www.friedenkoeln.de\/index.php?rest_route=%2Fwp%2Fv2%2Fcomments&post=8536"}],"version-history":[{"count":3,"href":"https:\/\/www.friedenkoeln.de\/index.php?rest_route=\/wp\/v2\/posts\/8536\/revisions"}],"predecessor-version":[{"id":8539,"href":"https:\/\/www.friedenkoeln.de\/index.php?rest_route=\/wp\/v2\/posts\/8536\/revisions\/8539"}],"wp:attachment":[{"href":"https:\/\/www.friedenkoeln.de\/index.php?rest_route=%2Fwp%2Fv2%2Fmedia&parent=8536"}],"wp:term":[{"taxonomy":"category","embeddable":true,"href":"https:\/\/www.friedenkoeln.de\/index.php?rest_route=%2Fwp%2Fv2%2Fcategories&post=8536"},{"taxonomy":"post_tag","embeddable":true,"href":"https:\/\/www.friedenkoeln.de\/index.php?rest_route=%2Fwp%2Fv2%2Ftags&post=8536"}],"curies":[{"name":"wp","href":"https:\/\/api.w.org\/{rel}","templated":true}]}}